{"id":90995,"count":2,"description":"","link":"https:\/\/www.enerjigazetesi.ist\/en\/enerji-piyasas\u0131\/ab-ipa-enerji-sektoru-teknik-yardim-programi-faz-ii-projesi\/","name":"AB IPA Enerji Sekt\u00f6r\u00fc Teknik Yard\u0131m Program\u0131 Faz II Projesi","slug":"ab-ipa-enerji-sektoru-teknik-yardim-programi-faz-ii-projesi","taxonomy":"post_tag","meta":[],"_links":{"self":[{"href":"https:\/\/www.enerjigazetesi.ist\/en\/wp-json\/wp\/v2\/tags\/90995"}],"collection":[{"href":"https:\/\/www.enerjigazetesi.ist\/en\/wp-json\/wp\/v2\/tags"}],"about":[{"href":"https:\/\/www.enerjigazetesi.ist\/en\/wp-json\/wp\/v2\/taxonomies\/post_tag"}],"wp:post_type":[{"href":"https:\/\/www.enerjigazetesi.ist\/en\/wp-json\/wp\/v2\/posts?tags=90995"}],"curies":[{"name":"wp","href":"https:\/\/api.w.org\/{rel}","templated":true}]}}