{"id":87169,"count":1,"description":"","link":"https:\/\/www.enerjigazetesi.ist\/en\/enerji-piyasas\u0131\/gecmis-donem-igdas-faturasi-odeme\/","name":"ge\u00e7mi\u015f d\u00f6nem igda\u015f faturas\u0131 \u00f6deme","slug":"gecmis-donem-igdas-faturasi-odeme","taxonomy":"post_tag","meta":[],"_links":{"self":[{"href":"https:\/\/www.enerjigazetesi.ist\/en\/wp-json\/wp\/v2\/tags\/87169"}],"collection":[{"href":"https:\/\/www.enerjigazetesi.ist\/en\/wp-json\/wp\/v2\/tags"}],"about":[{"href":"https:\/\/www.enerjigazetesi.ist\/en\/wp-json\/wp\/v2\/taxonomies\/post_tag"}],"wp:post_type":[{"href":"https:\/\/www.enerjigazetesi.ist\/en\/wp-json\/wp\/v2\/posts?tags=87169"}],"curies":[{"name":"wp","href":"https:\/\/api.w.org\/{rel}","templated":true}]}}