{"id":81554,"count":1,"description":"","link":"https:\/\/www.enerjigazetesi.ist\/en\/enerji-piyasas\u0131\/uluslararasi-aydinlatma-elektrik-ekipmanlari-fuari-ve-kongresi\/","name":"Uluslararas\u0131 Ayd\u0131nlatma &amp; Elektrik Ekipmanlar\u0131 Fuar\u0131 ve Kongresi","slug":"uluslararasi-aydinlatma-elektrik-ekipmanlari-fuari-ve-kongresi","taxonomy":"post_tag","meta":[],"_links":{"self":[{"href":"https:\/\/www.enerjigazetesi.ist\/en\/wp-json\/wp\/v2\/tags\/81554"}],"collection":[{"href":"https:\/\/www.enerjigazetesi.ist\/en\/wp-json\/wp\/v2\/tags"}],"about":[{"href":"https:\/\/www.enerjigazetesi.ist\/en\/wp-json\/wp\/v2\/taxonomies\/post_tag"}],"wp:post_type":[{"href":"https:\/\/www.enerjigazetesi.ist\/en\/wp-json\/wp\/v2\/posts?tags=81554"}],"curies":[{"name":"wp","href":"https:\/\/api.w.org\/{rel}","templated":true}]}}