{"id":65972,"count":1,"description":"","link":"https:\/\/www.enerjigazetesi.ist\/en\/enerji-piyasas\u0131\/eurosolar-turkiye-yonetim-kurulu-uyesi-ahmet-ozer-kaliber\/","name":"Eurosolar T\u00fcrkiye Y\u00f6netim Kurulu \u00dcyesi Ahmet \u00d6zer KAL\u0130BER","slug":"eurosolar-turkiye-yonetim-kurulu-uyesi-ahmet-ozer-kaliber","taxonomy":"post_tag","meta":[],"_links":{"self":[{"href":"https:\/\/www.enerjigazetesi.ist\/en\/wp-json\/wp\/v2\/tags\/65972"}],"collection":[{"href":"https:\/\/www.enerjigazetesi.ist\/en\/wp-json\/wp\/v2\/tags"}],"about":[{"href":"https:\/\/www.enerjigazetesi.ist\/en\/wp-json\/wp\/v2\/taxonomies\/post_tag"}],"wp:post_type":[{"href":"https:\/\/www.enerjigazetesi.ist\/en\/wp-json\/wp\/v2\/posts?tags=65972"}],"curies":[{"name":"wp","href":"https:\/\/api.w.org\/{rel}","templated":true}]}}