{"id":64670,"count":2,"description":"","link":"https:\/\/www.enerjigazetesi.ist\/en\/enerji-piyasas\u0131\/iklim-degisikligi-baglaminda-turkiyede-tarimin-donusumunun-politik-ekolojisi\/","name":"\u0130klim De\u011fi\u015fikli\u011fi Ba\u011flam\u0131nda T\u00fcrkiye\u2019de Tar\u0131m\u0131n D\u00f6n\u00fc\u015f\u00fcm\u00fcn\u00fcn Politik Ekolojisi","slug":"iklim-degisikligi-baglaminda-turkiyede-tarimin-donusumunun-politik-ekolojisi","taxonomy":"post_tag","meta":[],"_links":{"self":[{"href":"https:\/\/www.enerjigazetesi.ist\/en\/wp-json\/wp\/v2\/tags\/64670"}],"collection":[{"href":"https:\/\/www.enerjigazetesi.ist\/en\/wp-json\/wp\/v2\/tags"}],"about":[{"href":"https:\/\/www.enerjigazetesi.ist\/en\/wp-json\/wp\/v2\/taxonomies\/post_tag"}],"wp:post_type":[{"href":"https:\/\/www.enerjigazetesi.ist\/en\/wp-json\/wp\/v2\/posts?tags=64670"}],"curies":[{"name":"wp","href":"https:\/\/api.w.org\/{rel}","templated":true}]}}