{"id":62423,"count":1,"description":"","link":"https:\/\/www.enerjigazetesi.ist\/en\/enerji-piyasas\u0131\/isci-ve-emekci-haberleri\/","name":"\u0130\u015f\u00e7i ve emek\u00e7i haberleri","slug":"isci-ve-emekci-haberleri","taxonomy":"post_tag","meta":[],"_links":{"self":[{"href":"https:\/\/www.enerjigazetesi.ist\/en\/wp-json\/wp\/v2\/tags\/62423"}],"collection":[{"href":"https:\/\/www.enerjigazetesi.ist\/en\/wp-json\/wp\/v2\/tags"}],"about":[{"href":"https:\/\/www.enerjigazetesi.ist\/en\/wp-json\/wp\/v2\/taxonomies\/post_tag"}],"wp:post_type":[{"href":"https:\/\/www.enerjigazetesi.ist\/en\/wp-json\/wp\/v2\/posts?tags=62423"}],"curies":[{"name":"wp","href":"https:\/\/api.w.org\/{rel}","templated":true}]}}