{"id":62417,"count":1,"description":"","link":"https:\/\/www.enerjigazetesi.ist\/en\/enerji-piyasas\u0131\/2019-enerji-ekonomisi-ve-dusuk-karbon-emisyonlu-kalkinma-forumu\/","name":"2019 Enerji Ekonomisi ve D\u00fc\u015f\u00fck Karbon Emisyonlu Kalk\u0131nma Forumu","slug":"2019-enerji-ekonomisi-ve-dusuk-karbon-emisyonlu-kalkinma-forumu","taxonomy":"post_tag","meta":[],"_links":{"self":[{"href":"https:\/\/www.enerjigazetesi.ist\/en\/wp-json\/wp\/v2\/tags\/62417"}],"collection":[{"href":"https:\/\/www.enerjigazetesi.ist\/en\/wp-json\/wp\/v2\/tags"}],"about":[{"href":"https:\/\/www.enerjigazetesi.ist\/en\/wp-json\/wp\/v2\/taxonomies\/post_tag"}],"wp:post_type":[{"href":"https:\/\/www.enerjigazetesi.ist\/en\/wp-json\/wp\/v2\/posts?tags=62417"}],"curies":[{"name":"wp","href":"https:\/\/api.w.org\/{rel}","templated":true}]}}