{"id":55952,"count":1,"description":"","link":"https:\/\/www.enerjigazetesi.ist\/en\/enerji-piyasas\u0131\/unfccc-birlesmis-milletler-iklim-degisikligi-25-taraflar-konferansi-cop-25\/","name":"UNFCCC Birle\u015fmi\u015f Milletler \u0130klim De\u011fi\u015fikli\u011fi 25.Taraflar Konferans\u0131 (COP 25)","slug":"unfccc-birlesmis-milletler-iklim-degisikligi-25-taraflar-konferansi-cop-25","taxonomy":"post_tag","meta":[],"_links":{"self":[{"href":"https:\/\/www.enerjigazetesi.ist\/en\/wp-json\/wp\/v2\/tags\/55952"}],"collection":[{"href":"https:\/\/www.enerjigazetesi.ist\/en\/wp-json\/wp\/v2\/tags"}],"about":[{"href":"https:\/\/www.enerjigazetesi.ist\/en\/wp-json\/wp\/v2\/taxonomies\/post_tag"}],"wp:post_type":[{"href":"https:\/\/www.enerjigazetesi.ist\/en\/wp-json\/wp\/v2\/posts?tags=55952"}],"curies":[{"name":"wp","href":"https:\/\/api.w.org\/{rel}","templated":true}]}}