{"id":54844,"count":6,"description":"","link":"https:\/\/www.enerjigazetesi.ist\/en\/enerji-piyasas\u0131\/12-uluslararasi-aydinlatma-elektrik-malzemeleri-fuari-ve-kongresi\/","name":"12. Uluslararas\u0131 Ayd\u0131nlatma &amp; Elektrik Malzemeleri Fuar\u0131 ve Kongresi","slug":"12-uluslararasi-aydinlatma-elektrik-malzemeleri-fuari-ve-kongresi","taxonomy":"post_tag","meta":[],"_links":{"self":[{"href":"https:\/\/www.enerjigazetesi.ist\/en\/wp-json\/wp\/v2\/tags\/54844"}],"collection":[{"href":"https:\/\/www.enerjigazetesi.ist\/en\/wp-json\/wp\/v2\/tags"}],"about":[{"href":"https:\/\/www.enerjigazetesi.ist\/en\/wp-json\/wp\/v2\/taxonomies\/post_tag"}],"wp:post_type":[{"href":"https:\/\/www.enerjigazetesi.ist\/en\/wp-json\/wp\/v2\/posts?tags=54844"}],"curies":[{"name":"wp","href":"https:\/\/api.w.org\/{rel}","templated":true}]}}