{"id":50413,"count":1,"description":"","link":"https:\/\/www.enerjigazetesi.ist\/en\/enerji-piyasas\u0131\/yerel-yonetimlerde-iklim-degisikligi-eylem-ve-uyum-planlari-paneli\/","name":"Yerel Y\u00f6netimlerde \u0130klim De\u011fi\u015fikli\u011fi Eylem ve Uyum Planlar\u0131 Paneli","slug":"yerel-yonetimlerde-iklim-degisikligi-eylem-ve-uyum-planlari-paneli","taxonomy":"post_tag","meta":[],"_links":{"self":[{"href":"https:\/\/www.enerjigazetesi.ist\/en\/wp-json\/wp\/v2\/tags\/50413"}],"collection":[{"href":"https:\/\/www.enerjigazetesi.ist\/en\/wp-json\/wp\/v2\/tags"}],"about":[{"href":"https:\/\/www.enerjigazetesi.ist\/en\/wp-json\/wp\/v2\/taxonomies\/post_tag"}],"wp:post_type":[{"href":"https:\/\/www.enerjigazetesi.ist\/en\/wp-json\/wp\/v2\/posts?tags=50413"}],"curies":[{"name":"wp","href":"https:\/\/api.w.org\/{rel}","templated":true}]}}