{"id":36886,"count":1,"description":"","link":"https:\/\/www.enerjigazetesi.ist\/en\/enerji-piyasas\u0131\/6-uluslararasi-akilli-sebekeler-ve-sehirler-kongre-ve-fuari\/","name":"6. Uluslararas\u0131 Ak\u0131ll\u0131 \u015eebekeler ve \u015eehirler Kongre ve Fuar\u0131","slug":"6-uluslararasi-akilli-sebekeler-ve-sehirler-kongre-ve-fuari","taxonomy":"post_tag","meta":[],"_links":{"self":[{"href":"https:\/\/www.enerjigazetesi.ist\/en\/wp-json\/wp\/v2\/tags\/36886"}],"collection":[{"href":"https:\/\/www.enerjigazetesi.ist\/en\/wp-json\/wp\/v2\/tags"}],"about":[{"href":"https:\/\/www.enerjigazetesi.ist\/en\/wp-json\/wp\/v2\/taxonomies\/post_tag"}],"wp:post_type":[{"href":"https:\/\/www.enerjigazetesi.ist\/en\/wp-json\/wp\/v2\/posts?tags=36886"}],"curies":[{"name":"wp","href":"https:\/\/api.w.org\/{rel}","templated":true}]}}