{"id":24882,"count":1,"description":"","link":"https:\/\/www.enerjigazetesi.ist\/en\/enerji-piyasas\u0131\/tuzla-ve-uskudarin-bazi-mahallelerinde-15-agustosta-elektrik-kesintisi-uygulanacak\/","name":"Tuzla ve \u00dcsk\u00fcdar'\u0131n baz\u0131 mahallelerinde 15 A\u011fustos'ta elektrik kesintisi uygulanacak","slug":"tuzla-ve-uskudarin-bazi-mahallelerinde-15-agustosta-elektrik-kesintisi-uygulanacak","taxonomy":"post_tag","meta":[],"_links":{"self":[{"href":"https:\/\/www.enerjigazetesi.ist\/en\/wp-json\/wp\/v2\/tags\/24882"}],"collection":[{"href":"https:\/\/www.enerjigazetesi.ist\/en\/wp-json\/wp\/v2\/tags"}],"about":[{"href":"https:\/\/www.enerjigazetesi.ist\/en\/wp-json\/wp\/v2\/taxonomies\/post_tag"}],"wp:post_type":[{"href":"https:\/\/www.enerjigazetesi.ist\/en\/wp-json\/wp\/v2\/posts?tags=24882"}],"curies":[{"name":"wp","href":"https:\/\/api.w.org\/{rel}","templated":true}]}}