{"id":24495,"count":0,"description":"","link":"https:\/\/www.enerjigazetesi.ist\/en\/enerji-piyasas\u0131\/5-gwlik-bir-solar-portfoy-satin-aldi-2015-ikinci-ceyregi-finansal-sonuclarini-degerlendirdigi-bir-tele-konferans-sirasinda-konusan-sunpower-baskani-ve-ceosu-tom-werner\/","name":"5 GWl\u0131k bir solar portf\u00f6y sat\u0131n ald\u0131. 2015 ikinci \u00e7eyre\u011fi finansal sonu\u00e7lar\u0131n\u0131 de\u011ferlendirdi\u011fi bir tele-konferans s\u0131ras\u0131nda konu\u015fan SunPower Ba\u015fkan\u0131 ve CEO'su Tom Werner","slug":"5-gwlik-bir-solar-portfoy-satin-aldi-2015-ikinci-ceyregi-finansal-sonuclarini-degerlendirdigi-bir-tele-konferans-sirasinda-konusan-sunpower-baskani-ve-ceosu-tom-werner","taxonomy":"post_tag","meta":[],"_links":{"self":[{"href":"https:\/\/www.enerjigazetesi.ist\/en\/wp-json\/wp\/v2\/tags\/24495"}],"collection":[{"href":"https:\/\/www.enerjigazetesi.ist\/en\/wp-json\/wp\/v2\/tags"}],"about":[{"href":"https:\/\/www.enerjigazetesi.ist\/en\/wp-json\/wp\/v2\/taxonomies\/post_tag"}],"wp:post_type":[{"href":"https:\/\/www.enerjigazetesi.ist\/en\/wp-json\/wp\/v2\/posts?tags=24495"}],"curies":[{"name":"wp","href":"https:\/\/api.w.org\/{rel}","templated":true}]}}