{"id":117224,"count":0,"description":"","link":"https:\/\/www.enerjigazetesi.ist\/en\/enerji-piyasas\u0131\/turkiyenin-yesil-donusume-katki-saglayacak-onemli-bir-projeye-daha-basliyor\/","name":"T\u00fcrkiye\u2019nin ye\u015fil d\u00f6n\u00fc\u015f\u00fcme katk\u0131 sa\u011flayacak \u00f6nemli bir projeye daha ba\u015fl\u0131yor","slug":"turkiyenin-yesil-donusume-katki-saglayacak-onemli-bir-projeye-daha-basliyor","taxonomy":"post_tag","meta":[],"_links":{"self":[{"href":"https:\/\/www.enerjigazetesi.ist\/en\/wp-json\/wp\/v2\/tags\/117224"}],"collection":[{"href":"https:\/\/www.enerjigazetesi.ist\/en\/wp-json\/wp\/v2\/tags"}],"about":[{"href":"https:\/\/www.enerjigazetesi.ist\/en\/wp-json\/wp\/v2\/taxonomies\/post_tag"}],"wp:post_type":[{"href":"https:\/\/www.enerjigazetesi.ist\/en\/wp-json\/wp\/v2\/posts?tags=117224"}],"curies":[{"name":"wp","href":"https:\/\/api.w.org\/{rel}","templated":true}]}}