{"id":116079,"count":0,"description":"","link":"https:\/\/www.enerjigazetesi.ist\/en\/enerji-piyasas\u0131\/enerjisa-enerji-ceosu-ve-esarj-yonetim-kurulu-baskani-murat-pinar\/","name":"Enerjisa Enerji CEO\u2019su ve\u00a0E\u015farj Y\u00f6netim Kurulu Ba\u015fkan\u0131 Murat P\u0131nar","slug":"enerjisa-enerji-ceosu-ve-esarj-yonetim-kurulu-baskani-murat-pinar","taxonomy":"post_tag","meta":[],"_links":{"self":[{"href":"https:\/\/www.enerjigazetesi.ist\/en\/wp-json\/wp\/v2\/tags\/116079"}],"collection":[{"href":"https:\/\/www.enerjigazetesi.ist\/en\/wp-json\/wp\/v2\/tags"}],"about":[{"href":"https:\/\/www.enerjigazetesi.ist\/en\/wp-json\/wp\/v2\/taxonomies\/post_tag"}],"wp:post_type":[{"href":"https:\/\/www.enerjigazetesi.ist\/en\/wp-json\/wp\/v2\/posts?tags=116079"}],"curies":[{"name":"wp","href":"https:\/\/api.w.org\/{rel}","templated":true}]}}