{"id":113928,"count":1,"description":"","link":"https:\/\/www.enerjigazetesi.ist\/en\/enerji-piyasas\u0131\/14-iklim-degisikligi-ve-doga-konferansi\/","name":"14. \u0130klim De\u011fi\u015fikli\u011fi ve Do\u011fa Konferans\u0131","slug":"14-iklim-degisikligi-ve-doga-konferansi","taxonomy":"post_tag","meta":[],"_links":{"self":[{"href":"https:\/\/www.enerjigazetesi.ist\/en\/wp-json\/wp\/v2\/tags\/113928"}],"collection":[{"href":"https:\/\/www.enerjigazetesi.ist\/en\/wp-json\/wp\/v2\/tags"}],"about":[{"href":"https:\/\/www.enerjigazetesi.ist\/en\/wp-json\/wp\/v2\/taxonomies\/post_tag"}],"wp:post_type":[{"href":"https:\/\/www.enerjigazetesi.ist\/en\/wp-json\/wp\/v2\/posts?tags=113928"}],"curies":[{"name":"wp","href":"https:\/\/api.w.org\/{rel}","templated":true}]}}