{"id":111104,"count":1,"description":"","link":"https:\/\/www.enerjigazetesi.ist\/en\/enerji-piyasas\u0131\/dagitim-sebekeleri-icin-esnekligin-saglanmasi\/","name":"Da\u011f\u0131t\u0131m \u015eebekeleri i\u00e7in Esnekli\u011fin Sa\u011flanmas\u0131","slug":"dagitim-sebekeleri-icin-esnekligin-saglanmasi","taxonomy":"post_tag","meta":[],"_links":{"self":[{"href":"https:\/\/www.enerjigazetesi.ist\/en\/wp-json\/wp\/v2\/tags\/111104"}],"collection":[{"href":"https:\/\/www.enerjigazetesi.ist\/en\/wp-json\/wp\/v2\/tags"}],"about":[{"href":"https:\/\/www.enerjigazetesi.ist\/en\/wp-json\/wp\/v2\/taxonomies\/post_tag"}],"wp:post_type":[{"href":"https:\/\/www.enerjigazetesi.ist\/en\/wp-json\/wp\/v2\/posts?tags=111104"}],"curies":[{"name":"wp","href":"https:\/\/api.w.org\/{rel}","templated":true}]}}