{"id":9984,"date":"2013-04-23T11:08:20","date_gmt":"2013-04-23T08:08:20","guid":{"rendered":"https:\/\/www.enerjigazetesi.ist\/?p=9984"},"modified":"2013-04-23T11:12:13","modified_gmt":"2013-04-23T08:12:13","slug":"eskisehirde-sanayide-enerji-verimliligi-paneli","status":"publish","type":"post","link":"https:\/\/www.enerjigazetesi.ist\/en\/eskisehirde-sanayide-enerji-verimliligi-paneli\/","title":{"rendered":"(Turkish) Eski\u015fehir`de Sanayide Enerji Verimlili\u011fi Paneli&#8230;"},"content":{"rendered":"<p class=\"qtranxs-available-languages-message qtranxs-available-languages-message-en\">Sorry, this entry is only available in <a href=\"https:\/\/www.enerjigazetesi.ist\/tr\/wp-json\/wp\/v2\/posts\/9984\" class=\"qtranxs-available-language-link qtranxs-available-language-link-tr\" title=\"Turkish\">Turkish<\/a>. For the sake of viewer convenience, the content is shown below in the alternative language. You may click the link to switch the active language.<\/p><p><strong>Sanayide <a href=\"http:\/\/www.enve.com.tr\" target=\"_blank\">enerji verimlili\u011fi<\/a>, 25 Nisan 2013 Per\u015fembe g\u00fcn\u00fc Eski\u015fehir Sanayi Odas\u0131`nda tart\u0131\u015f\u0131lacak.<\/strong><\/p>\n<div>Eski\u015fehir Sanayi Odas\u0131 tar<a href=\"https:\/\/www.enerjigazetesi.ist\/wp-content\/uploads\/2013\/04\/enerji-verimliligi-semineri-eskisehir.jpg\"><img loading=\"lazy\" class=\"alignleft size-medium wp-image-9985\" title=\"enerji-verimliligi-semineri-eskisehir\" src=\"https:\/\/www.enerjigazetesi.ist\/wp-content\/uploads\/2013\/04\/enerji-verimliligi-semineri-eskisehir-300x232.jpg\" alt=\"\" width=\"300\" height=\"232\" srcset=\"https:\/\/www.enerjigazetesi.ist\/wp-content\/uploads\/2013\/04\/enerji-verimliligi-semineri-eskisehir-300x232.jpg 300w, https:\/\/www.enerjigazetesi.ist\/wp-content\/uploads\/2013\/04\/enerji-verimliligi-semineri-eskisehir-64x50.jpg 64w, https:\/\/www.enerjigazetesi.ist\/wp-content\/uploads\/2013\/04\/enerji-verimliligi-semineri-eskisehir.jpg 400w\" sizes=\"(max-width: 300px) 100vw, 300px\" \/><\/a>af\u0131ndan d\u00fczenlenen, sanayide enerji verimlili\u011fi ba\u015fl\u0131kl\u0131 panel, 25 Nisan 2013 tarihinde ESO Alt Salonu`nda ger\u00e7ekle\u015ftirilecek. Saat 13:30`da ba\u015flayacak etkinli\u011fin a\u00e7\u0131l\u0131\u015f konu\u015fmalar\u0131n\u0131 Vali Yard\u0131mc\u0131s\u0131 \u00d6mer Faruk G\u00fcnay ile ESO Ba\u015fkan\u0131 Sava\u015f \u00d6zaydemir yapacak.<\/div>\n<div><\/div>\n<div>Saat 14:20`de ba\u015flayacak birinci oturumda Elektrik M\u00fchendisi An\u0131l \u00dcnl\u00fc ile Makina M\u00fchendisi Emre Kocag\u00f6z, sanayide enerji verimlili\u011fi uygulamalar\u0131n\u0131 anlatacak.<\/div>\n<div><\/div>\n<div>Saat 15:00`te ba\u015flayacak ikinci oturumun konu\u015fmac\u0131s\u0131 ise Tanay S\u0131dk\u0131 Uyar. Marmara \u00dcniversitesi Enerji Anabilim Dal\u0131 Ba\u015fkan\u0131 ve IRENEC 2013 Uluslararas\u0131 Y\u00fczde Y\u00fcz Yenilenebilir Enerji Konferans Ba\u015fkan\u0131 Tanay S\u0131dk\u0131 Uyar`\u0131n konu\u015fmas\u0131n\u0131n ba\u015fl\u0131\u011f\u0131 &#8220;Sanayide Enerjinin Etkin Kullan\u0131m\u0131 ve Yenilenebilir Enerji Kaynaklar\u0131&#8221; olacak.<\/div>\n<div><\/div>\n<div>Kaynak: <a href=\"http:\/\/enerjigunlugu.net\/eskisehirde-sanayide-enerji-verimliligi-paneli_3247.html\" target=\"_blank\">Enerji G\u00fcnl\u00fc\u011f\u00fc<\/a><\/div>\n<p><\/p>","protected":false},"excerpt":{"rendered":"<p>Sorry, this entry is only available in Turkish. For the sake of viewer convenience, the content is shown below in the alternative language. You may click the link to switch the active language.Sanayide enerji verimlili\u011fi, 25 Nisan 2013 Per\u015fembe g\u00fcn\u00fc Eski\u015fehir Sanayi Odas\u0131`nda tart\u0131\u015f\u0131lacak. Eski\u015fehir Sanayi Odas\u0131 taraf\u0131ndan d\u00fczenlenen, sanayide enerji verimlili\u011fi ba\u015fl\u0131kl\u0131 panel, 25 [&hellip;]<\/p>\n","protected":false},"author":1,"featured_media":9985,"comment_status":"open","ping_status":"open","sticky":false,"template":"","format":"standard","meta":[],"categories":[53,52],"tags":[63,67,12,486,4740,4741,487,793],"views":1089,"_links":{"self":[{"href":"https:\/\/www.enerjigazetesi.ist\/en\/wp-json\/wp\/v2\/posts\/9984"}],"collection":[{"href":"https:\/\/www.enerjigazetesi.ist\/en\/wp-json\/wp\/v2\/posts"}],"about":[{"href":"https:\/\/www.enerjigazetesi.ist\/en\/wp-json\/wp\/v2\/types\/post"}],"author":[{"embeddable":true,"href":"https:\/\/www.enerjigazetesi.ist\/en\/wp-json\/wp\/v2\/users\/1"}],"replies":[{"embeddable":true,"href":"https:\/\/www.enerjigazetesi.ist\/en\/wp-json\/wp\/v2\/comments?post=9984"}],"version-history":[{"count":4,"href":"https:\/\/www.enerjigazetesi.ist\/en\/wp-json\/wp\/v2\/posts\/9984\/revisions"}],"predecessor-version":[{"id":9988,"href":"https:\/\/www.enerjigazetesi.ist\/en\/wp-json\/wp\/v2\/posts\/9984\/revisions\/9988"}],"wp:featuredmedia":[{"embeddable":true,"href":"https:\/\/www.enerjigazetesi.ist\/en\/wp-json\/wp\/v2\/media\/9985"}],"wp:attachment":[{"href":"https:\/\/www.enerjigazetesi.ist\/en\/wp-json\/wp\/v2\/media?parent=9984"}],"wp:term":[{"taxonomy":"category","embeddable":true,"href":"https:\/\/www.enerjigazetesi.ist\/en\/wp-json\/wp\/v2\/categories?post=9984"},{"taxonomy":"post_tag","embeddable":true,"href":"https:\/\/www.enerjigazetesi.ist\/en\/wp-json\/wp\/v2\/tags?post=9984"}],"curies":[{"name":"wp","href":"https:\/\/api.w.org\/{rel}","templated":true}]}}