{"id":99822,"date":"2019-09-29T21:13:09","date_gmt":"2019-09-29T18:13:09","guid":{"rendered":"https:\/\/www.enerjigazetesi.ist\/?p=99822"},"modified":"2019-09-29T21:40:28","modified_gmt":"2019-09-29T18:40:28","slug":"gunes-enerjisi-sektoru-24-ekimde-izmirde-bir-araya-geliyor","status":"publish","type":"post","link":"https:\/\/www.enerjigazetesi.ist\/en\/gunes-enerjisi-sektoru-24-ekimde-izmirde-bir-araya-geliyor\/","title":{"rendered":"(Turkish) G\u00fcne\u015f Enerjisi Sekt\u00f6r\u00fc 24 Ekim&#8217;de \u0130zmir\u2019de Bir Araya Geliyor"},"content":{"rendered":"<p class=\"qtranxs-available-languages-message qtranxs-available-languages-message-en\">Sorry, this entry is only available in <a href=\"https:\/\/www.enerjigazetesi.ist\/tr\/wp-json\/wp\/v2\/posts\/99822\" class=\"qtranxs-available-language-link qtranxs-available-language-link-tr\" title=\"Turkish\">Turkish<\/a>. For the sake of viewer convenience, the content is shown below in the alternative language. You may click the link to switch the active language.<\/p><p><\/p>\n<h1><strong>&#8216;Goodwe&#8217; T\u00fcm Sekt\u00f6r Payda\u015flar\u0131yla birlikte Ayn\u0131 \u00c7at\u0131 Alt\u0131nda Bulu\u015fmak \u0130\u00e7in Geri Say\u0131ma Ba\u015flad\u0131!<img loading=\"lazy\" class=\"alignright wp-image-99827\" src=\"https:\/\/www.enerjigazetesi.ist\/wp-content\/uploads\/2019\/09\/gunes-enerjisi-sektoru-24-ekimde-izmirde-bir-araya-geliyor-300x170.jpg\" alt=\"\" width=\"320\" height=\"181\" srcset=\"https:\/\/www.enerjigazetesi.ist\/wp-content\/uploads\/2019\/09\/gunes-enerjisi-sektoru-24-ekimde-izmirde-bir-araya-geliyor-300x170.jpg 300w, https:\/\/www.enerjigazetesi.ist\/wp-content\/uploads\/2019\/09\/gunes-enerjisi-sektoru-24-ekimde-izmirde-bir-araya-geliyor-768x435.jpg 768w, https:\/\/www.enerjigazetesi.ist\/wp-content\/uploads\/2019\/09\/gunes-enerjisi-sektoru-24-ekimde-izmirde-bir-araya-geliyor-500x283.jpg 500w, https:\/\/www.enerjigazetesi.ist\/wp-content\/uploads\/2019\/09\/gunes-enerjisi-sektoru-24-ekimde-izmirde-bir-araya-geliyor-80x45.jpg 80w, https:\/\/www.enerjigazetesi.ist\/wp-content\/uploads\/2019\/09\/gunes-enerjisi-sektoru-24-ekimde-izmirde-bir-araya-geliyor.jpg 900w\" sizes=\"(max-width: 320px) 100vw, 320px\" \/><\/strong><\/h1>\n<p>T\u00fcrkiye\u2019nin <em>En B\u00fcy\u00fck Solar Akademi E\u011fitimi<\/em> <strong>24\/10\/2019<\/strong> <em>Per\u015fembe G\u00fcn\u00fc<\/em> Saat <strong>08:30-18:30<\/strong> Aras\u0131nda <strong>Hilton Otel \u0130zmir<\/strong>\u2019de yap\u0131lacakt\u0131r.<\/p>\n<p>Goodwe\u2019nin ev sahipli\u011finde ger\u00e7ekle\u015ftirilen e\u011fitim, <strong>SolarVizyon<\/strong>\u2019dan <strong>1 g\u00fcn \u00f6nce<\/strong> <strong>T\u00fcrkiye\u2019nin<\/strong> en b\u00fcy\u00fck panel \u00fcreticilerinden olan\u00a0<strong>CW Enerji<\/strong>&#8216;nin i\u015fbirli\u011fi ile ger\u00e7ekle\u015ftirilecektir.<\/p>\n<p><strong>*Kat\u0131l\u0131m Bildirimleriniz \u0130\u00e7in:<\/strong>\u00a0<a href=\"mailto:tulay@goodwe.com.tr\" target=\"_blank\" rel=\"noopener\">tulay@goodwe.com.tr<\/a>\u00a0mail adresinden ileti\u015fime ge\u00e7ebilirsiniz.<\/p>\n<p>*Workshop kontenjan\u0131 <strong>500 ki\u015fi<\/strong> ile s\u0131n\u0131rl\u0131d\u0131r.<\/p>","protected":false},"excerpt":{"rendered":"<p>Sorry, this entry is only available in Turkish. For the sake of viewer convenience, the content is shown below in the alternative language. You may click the link to switch the active language. &#8216;Goodwe&#8217; T\u00fcm Sekt\u00f6r Payda\u015flar\u0131yla birlikte Ayn\u0131 \u00c7at\u0131 Alt\u0131nda Bulu\u015fmak \u0130\u00e7in Geri Say\u0131ma Ba\u015flad\u0131! T\u00fcrkiye\u2019nin En B\u00fcy\u00fck Solar Akademi E\u011fitimi 24\/10\/2019 Per\u015fembe G\u00fcn\u00fc [&hellip;]<\/p>\n","protected":false},"author":1,"featured_media":99827,"comment_status":"open","ping_status":"open","sticky":false,"template":"","format":"standard","meta":[],"categories":[51,53,49],"tags":[34868,52259,36261,53157,57651,57652,57653,34977,26829],"views":876,"_links":{"self":[{"href":"https:\/\/www.enerjigazetesi.ist\/en\/wp-json\/wp\/v2\/posts\/99822"}],"collection":[{"href":"https:\/\/www.enerjigazetesi.ist\/en\/wp-json\/wp\/v2\/posts"}],"about":[{"href":"https:\/\/www.enerjigazetesi.ist\/en\/wp-json\/wp\/v2\/types\/post"}],"author":[{"embeddable":true,"href":"https:\/\/www.enerjigazetesi.ist\/en\/wp-json\/wp\/v2\/users\/1"}],"replies":[{"embeddable":true,"href":"https:\/\/www.enerjigazetesi.ist\/en\/wp-json\/wp\/v2\/comments?post=99822"}],"version-history":[{"count":0,"href":"https:\/\/www.enerjigazetesi.ist\/en\/wp-json\/wp\/v2\/posts\/99822\/revisions"}],"wp:featuredmedia":[{"embeddable":true,"href":"https:\/\/www.enerjigazetesi.ist\/en\/wp-json\/wp\/v2\/media\/99827"}],"wp:attachment":[{"href":"https:\/\/www.enerjigazetesi.ist\/en\/wp-json\/wp\/v2\/media?parent=99822"}],"wp:term":[{"taxonomy":"category","embeddable":true,"href":"https:\/\/www.enerjigazetesi.ist\/en\/wp-json\/wp\/v2\/categories?post=99822"},{"taxonomy":"post_tag","embeddable":true,"href":"https:\/\/www.enerjigazetesi.ist\/en\/wp-json\/wp\/v2\/tags?post=99822"}],"curies":[{"name":"wp","href":"https:\/\/api.w.org\/{rel}","templated":true}]}}