{"id":9981,"date":"2013-04-23T10:47:54","date_gmt":"2013-04-23T07:47:54","guid":{"rendered":"https:\/\/www.enerjigazetesi.ist\/?p=9981"},"modified":"2013-04-23T10:47:54","modified_gmt":"2013-04-23T07:47:54","slug":"vestas-iccida-3-mw-platformunun-yeni-urunlerini-sunuyor","status":"publish","type":"post","link":"https:\/\/www.enerjigazetesi.ist\/en\/vestas-iccida-3-mw-platformunun-yeni-urunlerini-sunuyor\/","title":{"rendered":"(Turkish) Vestas, ICCI\u2019da 3 MW Platformu\u2019nun Yeni \u00dcr\u00fcnlerini Sunuyor"},"content":{"rendered":"<p class=\"qtranxs-available-languages-message qtranxs-available-languages-message-en\">Sorry, this entry is only available in <a href=\"https:\/\/www.enerjigazetesi.ist\/tr\/wp-json\/wp\/v2\/posts\/9981\" class=\"qtranxs-available-language-link qtranxs-available-language-link-tr\" title=\"Turkish\">Turkish<\/a>. For the sake of viewer convenience, the content is shown below in the alternative language. You may click the link to switch the active language.<\/p><p><strong>24 Nisan\u2019dan 26\u2019s\u0131na kadar, T\u00fcrkiye\u2019nin finans ve end\u00fcstri merkezi \u0130stanbul, enerji sekt\u00f6r\u00fcn\u00fcn gelece\u011fiyle ilgili geli\u015fmeleri ele almak \u00fczere akademik kurumlarla birlikte \u00f6zel ve kamu sekt\u00f6r\u00fc payda\u015flar\u0131n\u0131 bir araya getiren y\u0131ll\u0131k toplant\u0131 niteli\u011findeki 19. ICCI Konferans ve Sergisi\u2019ne \u0130stanbul Expo Fuar Merkezi\u2019nde ev sahipli\u011fi yapacak.<\/strong><\/p>\n<p>Vestas, d\u00fc\u015f\u00fck, orta ve y\u00fcksek h\u0131za sahip r\u00fczgar sahalar\u0131n\u0131 kapsayacak \u015fekilde geni\u015fletilerek daha iyi performans i\u00e7in optimize edilen ve V112-3.0 MW teknolojisi \u00fczerine in\u015fa edilen V112-3.3 MW, V117-3.3 MW ve V126-3.3 MW r\u00fczgar t\u00fcrbinlerini i\u00e7eren yeni tan\u0131tt\u0131\u011f\u0131 3 MW platformunu, T\u00fcrkiye pazar\u0131na da tan\u0131tmak \u00fczere bu organizasyonu tercih etti.<\/p>\n<p>604 MW r\u00fczgar kapasitesine sahip r\u00fczgar t\u00fcrbini tedari\u011fi ile 1984 y\u0131l\u0131ndan bu yana T\u00fcrkiye\u2019de aktif olarak \u00e7al\u0131\u015fan Vestas, m\u00fc\u015fterilerine yat\u0131r\u0131mlar\u0131n\u0131n geri d\u00f6n\u00fc\u015f\u00fcn\u00fc almalar\u0131n\u0131 sa\u011flayacak ticari faaliyetlerinin sa\u011flaml\u0131\u011f\u0131n\u0131 art\u0131rmak i\u00e7in s\u00fcrekli olarak optimize edilen teknolojik \u00e7\u00f6z\u00fcmler sunuyor. Ayn\u0131 durum, yeni tan\u0131t\u0131lan 3 MW platform \u00fcr\u00fcnleri i\u00e7in de ge\u00e7erlidir.<\/p>\n<p>D\u00fcnya genelinde 8 Nisan\u2019da tan\u0131t\u0131lan yeni t\u00fcrbinler, en zorlu \u015febeke gerekliliklerini bile kar\u015f\u0131layarak ve t\u00fcm r\u00fczgar ve hava ko\u015fullar\u0131nda m\u00fckemmel enerji verimi sunarak m\u00fc\u015fterilerine daha fazla esneklik sa\u011fl\u0131yor.<\/p>\n<p><a href=\"https:\/\/www.enerjigazetesi.ist\/wp-content\/uploads\/2013\/04\/vestas-ruzgar-turibini-icci.jpg\"><img loading=\"lazy\" class=\"alignright size-medium wp-image-9982\" title=\"vestas-ruzgar-turibini-icci\" src=\"https:\/\/www.enerjigazetesi.ist\/wp-content\/uploads\/2013\/04\/vestas-ruzgar-turibini-icci-300x222.jpg\" alt=\"\" width=\"300\" height=\"222\" srcset=\"https:\/\/www.enerjigazetesi.ist\/wp-content\/uploads\/2013\/04\/vestas-ruzgar-turibini-icci-300x222.jpg 300w, https:\/\/www.enerjigazetesi.ist\/wp-content\/uploads\/2013\/04\/vestas-ruzgar-turibini-icci-67x50.jpg 67w, https:\/\/www.enerjigazetesi.ist\/wp-content\/uploads\/2013\/04\/vestas-ruzgar-turibini-icci.jpg 400w\" sizes=\"(max-width: 300px) 100vw, 300px\" \/><\/a>3.3 MW r\u00fczgar t\u00fcrbinleri, V117-3.3 MW i\u00e7in ba\u011flant\u0131 b\u00f6l\u00fcm\u00fc geni\u015fletilmi\u015f kanat ve V126-3.3 MW i\u00e7in yap\u0131sal h\u00fccre sistemli kanat ile V112-3.0 MW modelinin kan\u0131tlanm\u0131\u015f teknolojisine sahiptir. Bu t\u00fcrbinler, T\u00fcrkiye\u2019deki orta ve d\u00fc\u015f\u00fck r\u00fczgar h\u0131zl\u0131 sahalarda ge\u00e7mi\u015fe oranla \u00e7ok daha karl\u0131 bir \u015fekilde verim elde edilmesine izin veriyor.<\/p>\n<p>3 MW platformu, Vestas\u2019\u0131n kan\u0131tlanm\u0131\u015f ba\u015far\u0131 performans\u0131n\u0131, \u00fcr\u00fcnlerini s\u00fcrekli olarak iyile\u015ftirmek ve optimize etmek konusunda \u00e7al\u0131\u015fmalar\u0131yla birle\u015ftiriyor ve g\u00fcvenilirlik ile performans talep eden m\u00fc\u015fteriler i\u00e7in \u00f6n plana \u00e7\u0131k\u0131yor.<\/p>\n<p>Vestas T\u00fcrkiye Genel M\u00fcd\u00fcr\u00fc Olcayto Yi\u011fit konuyla ilgili \u015funlar\u0131 ifade etti: \u201c<em>Yeni \u00fcr\u00fcnlerimizi T\u00fcrk m\u00fc\u015fterilere ve ICCI kat\u0131l\u0131mc\u0131lar\u0131na sunmaktan gurur duyuyoruz. Bu yeni \u00fcr\u00fcnler, Vestas\u2019\u0131n m\u00fc\u015fterilerini r\u00fczgar yat\u0131r\u0131mlar\u0131nda do\u011fru zamanda do\u011fru teknolojiyle daha fazla desteklemeye y\u00f6nelik \u00e7abalar\u0131n\u0131n sonu\u00e7lar\u0131d\u0131r\u201d ve s\u00f6zlerine \u015f\u00f6yle devam etti: \u201cT\u00fcrkiye\u2019nin r\u00fczgar enerjisi konusunda geli\u015fmesini destekliyoruz ve \u00fclkenin bu konudaki b\u00fcy\u00fck potansiyelini ortaya \u00e7\u0131karmaya y\u00f6nelik kararl\u0131l\u0131\u011f\u0131m\u0131z\u0131 g\u00fc\u00e7lendirmek i\u00e7in buraday\u0131z.\u201d <\/em><\/p>\n<p>Vestas, 9. Salon\u2019da yer alacak H-106 no\u2019lu stand\u0131nda yeni \u00fcr\u00fcnlerini ve \u00e7\u00f6z\u00fcm \u00f6nerilerini sunarken, ICCI Konferans\u0131 kapsam\u0131nda iki ana oturumda da konu\u015fmac\u0131 olarak yer alacak.<\/p>\n<p>24 Nisan saat 16:30 ila 18:00 saatleri aras\u0131nda Sar\u0131 Salon\u2019da, Vestas Kamu \u0130li\u015fkileri biriminden stratejik proje y\u00f6neticisi Preben Holth Skatvedt \u201c<em>T\u00fcrkiye\u2019de r\u00fczgar g\u00fcc\u00fcn\u00fcn desteklenmesi: \u0130\u015fbirlik\u00e7i Model<\/em>\u201d, ba\u015fl\u0131kl\u0131 konu\u015fmas\u0131yla dinleyicilere hitap edecek, bir sonraki g\u00fcn ise Vestas T\u00fcrkiye Teknoloji M\u00fcd\u00fcr\u00fc Marios Zangas saat 10:30\u2019dan 12:00\u2019ye kadar Sar\u0131 Salon\u2019da \u201c<em>Kan\u0131tlanm\u0131\u015f Teknolojilerin Geli\u015fimi<\/em>\u201d konusunu ele alacak.<\/p>\n<p>Kaynak: <strong>Vestas<\/strong><\/p>\n<p>Yay\u0131nc\u0131: <a href=\"https:\/\/www.enerjigazetesi.ist\" target=\"_blank\">Enerji Gazetesi<\/a><\/p>","protected":false},"excerpt":{"rendered":"<p>Sorry, this entry is only available in Turkish. For the sake of viewer convenience, the content is shown below in the alternative language. You may click the link to switch the active language.24 Nisan\u2019dan 26\u2019s\u0131na kadar, T\u00fcrkiye\u2019nin finans ve end\u00fcstri merkezi \u0130stanbul, enerji sekt\u00f6r\u00fcn\u00fcn gelece\u011fiyle ilgili geli\u015fmeleri ele almak \u00fczere akademik kurumlarla birlikte \u00f6zel ve [&hellip;]<\/p>\n","protected":false},"author":1,"featured_media":9982,"comment_status":"open","ping_status":"open","sticky":false,"template":"","format":"standard","meta":[],"categories":[53,50],"tags":[4735,63,67,165,1361,4739,4736,4737,69,16,324,846,4734,4738],"views":970,"_links":{"self":[{"href":"https:\/\/www.enerjigazetesi.ist\/en\/wp-json\/wp\/v2\/posts\/9981"}],"collection":[{"href":"https:\/\/www.enerjigazetesi.ist\/en\/wp-json\/wp\/v2\/posts"}],"about":[{"href":"https:\/\/www.enerjigazetesi.ist\/en\/wp-json\/wp\/v2\/types\/post"}],"author":[{"embeddable":true,"href":"https:\/\/www.enerjigazetesi.ist\/en\/wp-json\/wp\/v2\/users\/1"}],"replies":[{"embeddable":true,"href":"https:\/\/www.enerjigazetesi.ist\/en\/wp-json\/wp\/v2\/comments?post=9981"}],"version-history":[{"count":1,"href":"https:\/\/www.enerjigazetesi.ist\/en\/wp-json\/wp\/v2\/posts\/9981\/revisions"}],"predecessor-version":[{"id":9983,"href":"https:\/\/www.enerjigazetesi.ist\/en\/wp-json\/wp\/v2\/posts\/9981\/revisions\/9983"}],"wp:featuredmedia":[{"embeddable":true,"href":"https:\/\/www.enerjigazetesi.ist\/en\/wp-json\/wp\/v2\/media\/9982"}],"wp:attachment":[{"href":"https:\/\/www.enerjigazetesi.ist\/en\/wp-json\/wp\/v2\/media?parent=9981"}],"wp:term":[{"taxonomy":"category","embeddable":true,"href":"https:\/\/www.enerjigazetesi.ist\/en\/wp-json\/wp\/v2\/categories?post=9981"},{"taxonomy":"post_tag","embeddable":true,"href":"https:\/\/www.enerjigazetesi.ist\/en\/wp-json\/wp\/v2\/tags?post=9981"}],"curies":[{"name":"wp","href":"https:\/\/api.w.org\/{rel}","templated":true}]}}