{"id":99791,"date":"2019-09-29T17:17:45","date_gmt":"2019-09-29T14:17:45","guid":{"rendered":"https:\/\/www.enerjigazetesi.ist\/?p=99791"},"modified":"2019-09-29T17:17:45","modified_gmt":"2019-09-29T14:17:45","slug":"depreme-hazirlikli-olmak-icin-kentsel-donusumu-el-birligiyle-yurutmeliyiz","status":"publish","type":"post","link":"https:\/\/www.enerjigazetesi.ist\/en\/depreme-hazirlikli-olmak-icin-kentsel-donusumu-el-birligiyle-yurutmeliyiz\/","title":{"rendered":"(Turkish) &#8221;Depreme Haz\u0131rl\u0131kl\u0131 Olmak \u0130\u00e7in Kentsel D\u00f6n\u00fc\u015f\u00fcm\u00fc El Birli\u011fiyle Y\u00fcr\u00fctmeliyiz&#8221;"},"content":{"rendered":"<p class=\"qtranxs-available-languages-message qtranxs-available-languages-message-en\">Sorry, this entry is only available in <a href=\"https:\/\/www.enerjigazetesi.ist\/tr\/wp-json\/wp\/v2\/posts\/99791\" class=\"qtranxs-available-language-link qtranxs-available-language-link-tr\" title=\"Turkish\">Turkish<\/a>. For the sake of viewer convenience, the content is shown below in the alternative language. You may click the link to switch the active language.<\/p><p><\/p>\n<h1><strong>\u0130stanbul&#8217;da meydana gelen ve b\u00fcy\u00fck pani\u011fe yol a\u00e7an deprem ile ilgili a\u00e7\u0131klama yapan GYODER Ba\u015fkan\u0131 Do\u00e7. Dr. Feyzullah Yetgin, \u201cDepremden etkilenen t\u00fcm vatanda\u015flar\u0131m\u0131za ge\u00e7mi\u015f olsun dileklerimizi iletiyoruz. Topraklar\u0131n\u0131n b\u00fcy\u00fck bir k\u0131sm\u0131 deprem ku\u015fa\u011f\u0131nda yer alan \u00fclkemizde, depreme kar\u015f\u0131 binalar\u0131m\u0131z\u0131 g\u00fc\u00e7lendirmek, g\u00fcvenli ve sa\u011fl\u0131kl\u0131 yap\u0131lara kavu\u015fmak i\u00e7in hi\u00e7 zaman kaybetmeden kentsel d\u00f6n\u00fc\u015f\u00fcm s\u00fcrecini el birli\u011fiyle y\u00fcr\u00fctmemiz gerekiyor\u201d dedi.<img loading=\"lazy\" class=\"alignright wp-image-99794\" src=\"https:\/\/www.enerjigazetesi.ist\/wp-content\/uploads\/2019\/09\/depreme-hazirlikli-olmak-icin-kentsel-donusumu-el-birligiyle-yurutmeliyiz.jpg\" alt=\"\" width=\"320\" height=\"318\" srcset=\"https:\/\/www.enerjigazetesi.ist\/wp-content\/uploads\/2019\/09\/depreme-hazirlikli-olmak-icin-kentsel-donusumu-el-birligiyle-yurutmeliyiz.jpg 491w, https:\/\/www.enerjigazetesi.ist\/wp-content\/uploads\/2019\/09\/depreme-hazirlikli-olmak-icin-kentsel-donusumu-el-birligiyle-yurutmeliyiz-150x150.jpg 150w, https:\/\/www.enerjigazetesi.ist\/wp-content\/uploads\/2019\/09\/depreme-hazirlikli-olmak-icin-kentsel-donusumu-el-birligiyle-yurutmeliyiz-300x298.jpg 300w, https:\/\/www.enerjigazetesi.ist\/wp-content\/uploads\/2019\/09\/depreme-hazirlikli-olmak-icin-kentsel-donusumu-el-birligiyle-yurutmeliyiz-402x400.jpg 402w, https:\/\/www.enerjigazetesi.ist\/wp-content\/uploads\/2019\/09\/depreme-hazirlikli-olmak-icin-kentsel-donusumu-el-birligiyle-yurutmeliyiz-50x50.jpg 50w, https:\/\/www.enerjigazetesi.ist\/wp-content\/uploads\/2019\/09\/depreme-hazirlikli-olmak-icin-kentsel-donusumu-el-birligiyle-yurutmeliyiz-100x100.jpg 100w\" sizes=\"(max-width: 320px) 100vw, 320px\" \/> <\/strong><\/h1>\n<p>Gayrimenkul ve Gayrimenkul Yat\u0131r\u0131m Ortakl\u0131\u011f\u0131 Derne\u011fi (GYODER) Ba\u015fkan\u0131 Do\u00e7. Dr. Feyzullah Yetgin, d\u00fcn Silivri a\u00e7\u0131klar\u0131nda meydana gelen ve \u0130stanbul\u2019un t\u00fcm b\u00f6lgelerinde ciddi \u00f6l\u00e7\u00fcde hissedilen depremin olabildi\u011fince hafif atlat\u0131ld\u0131\u011f\u0131n\u0131 ifade ederek, \u201cVatanda\u015flar\u0131m\u0131z temkinli olmal\u0131, g\u00fcvenli olmayan binalara girmemeli, kamu kurumlar\u0131n\u0131n a\u00e7\u0131klamalar\u0131na itibar etmeli\u201d dedi. Do\u00e7. Dr. Feyzullah Yetgin, <span style=\"text-decoration: underline;\">\u015funlar\u0131 s\u00f6yledi:<\/span><\/p>\n<p>\u201cSon ya\u015fanan \u0130stanbul depremi, \u00fclkemizdeki deprem ger\u00e7e\u011fini bir kez daha hat\u0131rlatt\u0131. Topraklar\u0131n\u0131n b\u00fcy\u00fck bir b\u00f6l\u00fcm\u00fc deprem ku\u015fa\u011f\u0131nda yer alan T\u00fcrkiye\u2019de, depreme haz\u0131rl\u0131kl\u0131 olmak i\u00e7in kentsel d\u00f6n\u00fc\u015f\u00fcm tek \u00e7are. Depreme kar\u015f\u0131 binalar\u0131m\u0131z\u0131 g\u00fc\u00e7lendirmeli, g\u00fcvenli, sa\u011fl\u0131kl\u0131, kaliteli yap\u0131la\u015fma anlay\u0131\u015f\u0131yla hareket etmeli ve kentsel d\u00f6n\u00fc\u015f\u00fcm s\u00fcrecini iyi de\u011ferlendirmeliyiz.<\/p>\n<p>Ayr\u0131ca son yasal d\u00fczenlemelerle kentsel d\u00f6n\u00fc\u015f\u00fcmde yeni bir d\u00f6nemin ba\u015flad\u0131\u011f\u0131n\u0131 ve s\u00fcrecin h\u0131zland\u0131\u011f\u0131n\u0131 s\u00f6yleyebiliriz. \u00c7evre ve \u015eehircilik Bakanl\u0131\u011f\u0131 taraf\u0131ndan <strong>12 Eyl\u00fcl<\/strong>\u2019de a\u00e7\u0131klanan <strong>\u2018Kentsel D\u00f6n\u00fc\u015f\u00fcm Eylem Plan\u0131\u2019<\/strong> kapsam\u0131nda <strong>100 bini<\/strong> \u0130stanbul&#8217;da olmak \u00fczere her y\u0131l 300 bin konutun kentsel d\u00f6n\u00fc\u015f\u00fcm\u00fcn\u00fcn yap\u0131laca\u011f\u0131, belirlenen bu eylemle h\u00e2lihaz\u0131rda acil d\u00f6n\u00fc\u015ft\u00fcr\u00fclmesi gereken 1 milyon 500 bin konutun 5 y\u0131l i\u00e7erisinde d\u00f6n\u00fc\u015ft\u00fcr\u00fclece\u011fi a\u00e7\u0131kland\u0131. Kentsel d\u00f6n\u00fc\u015f\u00fcm\u00fcn lay\u0131k oldu\u011fu \u015fekilde yap\u0131lmas\u0131 \u00e7ok \u00f6nemli. Dolay\u0131s\u0131yla kamunun ve yeni yasal d\u00fczenlemelerin deste\u011fi ile hi\u00e7 zaman kaybetmeden bu sorunu el birli\u011fiyle \u00e7\u00f6zmeliyiz.\u201d<\/p>","protected":false},"excerpt":{"rendered":"<p>Sorry, this entry is only available in Turkish. For the sake of viewer convenience, the content is shown below in the alternative language. You may click the link to switch the active language. \u0130stanbul&#8217;da meydana gelen ve b\u00fcy\u00fck pani\u011fe yol a\u00e7an deprem ile ilgili a\u00e7\u0131klama yapan GYODER Ba\u015fkan\u0131 Do\u00e7. Dr. Feyzullah Yetgin, \u201cDepremden etkilenen t\u00fcm [&hellip;]<\/p>\n","protected":false},"author":1,"featured_media":99793,"comment_status":"open","ping_status":"open","sticky":false,"template":"","format":"standard","meta":[],"categories":[53],"tags":[57610,57612,2199,57609,57608,52259,57607,57611,57613,593,57189,44524,57137],"views":263,"_links":{"self":[{"href":"https:\/\/www.enerjigazetesi.ist\/en\/wp-json\/wp\/v2\/posts\/99791"}],"collection":[{"href":"https:\/\/www.enerjigazetesi.ist\/en\/wp-json\/wp\/v2\/posts"}],"about":[{"href":"https:\/\/www.enerjigazetesi.ist\/en\/wp-json\/wp\/v2\/types\/post"}],"author":[{"embeddable":true,"href":"https:\/\/www.enerjigazetesi.ist\/en\/wp-json\/wp\/v2\/users\/1"}],"replies":[{"embeddable":true,"href":"https:\/\/www.enerjigazetesi.ist\/en\/wp-json\/wp\/v2\/comments?post=99791"}],"version-history":[{"count":0,"href":"https:\/\/www.enerjigazetesi.ist\/en\/wp-json\/wp\/v2\/posts\/99791\/revisions"}],"wp:featuredmedia":[{"embeddable":true,"href":"https:\/\/www.enerjigazetesi.ist\/en\/wp-json\/wp\/v2\/media\/99793"}],"wp:attachment":[{"href":"https:\/\/www.enerjigazetesi.ist\/en\/wp-json\/wp\/v2\/media?parent=99791"}],"wp:term":[{"taxonomy":"category","embeddable":true,"href":"https:\/\/www.enerjigazetesi.ist\/en\/wp-json\/wp\/v2\/categories?post=99791"},{"taxonomy":"post_tag","embeddable":true,"href":"https:\/\/www.enerjigazetesi.ist\/en\/wp-json\/wp\/v2\/tags?post=99791"}],"curies":[{"name":"wp","href":"https:\/\/api.w.org\/{rel}","templated":true}]}}