{"id":99785,"date":"2019-09-29T16:44:08","date_gmt":"2019-09-29T13:44:08","guid":{"rendered":"https:\/\/www.enerjigazetesi.ist\/?p=99785"},"modified":"2019-09-29T16:45:10","modified_gmt":"2019-09-29T13:45:10","slug":"enerji-sektorunu-iot-ve-yapay-zeka-teknolojileriyle-dijitallestiren-reengen","status":"publish","type":"post","link":"https:\/\/www.enerjigazetesi.ist\/en\/enerji-sektorunu-iot-ve-yapay-zeka-teknolojileriyle-dijitallestiren-reengen\/","title":{"rendered":"(Turkish) Enerji Sekt\u00f6r\u00fcn\u00fc IoT ve Yapay Zeka Teknolojileriyle Dijitalle\u015ftiren &#8216;Reengen'"},"content":{"rendered":"<p class=\"qtranxs-available-languages-message qtranxs-available-languages-message-en\">Sorry, this entry is only available in <a href=\"https:\/\/www.enerjigazetesi.ist\/tr\/wp-json\/wp\/v2\/posts\/99785\" class=\"qtranxs-available-language-link qtranxs-available-language-link-tr\" title=\"Turkish\">Turkish<\/a>. For the sake of viewer convenience, the content is shown below in the alternative language. You may click the link to switch the active language.<\/p><p><\/p>\n<h1><b>T\u00fcrkiye\u2019nin ve b\u00f6lgenin lider dijital enerji y\u00f6netim \u015firketi Reengen, A\u011fustos ay\u0131nda tamamlad\u0131\u011f\u0131 2&#8217;inci<\/b><b>\u00a0yat\u0131r\u0131m turu ile beraber toplad\u0131\u011f\u0131 toplam arge ve yat\u0131r\u0131m finansman\u0131 tutar\u0131n\u0131 $3M\u2019a y\u00fckseltti.\u00a0<\/b><b>2013&#8217;de \u015eahin \u00c7a\u011flayan, Burak Sefer ve Utku Simitli taraf\u0131ndan kurulan Reengen\u2019in 2&#8217;inci tur yat\u0131r\u0131m\u0131na Faruk Eczac\u0131ba\u015f\u0131, Kerim Sengir gibi \u00f6nde gelen i\u015f insanlar\u0131 ba\u015fta olmak \u00fczere, Samet Ensar Sar\u0131, Onur Kavak, Ber\u00e7 \u00c7ubukciyan ile beraber \u0130stech \u015firketi kurumsal yat\u0131r\u0131mc\u0131 olarak dahil oldu. Reengen\u2019in melek yat\u0131r\u0131mc\u0131lar\u0131ndan \u0130T\u00dcNova Teknoloji A.\u015e. bu turda 15 \u00e7arpanla ba\u015far\u0131l\u0131 bir \u00e7\u0131k\u0131\u015f yapt\u0131.\u00a0<\/b><\/h1>\n<h2><b>Tesislerde %15\u2019e Varan Enerji Tasarrufu<span style=\"font-weight: 400;\"><img loading=\"lazy\" class=\"alignright wp-image-99787\" src=\"https:\/\/www.enerjigazetesi.ist\/wp-content\/uploads\/2019\/09\/enerji-sektorunu-iot-ve-yapay-zeka-teknolojileriyle-dijitallestiren-reengen-1.jpg\" alt=\"\" width=\"320\" height=\"213\" srcset=\"https:\/\/www.enerjigazetesi.ist\/wp-content\/uploads\/2019\/09\/enerji-sektorunu-iot-ve-yapay-zeka-teknolojileriyle-dijitallestiren-reengen-1.jpg 732w, https:\/\/www.enerjigazetesi.ist\/wp-content\/uploads\/2019\/09\/enerji-sektorunu-iot-ve-yapay-zeka-teknolojileriyle-dijitallestiren-reengen-1-300x200.jpg 300w, https:\/\/www.enerjigazetesi.ist\/wp-content\/uploads\/2019\/09\/enerji-sektorunu-iot-ve-yapay-zeka-teknolojileriyle-dijitallestiren-reengen-1-500x333.jpg 500w, https:\/\/www.enerjigazetesi.ist\/wp-content\/uploads\/2019\/09\/enerji-sektorunu-iot-ve-yapay-zeka-teknolojileriyle-dijitallestiren-reengen-1-75x50.jpg 75w, https:\/\/www.enerjigazetesi.ist\/wp-content\/uploads\/2019\/09\/enerji-sektorunu-iot-ve-yapay-zeka-teknolojileriyle-dijitallestiren-reengen-1-450x300.jpg 450w\" sizes=\"(max-width: 320px) 100vw, 320px\" \/><\/span><\/b><\/h2>\n<p><span style=\"font-weight: 400;\">Geli\u015ftirdi\u011fi yeni nesil Enerji IoT Platformu ile tesislerin mevcut enerji y\u00f6netimi paradigmas\u0131n\u0131 de\u011fi\u015ftirmeyi hedefleyen<\/span> <span style=\"font-weight: 400;\">\u0130T\u00dc Ar\u0131 Teknokent \u015firketi Reengen, yapay zeka destekli i\u015f zekas\u0131 platformu ile fiziksel enerji sistemleri ile dijital d\u00fcnya aras\u0131ndaki ba\u011flant\u0131y\u0131 sa\u011fl\u0131yor, y\u00fcksek analitik ve veri entegrasyon kabiliyeti ile enerji ve bak\u0131m maliyetlerini a\u015fa\u011f\u0131 \u00e7ekiyor. Ticari binalar ve sanayi tesisleri i\u00e7in\u00a0 360\u02daenerji y\u00f6netim ve enerji sat\u0131n al\u0131m dan\u0131\u015fmanl\u0131\u011f\u0131 veren Reengen, tahminleme, anormallik te\u015fhisi, IoT tabanl\u0131 kritik g\u00fc\u00e7 sistemleri takibi, enerji kullan\u0131m ve tarife optimizasyonu ile %15\u2019e varan enerji tasarrufu ile beraber, \u00f6zellikle \u00e7ok \u015fubeli i\u015fletmeler i\u00e7in binlerce adam-saat operasyonel verimlilik ve enerji sat\u0131n al\u0131m\u0131nda %4\u2019e varan maliyet d\u00fc\u015f\u00fc\u015f\u00fc sa\u011fl\u0131yor.\u00a0<\/span><\/p>\n<h2><b>100\u2019e Yak\u0131n Kurumun Dijital Enerji Y\u00f6netimini Yap\u0131yor<\/b><\/h2>\n<p><span style=\"font-weight: 400;\">2017\u2019nin Kas\u0131m ay\u0131nda <\/span><b>Bill Gates ve IFC<\/b><span style=\"font-weight: 400;\">\u2019nin de yat\u0131r\u0131mc\u0131lar\u0131ndan oldu\u011fu Seattle merkezli yat\u0131r\u0131m fonu <\/span><b>Capria Ventures<\/b><span style=\"font-weight: 400;\"> ve <\/span><b>idacapital<\/b><span style=\"font-weight: 400;\">\u2019den ilk yat\u0131r\u0131m\u0131n\u0131 alan Reengen, son 2 senede T\u00fcrkiye\u2019nin en b\u00fcy\u00fck elektrik da\u011f\u0131t\u0131m, telekom ve tesis y\u00f6netim \u015firketleri ile sat\u0131\u015f-pazarlama i\u015fbirlikleri yaparak, <\/span><b>Aygaz, \u0130pragaz, Pepsico, Vodafone,<\/b> <b>Enerjisa, Garanti Bankas\u0131, TEB, Finansbank, Boyner, Zara, Koton, Mavi, Flo, Fiba Retail, Medical Park, Yemek Sepeti, \u0130KEA, \u0130BB<\/b><span style=\"font-weight: 400;\"> gibi 100\u2019e yak\u0131n kurumun dijital enerji y\u00f6netimi servisini \u00fcstlendi. 30 ki\u015filik dinamik ekibi ile dijital enerji y\u00f6netim servisinin \u00fczerine s\u00fcrd\u00fcr\u00fclebilirlik y\u00f6netimi ve fatura y\u00f6netimi servislerini de sunmaya ba\u015flayan Reengen, <\/span><b>EP\u0130A\u015e ve Cisco<\/b><span style=\"font-weight: 400;\"> gibi kurumlarla yapt\u0131\u011f\u0131 ortak <strong>ar-ge projeleri<\/strong> ile \u00e7ok yak\u0131nda talep taraf\u0131 y\u00f6netimi ve mikro-\u015febeke y\u00f6netimi gibi dikeyleri de \u00fcr\u00fcn gam\u0131na eklemeyi hedefliyor.<\/span><\/p>\n<h2><b>Globalde B\u00fcy\u00fcmeyi H\u0131zland\u0131racak Yat\u0131r\u0131m<\/b><\/h2>\n<p><span style=\"font-weight: 400;\">Reengen, global b\u00fcy\u00fcmenin ba\u015f\u0131na getirdi\u011fi <strong>G\u00f6khan \u00c7elebi<\/strong> ile <\/span><b>Londra<\/b><span style=\"font-weight: 400;\">&#8216;da ve <strong>Alper Peker<\/strong> ile <\/span><b>Berlin<\/b><span style=\"font-weight: 400;\">\u2019de aktifle\u015ftirdi\u011fi ofisleriyle Avrupa\u2019daki i\u015f geli\u015ftirme ve sat\u0131\u015f operasyonunu h\u0131zland\u0131rd\u0131, 2. tur yat\u0131r\u0131m ile de bu b\u00fcy\u00fcmeyi finanse etmeyi hedefliyor. Hali haz\u0131rda <\/span><b>\u0130spanya\u2019da ve<\/b> <b>Birle\u015fik Arap Emirlikleri<\/b><span style=\"font-weight: 400;\">\u2019nde 20\u2019ye yak\u0131n kurumsal m\u00fc\u015fterisi olan Reengen, \u0130ngiltere\u2019de HSBC, Shell gibi kurumlarla \u00e7al\u0131\u015fmalar\u0131n\u0131 ba\u015flatt\u0131.<\/span> <b>Suudi Arabistan<\/b><span style=\"font-weight: 400;\">\u2019\u0131n teknik servis ve ekipman tedari\u011fi alan\u0131nda faaliyet g\u00f6steren en b\u00fcy\u00fck holdinglerinden biri olan El-Ajou ile yapt\u0131\u011f\u0131 stratejik ortakl\u0131k ile bu b\u00f6lgede banka,\u00a0 perakende ve hastaneler ba\u015fta olmak \u00fczere h\u0131zla b\u00fcy\u00fcyen dijital enerji y\u00f6netimi pazar\u0131nda da ilk oyunculardan biri olmay\u0131 hedefliyor.\u00a0<\/span><\/p>\n<h2><b>Kuruculardan Mesajlar\u00a0<\/b><\/h2>\n<p><span style=\"font-weight: 400;\">Reengen CEO\u2019su <\/span><b>\u015eahin \u00c7a\u011flayan<\/b><span style=\"font-weight: 400;\">, 2018\u2019de sa\u011flad\u0131klar\u0131 <\/span><b>%138<\/b><span style=\"font-weight: 400;\"> b\u00fcy\u00fcme sonras\u0131, 2019 sonunda \u015firketin y\u0131ll\u0131k yinelenen gelirlerini <\/span><b>2 kat\u0131na<\/b><span style=\"font-weight: 400;\"> \u00e7\u0131karmay\u0131 hedeflediklerini\u00a0 a\u00e7\u0131klad\u0131. 2023 y\u0131l\u0131 i\u00e7in hedeflerinin EMEA\u2019daki lider enerji i\u015f zekas\u0131 platformu olarak <\/span><b>100000<\/b><span style=\"font-weight: 400;\"> tesisin enerji optimizasyonu sayesinde <\/span><b>200 Megaton<\/b><span style=\"font-weight: 400;\">&#8216;luk <strong>karbondioksit sal\u0131n\u0131m\u0131n\u0131 engellemek<\/strong> oldu\u011funu s\u00f6yledi. <\/span><span style=\"font-weight: 400;\">Bu turda ald\u0131klar\u0131 finansal yat\u0131r\u0131m\u0131 ise Avrupa, Orta Do\u011fu ve Afrika\u2019da sistem entegrat\u00f6r\u00fc partner a\u011f\u0131n\u0131 geni\u015fleterek 2020 sonunda gelirlerinin <\/span><b>%50<\/b><span style=\"font-weight: 400;\">\u2019den fazlas\u0131n\u0131 yurtd\u0131\u015f\u0131ndan sa\u011flayabilmek i\u00e7in kullanacaklar\u0131n\u0131 ifade etti.\u00a0<\/span><\/p>\n<p><span style=\"font-weight: 400;\">Reengen\u2019in <strong>m\u00fchendislik ve m\u00fc\u015fteri servisleri<\/strong>nden sorumlu kurucu orta\u011f\u0131 <\/span><b>Utku Simitli<\/b><span style=\"font-weight: 400;\">, \u00f6n\u00fcm\u00fczdeki 2 y\u0131lda Avrupal\u0131 proje partnerleri ile talep taraf\u0131 y\u00f6netimi, g\u00fcne\u015f enerjisi, enerji depolama ve mikro-\u015febeke optimizasyonu \u00fczerine 3 yeni AB ar-ge projesi ger\u00e7ekle\u015ftireceklerini belirtti. Bu projelerle Enerji IoT Platformu\u2019nun analitik zeka, veri entegrasyon ve raporlama kabiliyetlerini geli\u015ftirerek farkl\u0131 sekt\u00f6rlerden m\u00fc\u015fterilerinin ihtiya\u00e7lar\u0131na daha h\u0131zl\u0131 ve nokta at\u0131\u015f\u0131 \u00e7\u00f6z\u00fcmler sunmay\u0131 hedeflediklerini s\u00f6yledi.<\/span><\/p>\n<p><span style=\"font-weight: 400;\">Sat\u0131\u015f ve Operasyondan sorumlu kurucu ortak <\/span><b>Burak Sefer<\/b><span style=\"font-weight: 400;\"> ise Ulusal Enerji Verimlili\u011fi Eylem Plan\u0131 kapsam\u0131nda kamu binalar\u0131nda ger\u00e7ekle\u015ftirilecek enerji verimlili\u011fi \u00e7al\u0131\u015fmalar\u0131na y\u00f6nelik ge\u00e7en ay yay\u0131nlanan Cumhurba\u015fkanl\u0131\u011f\u0131 Genelgesi\u2019ne dikkat \u00e7ekti. Kamu binalar\u0131nda 2023 y\u0131l\u0131 sonuna kadar %15 oran\u0131nda enerji tasarrufu sa\u011flanmas\u0131 hedefleniyor. Sefer, Reengen\u2019in sundu\u011fu dijital servislerle mevcut kamu bina sto\u011funda hedeflenen y\u0131ll\u0131k 230 milyon TL\u2019lik tasarrufa b\u00fcy\u00fck oranda katk\u0131 sa\u011flamak i\u00e7in motive olduklar\u0131n\u0131 bildirdi.<\/span><\/p>\n<h2><b>Reengen Hakk\u0131nda\u00a0<\/b><\/h2>\n<p><span style=\"font-weight: 400;\">Reengen, tesislerde dijital enerji d\u00f6n\u00fc\u015f\u00fcm\u00fcn\u00fc h\u0131zland\u0131rmak i\u00e7in yola \u00e7\u0131km\u0131\u015f bir yaz\u0131l\u0131m \u015firketidir.\u00a0 \u2018Enerji, yeni internettir!\u2019 mottosu ile yola \u00e7\u0131kan Reengen, Enerji sekt\u00f6r\u00fc ile IoT ve b\u00fcy\u00fck veri analizi teknolojilerini bulu\u015fturarak enerji 4.0 olarak adland\u0131rd\u0131\u011f\u0131 gelece\u011fin elektrik \u015febekesini olu\u015fturmak i\u00e7in \u00e7al\u0131\u015fmaktad\u0131r.<\/span><\/p>\n<p><span style=\"font-weight: 400;\">Reengen&#8217;in sundu\u011fu Enerji IoT Platformu; ticari binalar, end\u00fcstriyel tesisler ve yenilenebilir enerji santralleri i\u00e7in bulut tabanl\u0131 enerji i\u015f zekas\u0131 \u00e7\u00f6z\u00fcm\u00fcd\u00fcr. Veri bilimi odakl\u0131 IoT Platformu, hali haz\u0131rda 5 farkl\u0131 \u00fclkedeki binlerce binadan enerji ve operasyon verisi toplarken, tesisler i\u00e7in enerji tasarrufu, operasyonel verimlilik, enerji sat\u0131n alma optimizasyonu ve kestirimci bak\u0131m katma de\u011ferlerini sa\u011flar. Platform ve platforma entegre \u00e7al\u0131\u015fan IoT haberle\u015fme \u00fcnitesi ile protokolden ba\u011f\u0131ms\u0131z her sensor\/cihaza ba\u011flant\u0131 k\u00fct\u00fcphanesini olu\u015fturabilme, karar destek mekanizmas\u0131, b\u00fcy\u00fck veri analizi ve uzaktan izleme\/kontrol uygulamalar\u0131n\u0131 i\u00e7erir. Evrensel ba\u011flant\u0131 kurabilme yetkinli\u011fi sayesinde, kritik g\u00fc\u00e7 sistemlerinin operasyonunu g\u00fc\u00e7lendirir, talep taraf\u0131 y\u00f6netimini sa\u011flar ve anormal enerji operasyonlar\u0131n\u0131 \u00f6nceden te\u015fhis ederek \u00f6n\u00fcne ge\u00e7er. Geli\u015fmi\u015f kural motoru, web aray\u00fczleri ve mobil uygulamas\u0131, sens\u00f6r ve saya\u00e7lardan ger\u00e7ek zamanl\u0131 olarak toplanan enerji ve operasyonel verileri, tasarruf sa\u011flayan performans geli\u015ftirmelerine d\u00f6n\u00fc\u015ft\u00fcrmek i\u00e7in anla\u015f\u0131l\u0131r ve aksiyona d\u00f6n\u00fc\u015ft\u00fcr\u00fclebilir hale getirir. B\u00f6ylece do\u011fru zamanda do\u011fru aksiyonu kestirimci olarak almak i\u00e7in karar destek mekanizmas\u0131 g\u00f6revi g\u00f6r\u00fcr.<\/span><\/p>","protected":false},"excerpt":{"rendered":"<p>Sorry, this entry is only available in Turkish. For the sake of viewer convenience, the content is shown below in the alternative language. You may click the link to switch the active language. T\u00fcrkiye\u2019nin ve b\u00f6lgenin lider dijital enerji y\u00f6netim \u015firketi Reengen, A\u011fustos ay\u0131nda tamamlad\u0131\u011f\u0131 2&#8217;inci\u00a0yat\u0131r\u0131m turu ile beraber toplad\u0131\u011f\u0131 toplam arge ve yat\u0131r\u0131m finansman\u0131 [&hellip;]<\/p>\n","protected":false},"author":1,"featured_media":99788,"comment_status":"open","ping_status":"open","sticky":false,"template":"","format":"standard","meta":[],"categories":[51,53,52,157],"tags":[57600,57596,21548,57605,57592,14112,57603,57606,57602,37701,37700,57597,49436,57595,26559,57589,57604,57591,35917,57593,42255,57598,57601,57590,57599,57588,38998,49130,12699,57587,12718,793,57594],"views":839,"_links":{"self":[{"href":"https:\/\/www.enerjigazetesi.ist\/en\/wp-json\/wp\/v2\/posts\/99785"}],"collection":[{"href":"https:\/\/www.enerjigazetesi.ist\/en\/wp-json\/wp\/v2\/posts"}],"about":[{"href":"https:\/\/www.enerjigazetesi.ist\/en\/wp-json\/wp\/v2\/types\/post"}],"author":[{"embeddable":true,"href":"https:\/\/www.enerjigazetesi.ist\/en\/wp-json\/wp\/v2\/users\/1"}],"replies":[{"embeddable":true,"href":"https:\/\/www.enerjigazetesi.ist\/en\/wp-json\/wp\/v2\/comments?post=99785"}],"version-history":[{"count":0,"href":"https:\/\/www.enerjigazetesi.ist\/en\/wp-json\/wp\/v2\/posts\/99785\/revisions"}],"wp:featuredmedia":[{"embeddable":true,"href":"https:\/\/www.enerjigazetesi.ist\/en\/wp-json\/wp\/v2\/media\/99788"}],"wp:attachment":[{"href":"https:\/\/www.enerjigazetesi.ist\/en\/wp-json\/wp\/v2\/media?parent=99785"}],"wp:term":[{"taxonomy":"category","embeddable":true,"href":"https:\/\/www.enerjigazetesi.ist\/en\/wp-json\/wp\/v2\/categories?post=99785"},{"taxonomy":"post_tag","embeddable":true,"href":"https:\/\/www.enerjigazetesi.ist\/en\/wp-json\/wp\/v2\/tags?post=99785"}],"curies":[{"name":"wp","href":"https:\/\/api.w.org\/{rel}","templated":true}]}}