{"id":997,"date":"2012-07-19T09:42:32","date_gmt":"2012-07-19T06:42:32","guid":{"rendered":"https:\/\/www.enerjigazetesi.ist\/?p=997"},"modified":"2012-07-19T09:43:03","modified_gmt":"2012-07-19T06:43:03","slug":"turkiye-enerji-borsasi-kuruluyor","status":"publish","type":"post","link":"https:\/\/www.enerjigazetesi.ist\/en\/turkiye-enerji-borsasi-kuruluyor\/","title":{"rendered":"(Turkish) T\u00fcrkiye Enerji Borsas\u0131 Kuruluyor"},"content":{"rendered":"<p class=\"qtranxs-available-languages-message qtranxs-available-languages-message-en\">Sorry, this entry is only available in <a href=\"https:\/\/www.enerjigazetesi.ist\/tr\/wp-json\/wp\/v2\/posts\/997\" class=\"qtranxs-available-language-link qtranxs-available-language-link-tr\" title=\"Turkish\">Turkish<\/a>. For the sake of viewer convenience, the content is shown below in the alternative language. You may click the link to switch the active language.<\/p><p><strong>Avrupa Enerji Borsas\u0131 (EEX) ile T\u00fcrkiye Elektrik \u0130letim A.\u015e. (TE\u0130A\u015e) aras\u0131nda T\u00fcrkiye\u2019de bir organize enerji piyasas\u0131 kurulmas\u0131 i\u00e7in i\u015fbirli\u011fi yap\u0131lmas\u0131 konusunda mutabakat protokol\u00fc imzaland\u0131.<\/strong><\/p>\n<div>\n<p>Avrupa Enerji Borsas\u0131 (EEX) ile T\u00fcrkiye Elektrik \u0130letim A.\u015e. (TE\u0130A\u015e) aras\u0131nda T\u00fcrkiye\u2019de bir organize enerji piyasas\u0131 kurulmas\u0131 i\u00e7in<img loading=\"lazy\" class=\"alignleft size-medium wp-image-998\" title=\"enerji-borsasi-turkiye\" src=\"https:\/\/www.enerjigazetesi.ist\/wp-content\/uploads\/2012\/07\/enerji-borsasi1-300x167.jpg\" alt=\"\" width=\"300\" height=\"167\" srcset=\"https:\/\/www.enerjigazetesi.ist\/wp-content\/uploads\/2012\/07\/enerji-borsasi1-300x167.jpg 300w, https:\/\/www.enerjigazetesi.ist\/wp-content\/uploads\/2012\/07\/enerji-borsasi1-80x44.jpg 80w, https:\/\/www.enerjigazetesi.ist\/wp-content\/uploads\/2012\/07\/enerji-borsasi1.jpg 480w\" sizes=\"(max-width: 300px) 100vw, 300px\" \/> i\u015fbirli\u011fi yap\u0131lmas\u0131 konusunda mutabakat protokol\u00fc imzaland\u0131. T\u00fcrkiye, stratejik a\u00e7\u0131dan \u00f6nemli co\u011frafi konumuyla, G\u00fcneydo\u011fu Avrupa ile Asya b\u00f6lgeleri aras\u0131nda bulunan en b\u00fcy\u00fck ve en dinamik enerji pazarlar\u0131ndan birini olu\u015fturuyor.<\/p>\n<p>EEX Mali \u0130\u015fler Y\u00f6neticisi (CFO) Iris Weidinger Avrupa Enerji Borsas\u0131\u2019n\u0131n son on y\u0131lda g\u00fcvenli ve geli\u015fmi\u015f bir takas altyap\u0131s\u0131, uluslararas\u0131 i\u015fbirlikleri ve \u015feffaf standartlar\u0131 da kapsayan enerji ticaretine ili\u015fkin bir\u00e7ok hukuki d\u00fczenleme, teknik altyap\u0131 ve operasyonel i\u015fletim \u00e7er\u00e7evesi olu\u015fturdu\u011funu belirtti. Weidinger \u201cEEX ve EPEX SPOT olarak T\u00fcrkiye enerji piyasas\u0131n\u0131n geli\u015fimine katk\u0131 sa\u011flamaktan ve bu alandaki uzmanl\u0131\u011f\u0131m\u0131z\u0131 T\u00fcrk i\u015f ortaklar\u0131m\u0131zla payla\u015fmaktan memnuniyet duyuyoruz\u201d dedi.<\/p>\n<p>TE\u0130A\u015e Genel M\u00fcd\u00fcr Kemal Y\u0131ld\u0131r ise imzalanan bu protokolle ilgili olarak \u015funlar\u0131 s\u00f6yledi; &#8220;TE\u0130A\u015e&#8217;\u0131n ulusal ve teknik uzmanl\u0131\u011f\u0131 ile EEX&#8217;in piyasa i\u015fletim uzmanl\u0131\u011f\u0131n\u0131 bulu\u015fturuyoruz. Bu \u00f6nemli i\u015fbirli\u011finin, T\u00fcrkiye elektrik piyasas\u0131n\u0131n geli\u015fimini te\u015fvik edece\u011fine ve destekleyece\u011fine inan\u0131yoruz\u2019\u2019.<\/p>\n<p>\u0130mzalanan mutabakat zapt\u0131na ili\u015fkin T.C Enerji ve Tabii Kaynaklar Bakanl\u0131\u011f\u0131 M\u00fcste\u015far\u0131 Metin Kilci, \u201cAsya ve Avrupa aras\u0131nda k\u00f6pr\u00fc olan T\u00fcrkiye, bu b\u00f6lgede bir referans fiyat olu\u015fturma potansiyeline sahip. Likit spot ve t\u00fcrev piyasalar\u0131 bar\u0131nd\u0131ran bir T\u00fcrkiye Enerji Borsas\u0131\u2019n\u0131n kurulmas\u0131, enerji piyasas\u0131n\u0131n liberalle\u015fmesi ve elektrik piyasalar\u0131n\u0131n daha da b\u00fcy\u00fcmesi i\u00e7in b\u00fcy\u00fck \u00f6nem ta\u015f\u0131yor\u201d dedi.<\/p>\n<p>Avrupa Enerji Borsas\u0131, son on y\u0131lda enerji ticaretine ili\u015fkin hukuki d\u00fczenleme, teknik alt donan\u0131m ve operasyonel i\u015fletim \u00e7er\u00e7evesi olu\u015fturman\u0131n yan\u0131s\u0131ra, g\u00fcvenli ve \u00e7ok geli\u015fmi\u015f bir takas altyap\u0131s\u0131, uluslararas\u0131 i\u015fbirlikleri ve \u015feffaf standartlar geli\u015ftirmi\u015ftir.<\/p>\n<p>Kaynak: <a href=\"http:\/\/www.stargundem.com\/ajanslar\/turkiye-enerji-borsasi-kuruluyor-12686.html\" target=\"_blank\">Star<\/a><\/p>\n<\/div>\n<p><\/p>","protected":false},"excerpt":{"rendered":"<p>Sorry, this entry is only available in Turkish. For the sake of viewer convenience, the content is shown below in the alternative language. You may click the link to switch the active language.Avrupa Enerji Borsas\u0131 (EEX) ile T\u00fcrkiye Elektrik \u0130letim A.\u015e. (TE\u0130A\u015e) aras\u0131nda T\u00fcrkiye\u2019de bir organize enerji piyasas\u0131 kurulmas\u0131 i\u00e7in i\u015fbirli\u011fi yap\u0131lmas\u0131 konusunda mutabakat protokol\u00fc [&hellip;]<\/p>\n","protected":false},"author":1,"featured_media":1001,"comment_status":"open","ping_status":"open","sticky":false,"template":"","format":"standard","meta":[],"categories":[53],"tags":[67,158],"views":1063,"_links":{"self":[{"href":"https:\/\/www.enerjigazetesi.ist\/en\/wp-json\/wp\/v2\/posts\/997"}],"collection":[{"href":"https:\/\/www.enerjigazetesi.ist\/en\/wp-json\/wp\/v2\/posts"}],"about":[{"href":"https:\/\/www.enerjigazetesi.ist\/en\/wp-json\/wp\/v2\/types\/post"}],"author":[{"embeddable":true,"href":"https:\/\/www.enerjigazetesi.ist\/en\/wp-json\/wp\/v2\/users\/1"}],"replies":[{"embeddable":true,"href":"https:\/\/www.enerjigazetesi.ist\/en\/wp-json\/wp\/v2\/comments?post=997"}],"version-history":[{"count":3,"href":"https:\/\/www.enerjigazetesi.ist\/en\/wp-json\/wp\/v2\/posts\/997\/revisions"}],"predecessor-version":[{"id":1002,"href":"https:\/\/www.enerjigazetesi.ist\/en\/wp-json\/wp\/v2\/posts\/997\/revisions\/1002"}],"wp:featuredmedia":[{"embeddable":true,"href":"https:\/\/www.enerjigazetesi.ist\/en\/wp-json\/wp\/v2\/media\/1001"}],"wp:attachment":[{"href":"https:\/\/www.enerjigazetesi.ist\/en\/wp-json\/wp\/v2\/media?parent=997"}],"wp:term":[{"taxonomy":"category","embeddable":true,"href":"https:\/\/www.enerjigazetesi.ist\/en\/wp-json\/wp\/v2\/categories?post=997"},{"taxonomy":"post_tag","embeddable":true,"href":"https:\/\/www.enerjigazetesi.ist\/en\/wp-json\/wp\/v2\/tags?post=997"}],"curies":[{"name":"wp","href":"https:\/\/api.w.org\/{rel}","templated":true}]}}