{"id":99657,"date":"2019-09-26T13:59:08","date_gmt":"2019-09-26T10:59:08","guid":{"rendered":"https:\/\/www.enerjigazetesi.ist\/?p=99657"},"modified":"2019-09-26T13:59:08","modified_gmt":"2019-09-26T10:59:08","slug":"abde-enerjinin-yuzde-90-indan-fazlasini-yenilenebilir-enerji-olusturacak","status":"publish","type":"post","link":"https:\/\/www.enerjigazetesi.ist\/en\/abde-enerjinin-yuzde-90-indan-fazlasini-yenilenebilir-enerji-olusturacak\/","title":{"rendered":"(Turkish) AB\u2019de Enerjinin % 90\u2019\u0131ndan Fazlas\u0131n\u0131 &#8216;Yenilenebilir Enerji&#8217; Olu\u015fturacak"},"content":{"rendered":"<p class=\"qtranxs-available-languages-message qtranxs-available-languages-message-en\">Sorry, this entry is only available in <a href=\"https:\/\/www.enerjigazetesi.ist\/tr\/wp-json\/wp\/v2\/posts\/99657\" class=\"qtranxs-available-language-link qtranxs-available-language-link-tr\" title=\"Turkish\">Turkish<\/a>. For the sake of viewer convenience, the content is shown below in the alternative language. You may click the link to switch the active language.<\/p><p><\/p>\n<h1><strong>Bloomberg New Energy Finance (BNEF) taraf\u0131ndan yay\u0131mlanan raporda, yenilenebilir enerji kaynaklar\u0131n\u0131n 2050 y\u0131l\u0131na kadar Avrupa\u2019n\u0131n enerji karmas\u0131ndaki pay\u0131 % 90\u2019\u0131ndan fazlas\u0131n\u0131 meydana getirecek. BNEF bir y\u0131l o\u0308nceki raporunda, yenilenebilir enerjinin 2050 y\u0131l\u0131nda Avrupa\u2019n\u0131n arz\u0131n\u0131n % 87\u2019sini meydana getirece\u011fini dile getirmi\u015fti.<\/strong><\/h1>\n<p>Yeni yap\u0131lan tahminlemeye go\u0308re ise bu oran\u0131n % 92 olmas\u0131 \u00f6ng\u00f6r\u00fcl\u00fcrken \u015firket son raporunda, &#8220;Bu\u0308yu\u0308k Bat\u0131 Avrupa ekonomileri, karbon fiyatland\u0131rmas\u0131yla birlikte gu\u0308c\u0327lu\u0308 politika deste\u011fi sayesinde, dekarbonizasyon konusunda \u015fimdiden o\u0308nemli o\u0308lc\u0327u\u0308de ilerleme kaydetmis\u0327 durumdad\u0131r\u201d ifadeleri <img loading=\"lazy\" class=\"alignright wp-image-99660\" src=\"https:\/\/www.enerjigazetesi.ist\/wp-content\/uploads\/2019\/09\/ab-de-enerjinin-yuzde-90-indan-fazlasini-yenilenebilir-enerji-olusturacak.jpg\" alt=\"\" width=\"320\" height=\"240\" srcset=\"https:\/\/www.enerjigazetesi.ist\/wp-content\/uploads\/2019\/09\/ab-de-enerjinin-yuzde-90-indan-fazlasini-yenilenebilir-enerji-olusturacak.jpg 640w, https:\/\/www.enerjigazetesi.ist\/wp-content\/uploads\/2019\/09\/ab-de-enerjinin-yuzde-90-indan-fazlasini-yenilenebilir-enerji-olusturacak-300x225.jpg 300w, https:\/\/www.enerjigazetesi.ist\/wp-content\/uploads\/2019\/09\/ab-de-enerjinin-yuzde-90-indan-fazlasini-yenilenebilir-enerji-olusturacak-500x375.jpg 500w, https:\/\/www.enerjigazetesi.ist\/wp-content\/uploads\/2019\/09\/ab-de-enerjinin-yuzde-90-indan-fazlasini-yenilenebilir-enerji-olusturacak-67x50.jpg 67w\" sizes=\"(max-width: 320px) 100vw, 320px\" \/>kullan\u0131ld\u0131.<\/p>\n<p>AB, du\u0308s\u0327u\u0308k karbonlu yeni teknolojilere, yenilenebilir enerjiye, enerji verimlili\u011fine ve s\u0327ebeke alt yap\u0131s\u0131na yap\u0131lan o\u0308nemli yat\u0131r\u0131mlar ile <strong>2050&#8217;ye kadar<\/strong> sera gaz\u0131 emisyonlar\u0131n\u0131 <strong>1990<\/strong> seviyelerinin <strong>% 80- 95<\/strong> alt\u0131na du\u0308s\u0327u\u0308rme konusunda uzun vadeli bir hedef belirlemis\u0327 olup <strong>ru\u0308zgar, gu\u0308nes\u0327 ve teknolojisinin<\/strong> maliyetinde <strong>\u201co\u0308nemli du\u0308\u015f\u00fc\u015fler\u201d<\/strong> oldu\u011funu, bo\u0308ylece yu\u0308zy\u0131l\u0131n ortas\u0131na kadar du\u0308nya enerji u\u0308retiminin yaklas\u0327\u0131k yar\u0131s\u0131n\u0131 <strong>ru\u0308zgar ve gu\u0308nes\u0327in<\/strong> olus\u0327turabileceg\u0306ini belirtti. <strong>Ko\u0308mu\u0308ru\u0308n<\/strong> pay\u0131n\u0131n ise aksine, \u015fu anki <strong>%37\u2019den<\/strong> sadece <strong>y\u00fczde 12\u2019ye<\/strong> du\u0308\u015fmesi \u00f6ng\u00f6r\u00fclmektedir.<\/p>\n<p>BNEF, elektrik talebinin <strong>% 62<\/strong> artarak, 2018-2050 y\u0131llar\u0131 aras\u0131nda, <strong>ku\u0308resel u\u0308retim kapasitesi<\/strong>nin<br \/>\nneredeyse u\u0308c\u0327 kat\u0131na c\u0327\u0131kmas\u0131na neden olmas\u0131n\u0131 bekliyor. Bunun ise 13,3 trilyon dolar civar\u0131nda yeni<br \/>\nyat\u0131r\u0131ma neden olaca\u011f\u0131 tahmin ediliyor. Ru\u0308zgar yat\u0131r\u0131mlar\u0131n\u0131n 5.3 trilyon dolar, gu\u0308ne\u015f yat\u0131r\u0131mlar\u0131n\u0131n ise 4.2 trilyon dolar civar\u0131nda olmas\u0131 bekleniyor.<\/p>","protected":false},"excerpt":{"rendered":"<p>Sorry, this entry is only available in Turkish. For the sake of viewer convenience, the content is shown below in the alternative language. You may click the link to switch the active language. Bloomberg New Energy Finance (BNEF) taraf\u0131ndan yay\u0131mlanan raporda, yenilenebilir enerji kaynaklar\u0131n\u0131n 2050 y\u0131l\u0131na kadar Avrupa\u2019n\u0131n enerji karmas\u0131ndaki pay\u0131 % 90\u2019\u0131ndan fazlas\u0131n\u0131 meydana [&hellip;]<\/p>\n","protected":false},"author":1,"featured_media":99660,"comment_status":"open","ping_status":"open","sticky":false,"template":"","format":"standard","meta":[],"categories":[51,53,49,50],"tags":[1192,1964,2132,57464,4559,19672,54670,1238,18,26559,53157,34969,53282,50081,46773,34977,793,26829],"views":603,"_links":{"self":[{"href":"https:\/\/www.enerjigazetesi.ist\/en\/wp-json\/wp\/v2\/posts\/99657"}],"collection":[{"href":"https:\/\/www.enerjigazetesi.ist\/en\/wp-json\/wp\/v2\/posts"}],"about":[{"href":"https:\/\/www.enerjigazetesi.ist\/en\/wp-json\/wp\/v2\/types\/post"}],"author":[{"embeddable":true,"href":"https:\/\/www.enerjigazetesi.ist\/en\/wp-json\/wp\/v2\/users\/1"}],"replies":[{"embeddable":true,"href":"https:\/\/www.enerjigazetesi.ist\/en\/wp-json\/wp\/v2\/comments?post=99657"}],"version-history":[{"count":0,"href":"https:\/\/www.enerjigazetesi.ist\/en\/wp-json\/wp\/v2\/posts\/99657\/revisions"}],"wp:featuredmedia":[{"embeddable":true,"href":"https:\/\/www.enerjigazetesi.ist\/en\/wp-json\/wp\/v2\/media\/99660"}],"wp:attachment":[{"href":"https:\/\/www.enerjigazetesi.ist\/en\/wp-json\/wp\/v2\/media?parent=99657"}],"wp:term":[{"taxonomy":"category","embeddable":true,"href":"https:\/\/www.enerjigazetesi.ist\/en\/wp-json\/wp\/v2\/categories?post=99657"},{"taxonomy":"post_tag","embeddable":true,"href":"https:\/\/www.enerjigazetesi.ist\/en\/wp-json\/wp\/v2\/tags?post=99657"}],"curies":[{"name":"wp","href":"https:\/\/api.w.org\/{rel}","templated":true}]}}