{"id":99535,"date":"2019-09-24T14:29:44","date_gmt":"2019-09-24T11:29:44","guid":{"rendered":"https:\/\/www.enerjigazetesi.ist\/?p=99535"},"modified":"2019-09-24T16:16:19","modified_gmt":"2019-09-24T13:16:19","slug":"10-uncu-turkiye-enerji-forumu-2-3-ekim-de-istanbul-da-duzenleniyor","status":"publish","type":"post","link":"https:\/\/www.enerjigazetesi.ist\/en\/10-uncu-turkiye-enerji-forumu-2-3-ekim-de-istanbul-da-duzenleniyor\/","title":{"rendered":"(Turkish) 10&#8217;uncu &#8216;T\u00fcrkiye Enerji Forumu&#8217; 2-3 Ekim&#8217;de \u0130stanbul&#8217;da D\u00fczenleniyor!"},"content":{"rendered":"<p class=\"qtranxs-available-languages-message qtranxs-available-languages-message-en\">Sorry, this entry is only available in <a href=\"https:\/\/www.enerjigazetesi.ist\/tr\/wp-json\/wp\/v2\/posts\/99535\" class=\"qtranxs-available-language-link qtranxs-available-language-link-tr\" title=\"Turkish\">Turkish<\/a>. For the sake of viewer convenience, the content is shown below in the alternative language. You may click the link to switch the active language.<\/p><p><\/p>\n<h1><strong>10&#8217;uncu &#8216;T\u00fcrkiye Enerji Forumu&#8217; 2-3 Ekim 2019\u2019da Shangri-La Bosphorus Otel\u2019de d\u00fczenleniyor. <\/strong><\/h1>\n<p>&nbsp;<\/p>\n<h2><strong>Enerji \u00dcreticileri Derne\u011fi (E\u00dcD), GAMA Enerji, IC \u0130\u00e7ta\u015f Enerji, Enerjisa, Kalyon Enerji, Borusan ENBW Enerji, Akfen Enerji, Polat Enerji, EP\u0130A\u015e, BOTA\u015e, SOCAR, TANAP\u00a0gibi enerji sekt\u00f6r\u00fcn\u00fcn \u00f6nde gelen \u015firketleriyle birlikte \u0130\u015f Bankas\u0131, Garanti Bankas\u0131, TSKB, EBRD, AIIB gibi finans\u00f6r kurulu\u015flar ve bankalar\u0131nda yer alaca\u011f\u0131 &#8216;T\u00fcrkiye Enerji Forumu&#8217; ger\u00e7ekle\u015ftirilecek.<\/strong><\/h2>\n<p><strong>7 y\u0131l\u0131 a\u015fk\u0131n<\/strong> s\u00fcredir <strong>Enerji Gazetesi&#8217;nin<\/strong> de her y\u0131l oldu\u011fu gibi bu y\u0131lda medya destek\u00e7isi oldu\u011fu forum, her y\u0131l oldu\u011fu gibi yine enerji sekt\u00f6r\u00fcnde faaliyet g\u00f6steren ve \u00f6nde gelen yat\u0131r\u0131mc\u0131 \u015firketleri, <img loading=\"lazy\" class=\"alignright wp-image-99537\" src=\"https:\/\/www.enerjigazetesi.ist\/wp-content\/uploads\/2019\/09\/10-uncu-turkiye-enerji-forumu-2-3-ekim-de-istanbul-da-duzenleniyor.jpg\" alt=\"\" width=\"320\" height=\"179\" srcset=\"https:\/\/www.enerjigazetesi.ist\/wp-content\/uploads\/2019\/09\/10-uncu-turkiye-enerji-forumu-2-3-ekim-de-istanbul-da-duzenleniyor.jpg 871w, https:\/\/www.enerjigazetesi.ist\/wp-content\/uploads\/2019\/09\/10-uncu-turkiye-enerji-forumu-2-3-ekim-de-istanbul-da-duzenleniyor-300x168.jpg 300w, https:\/\/www.enerjigazetesi.ist\/wp-content\/uploads\/2019\/09\/10-uncu-turkiye-enerji-forumu-2-3-ekim-de-istanbul-da-duzenleniyor-768x430.jpg 768w, https:\/\/www.enerjigazetesi.ist\/wp-content\/uploads\/2019\/09\/10-uncu-turkiye-enerji-forumu-2-3-ekim-de-istanbul-da-duzenleniyor-500x280.jpg 500w, https:\/\/www.enerjigazetesi.ist\/wp-content\/uploads\/2019\/09\/10-uncu-turkiye-enerji-forumu-2-3-ekim-de-istanbul-da-duzenleniyor-80x45.jpg 80w\" sizes=\"(max-width: 320px) 100vw, 320px\" \/>finans\u00f6r kurulu\u015flar ve bankalar, kamu ve \u00f6zel sekt\u00f6rden bir\u00e7ok enerji uzman\u0131 a\u011f\u0131rlayacak.<\/p>\n<p><strong>2 g\u00fcn boyunca<\/strong> s\u00fcrecek olan <strong>enerji forumunda<\/strong> ele al\u0131nacak <span style=\"text-decoration: underline;\">konu ba\u015fl\u0131klar\u0131 ise \u015fu \u015fekildedir;<\/span><\/p>\n<p>&#8211; T\u00fcrkiye Enerji Sekt\u00f6r\u00fcn\u00fcn Derinlemesine Analizi<\/p>\n<p>&#8211; Yeni bir Enerji Mix\u2019i Tan\u0131mlamak: T\u00fcrkiye\u2019de Enerji Geli\u015fiminde Gelecek 5-10 Y\u0131l Neler Getirecek?<\/p>\n<p>&#8211; Enerji Sekt\u00f6r\u00fcnde Asya Altyap\u0131 Yat\u0131r\u0131mlar\u0131 Bankas\u0131 Faaliyetleri<\/p>\n<p>&#8211; T\u00fcrk Enerji Projelerinin Finansman\u0131nda Trendler<\/p>\n<p>&#8211; T\u00fcrk Enerji Sekt\u00f6r\u00fcnde Bor\u00e7 Yap\u0131land\u0131rmalar\u0131<\/p>\n<p>&#8211; T\u00fcrkiye Yenilenebilir Enerji Sekt\u00f6r\u00fcnde Yol Haritas\u0131<\/p>\n<p>&#8211; T\u00fcrkiye\u2019nin LNG Sekt\u00f6r\u00fc ve B\u00f6lgede Geni\u015fleme Potansiyeli<\/p>\n<p>&#8211; Konvansiyonel Olmayan Petrol ve Gaz \u00dcretiminde B\u00fcy\u00fcme ve T\u00fcrkiye \u0130\u00e7in Potansiyel<\/p>\n<p>&#8211; B\u00f6lgesel Gaz Piyasas\u0131 Dinamikleri<\/p>\n<p>&#8211; Kur Dalgalanmalar\u0131yla M\u00fccadele: Deniza\u015f\u0131r\u0131 Yat\u0131r\u0131mlar i\u00e7in Mevcut \u00c7\u00f6z\u00fcmler Neler ve Ne Gibi Geli\u015fmeler Gerekli?<\/p>\n<p>&#8211; T\u00fcrkiye\u2019de G\u00fcne\u015f Paneli Projelerinin Geli\u015ftirilmesi<\/p>\n<p>&#8211; \u00c7at\u0131 G\u00fcne\u015f Sistemleri F\u0131rsatlar\u0131<\/p>\n<p>&#8211; Enerji Sekt\u00f6r\u00fcn\u00fcn Dijitalle\u015fmesi, <strong>Yerel Da\u011f\u0131t\u0131m \u015eirketleri&#8217;<\/strong>nin En B\u00fcy\u00fck \u0130htiya\u00e7lar\u0131n\u0131n Tan\u0131mlanmas\u0131<\/p>\n<p><span style=\"color: #993300;\"><em>Ayr\u0131ca <strong>Sn. Alparslan Bayraktar<\/strong>&#8216;da Forum&#8217;da Yer Alacakt\u0131r&#8230;\u00a0<\/em><\/span><\/p>\n<p><strong>&#8216;Turkey Energy Forum 2019&#8217; Hakk\u0131nda Daha Fazla Bilgi ve\u00a0( <span style=\"color: #993300;\">Enerji Gazetesi okurlar\u0131na \u00f6zel %35 indirimli<\/span>\u00a0) Kay\u0131tlar \u0130\u00e7in:\u00a0<\/strong><a href=\"https:\/\/eelevents.co.uk\/turkey-energy-forum-2019\/\" target=\"_blank\" rel=\"noopener\">https:\/\/eelevents.co.uk\/turkey-energy-forum-2019\/<\/a>\u00a0adresini ziyaret edebilir,\u00a0<a href=\"mailto:emine.acar@eelevents.co.uk\" target=\"_blank\" rel=\"noopener\">emine.acar@eelevents.co.uk<\/a>\u00a0mail adresinden irtibata ge\u00e7ebilirsiniz.<\/p>\n<p><strong>&#8216;Turkey Energy Forum 2019&#8217; Program \u0130\u00e7eri\u011fi \u0130\u00e7in:<\/strong>\u00a0<a href=\"https:\/\/www.enerjigazetesi.ist\/Turkey-Energy-Forum-2019.pdf\" target=\"_blank\" rel=\"noopener\">https:\/\/www.enerjigazetesi.ist\/Turkey-Energy-Forum-2019.pdf<\/a>\u00a0adresini inceleyebilirsiniz.<\/p>\n<p>Sarp ALTINEL \/ Enerji Gazetesi &#8211; <a href=\"mailto:sarp.altinel@enerjigazetesi.ist\" target=\"_blank\" rel=\"noopener\">sarp.altinel@enerjigazetesi.ist<\/a><\/p>","protected":false},"excerpt":{"rendered":"<p>Sorry, this entry is only available in Turkish. For the sake of viewer convenience, the content is shown below in the alternative language. You may click the link to switch the active language. 10&#8217;uncu &#8216;T\u00fcrkiye Enerji Forumu&#8217; 2-3 Ekim 2019\u2019da Shangri-La Bosphorus Otel\u2019de d\u00fczenleniyor. &nbsp; Enerji \u00dcreticileri Derne\u011fi (E\u00dcD), GAMA Enerji, IC \u0130\u00e7ta\u015f Enerji, Enerjisa, [&hellip;]<\/p>\n","protected":false},"author":1,"featured_media":99537,"comment_status":"open","ping_status":"open","sticky":false,"template":"","format":"standard","meta":[],"categories":[46,51,53,49,44,50],"tags":[57364,39698,9575,6417,14225,531,52362,1259,52674,21919,57365,52259,57366,39323,57361,422,1010,57363,7536,2716,57367,57368,30845,31672,34920,53787,19681,4487,30503,57362,769,2297,34977,1489,57370,31621,26829,57369],"views":1121,"_links":{"self":[{"href":"https:\/\/www.enerjigazetesi.ist\/en\/wp-json\/wp\/v2\/posts\/99535"}],"collection":[{"href":"https:\/\/www.enerjigazetesi.ist\/en\/wp-json\/wp\/v2\/posts"}],"about":[{"href":"https:\/\/www.enerjigazetesi.ist\/en\/wp-json\/wp\/v2\/types\/post"}],"author":[{"embeddable":true,"href":"https:\/\/www.enerjigazetesi.ist\/en\/wp-json\/wp\/v2\/users\/1"}],"replies":[{"embeddable":true,"href":"https:\/\/www.enerjigazetesi.ist\/en\/wp-json\/wp\/v2\/comments?post=99535"}],"version-history":[{"count":0,"href":"https:\/\/www.enerjigazetesi.ist\/en\/wp-json\/wp\/v2\/posts\/99535\/revisions"}],"wp:featuredmedia":[{"embeddable":true,"href":"https:\/\/www.enerjigazetesi.ist\/en\/wp-json\/wp\/v2\/media\/99537"}],"wp:attachment":[{"href":"https:\/\/www.enerjigazetesi.ist\/en\/wp-json\/wp\/v2\/media?parent=99535"}],"wp:term":[{"taxonomy":"category","embeddable":true,"href":"https:\/\/www.enerjigazetesi.ist\/en\/wp-json\/wp\/v2\/categories?post=99535"},{"taxonomy":"post_tag","embeddable":true,"href":"https:\/\/www.enerjigazetesi.ist\/en\/wp-json\/wp\/v2\/tags?post=99535"}],"curies":[{"name":"wp","href":"https:\/\/api.w.org\/{rel}","templated":true}]}}