{"id":99528,"date":"2019-09-24T13:57:39","date_gmt":"2019-09-24T10:57:39","guid":{"rendered":"https:\/\/www.enerjigazetesi.ist\/?p=99528"},"modified":"2019-09-24T13:58:15","modified_gmt":"2019-09-24T10:58:15","slug":"ruzgarin-finansmani-bankacilik-sektor-temsilcileriyle-epdkda-ele-alindi","status":"publish","type":"post","link":"https:\/\/www.enerjigazetesi.ist\/en\/ruzgarin-finansmani-bankacilik-sektor-temsilcileriyle-epdkda-ele-alindi\/","title":{"rendered":"(Turkish) &#8217;R\u00fczgar\u0131n Finansman\u0131&#8217; Bankac\u0131l\u0131k Sekt\u00f6r\u00fcyle EPDK\u2019da Ele Al\u0131nd\u0131"},"content":{"rendered":"<p class=\"qtranxs-available-languages-message qtranxs-available-languages-message-en\">Sorry, this entry is only available in <a href=\"https:\/\/www.enerjigazetesi.ist\/tr\/wp-json\/wp\/v2\/posts\/99528\" class=\"qtranxs-available-language-link qtranxs-available-language-link-tr\" title=\"Turkish\">Turkish<\/a>. For the sake of viewer convenience, the content is shown below in the alternative language. You may click the link to switch the active language.<\/p><p><\/p>\n<h1>&#8216;EPDK&#8217; Bankac\u0131larla Bulu\u015ftu<\/h1>\n<p>&nbsp;<\/p>\n<h2><strong>EPDK Elektrik Piyasas\u0131 Daire Ba\u015fkan\u0131 Dr. Refik Tiryaki ba\u015fkanl\u0131\u011f\u0131nda 7 ayr\u0131 bankan\u0131n temsilcileri ve EPDK yetkilileri aras\u0131nda yap\u0131lan toplant\u0131ya T\u00fcrkiye r\u00fczgar enerjisi sekt\u00f6r\u00fcn\u00fcn \u00e7at\u0131 birli\u011fi T\u00dcREB de kat\u0131ld\u0131.<\/strong><\/h2>\n<p>&nbsp;<\/p>\n<h2><strong>18 Eyl\u00fcl 2019\u2019da yap\u0131lan ve r\u00fczgar, r\u00fczgar\u0131n finansman\u0131 ve y\u00f6netmeliklerle ilgili bankalar\u0131n sorular\u0131n\u0131n ele al\u0131nd\u0131\u011f\u0131 toplant\u0131da Akbank, Garanti BBVA, \u0130\u015f Bankas\u0131, Kuveyt T\u00fcrk, QNB Finansbank, T\u00fcrkiye S\u0131nai Kalk\u0131nma Bankas\u0131 TSKB ve Yap\u0131 Kredi Bankas\u0131\u2019ndan \u00dcst D\u00fczey Y\u00f6neticiler ve Proje Finans M\u00fcd\u00fcrleri yer ald\u0131.<\/strong><\/h2>\n<p>&nbsp;<br \/>\nToplant\u0131da ba\u015fta YEKDEM olmak \u00fczere EPDK mevzuat\u0131 ve r\u00fczgar sekt\u00f6r\u00fcndeki finansman konusu ele <img loading=\"lazy\" class=\"alignright wp-image-99531\" src=\"https:\/\/www.enerjigazetesi.ist\/wp-content\/uploads\/2019\/09\/ruzgarin-finansmani-bankacilik-sektor-temsilcileriyle-epdkda-ele-alindi-2.jpg\" alt=\"\" width=\"320\" height=\"210\" srcset=\"https:\/\/www.enerjigazetesi.ist\/wp-content\/uploads\/2019\/09\/ruzgarin-finansmani-bankacilik-sektor-temsilcileriyle-epdkda-ele-alindi-2.jpg 744w, https:\/\/www.enerjigazetesi.ist\/wp-content\/uploads\/2019\/09\/ruzgarin-finansmani-bankacilik-sektor-temsilcileriyle-epdkda-ele-alindi-2-300x197.jpg 300w, https:\/\/www.enerjigazetesi.ist\/wp-content\/uploads\/2019\/09\/ruzgarin-finansmani-bankacilik-sektor-temsilcileriyle-epdkda-ele-alindi-2-500x328.jpg 500w, https:\/\/www.enerjigazetesi.ist\/wp-content\/uploads\/2019\/09\/ruzgarin-finansmani-bankacilik-sektor-temsilcileriyle-epdkda-ele-alindi-2-76x50.jpg 76w\" sizes=\"(max-width: 320px) 100vw, 320px\" \/>al\u0131nd\u0131. EPDK Elektrik Dairesi Ba\u015fkan\u0131 Dr. Refik Tiryaki ba\u015fkanl\u0131\u011f\u0131ndaki toplant\u0131ya; EPDK RES Grup Ba\u015fkan\u0131 Mustafa \u00c7elebi ve HES Grup Ba\u015fkan\u0131 Deniz Da\u015ftan\u2019\u0131n yan\u0131 s\u0131ra Termik Grup Ba\u015fkan\u0131 Ertu\u011frul Y\u0131ld\u0131z, T\u00dcREB Ba\u015fkan\u0131 Hakan Y\u0131ld\u0131r\u0131m, T\u00dcREB Y\u00f6netim Kurulu \u00fcyeleri G\u00fcray Erol ve Olcayto Yi\u011fit, T\u00dcREB Genel Koordinat\u00f6r\u00fc Zeynep Asl\u0131han Yurtsever ve Reg\u00fclasyon ve Politikalar M\u00fcd\u00fcr\u00fc Aytun\u00e7 Zafer Ak\u00e7a da kat\u0131ld\u0131. R\u00fczgar enerjisi sekt\u00f6r\u00fcnde finans sekt\u00f6r\u00fcn\u00fc etkileyen konu ba\u015fl\u0131klar\u0131, yat\u0131r\u0131mc\u0131ya yans\u0131yan farkl\u0131 sorunlar, finansman yap\u0131lar\u0131 ve projelerin finanse edilebilirli\u011fini art\u0131rmak i\u00e7in \u00f6neriler de toplant\u0131da detaylar\u0131yla masaya yat\u0131r\u0131ld\u0131.<\/p>\n<p>Olduk\u00e7a verimli ge\u00e7ti\u011fi belirtilen bu toplant\u0131lar\u0131n \u00f6n\u00fcm\u00fczdeki s\u00fcre\u00e7te periyodik olarak devam etmesi bekleniyor.<\/p>","protected":false},"excerpt":{"rendered":"<p>Sorry, this entry is only available in Turkish. For the sake of viewer convenience, the content is shown below in the alternative language. You may click the link to switch the active language. &#8216;EPDK&#8217; Bankac\u0131larla Bulu\u015ftu &nbsp; EPDK Elektrik Piyasas\u0131 Daire Ba\u015fkan\u0131 Dr. Refik Tiryaki ba\u015fkanl\u0131\u011f\u0131nda 7 ayr\u0131 bankan\u0131n temsilcileri ve EPDK yetkilileri aras\u0131nda yap\u0131lan [&hellip;]<\/p>\n","protected":false},"author":1,"featured_media":99530,"comment_status":"open","ping_status":"open","sticky":false,"template":"","format":"standard","meta":[],"categories":[51,53,50],"tags":[2714,57353,57351,57356,52674,52259,57349,52480,31672,57359,57350,57355,57360,20838,35002,57354,53282,57358,1682,57357,56692,46846,8275,57352],"views":981,"_links":{"self":[{"href":"https:\/\/www.enerjigazetesi.ist\/en\/wp-json\/wp\/v2\/posts\/99528"}],"collection":[{"href":"https:\/\/www.enerjigazetesi.ist\/en\/wp-json\/wp\/v2\/posts"}],"about":[{"href":"https:\/\/www.enerjigazetesi.ist\/en\/wp-json\/wp\/v2\/types\/post"}],"author":[{"embeddable":true,"href":"https:\/\/www.enerjigazetesi.ist\/en\/wp-json\/wp\/v2\/users\/1"}],"replies":[{"embeddable":true,"href":"https:\/\/www.enerjigazetesi.ist\/en\/wp-json\/wp\/v2\/comments?post=99528"}],"version-history":[{"count":0,"href":"https:\/\/www.enerjigazetesi.ist\/en\/wp-json\/wp\/v2\/posts\/99528\/revisions"}],"wp:featuredmedia":[{"embeddable":true,"href":"https:\/\/www.enerjigazetesi.ist\/en\/wp-json\/wp\/v2\/media\/99530"}],"wp:attachment":[{"href":"https:\/\/www.enerjigazetesi.ist\/en\/wp-json\/wp\/v2\/media?parent=99528"}],"wp:term":[{"taxonomy":"category","embeddable":true,"href":"https:\/\/www.enerjigazetesi.ist\/en\/wp-json\/wp\/v2\/categories?post=99528"},{"taxonomy":"post_tag","embeddable":true,"href":"https:\/\/www.enerjigazetesi.ist\/en\/wp-json\/wp\/v2\/tags?post=99528"}],"curies":[{"name":"wp","href":"https:\/\/api.w.org\/{rel}","templated":true}]}}