{"id":99413,"date":"2019-09-23T11:12:13","date_gmt":"2019-09-23T08:12:13","guid":{"rendered":"https:\/\/www.enerjigazetesi.ist\/?p=99413"},"modified":"2019-09-24T00:13:53","modified_gmt":"2019-09-23T21:13:53","slug":"bm-iklim-eylem-zirvesi-oncesi-son-gelismeler","status":"publish","type":"post","link":"https:\/\/www.enerjigazetesi.ist\/en\/bm-iklim-eylem-zirvesi-oncesi-son-gelismeler\/","title":{"rendered":"(Turkish) &#8217;BM \u0130klim Eylem Zirvesi&#8217; \u00d6ncesi Son Geli\u015fmeler"},"content":{"rendered":"<p class=\"qtranxs-available-languages-message qtranxs-available-languages-message-en\">Sorry, this entry is only available in <a href=\"https:\/\/www.enerjigazetesi.ist\/tr\/wp-json\/wp\/v2\/posts\/99413\" class=\"qtranxs-available-language-link qtranxs-available-language-link-tr\" title=\"Turkish\">Turkish<\/a>. For the sake of viewer convenience, the content is shown below in the alternative language. You may click the link to switch the active language.<\/p><p><\/p>\n<h1><strong>Cumhurba\u015fkan\u0131 Recep Tayyip Erdo\u011fan&#8217;\u0131n da taslak programa g\u00f6re konu\u015fma yapaca\u011f\u0131 BM \u0130klim Eylem Zirvesi bug\u00fcn T\u00fcrkiye saati ile 17:00&#8217;da New York&#8217;ta ba\u015fl\u0131yor. D\u00fcnya liderlerinin yan\u0131 s\u0131ra, i\u015f d\u00fcnyas\u0131n\u0131n temsilcilerinin de kat\u0131laca\u011f\u0131 ve iklim eylemi konusunda somut a\u00e7\u0131klamalar yapaca\u011f\u0131 zirvede, Cumhurba\u015fkan\u0131 Erdo\u011fan, T\u00fcrkiye saati ile 22.10&#8217;da s\u00f6z alacak.<\/strong><\/h1>\n<p>A\u015fa\u011f\u0131da zirve \u00f6ncesinde ya\u015fanan g\u00fcncel geli\u015fmeleri ve BM \u0130klim Eylem Zirvesi hakk\u0131ndaki bigileri g\u00f6rebilirsiniz:<\/p>\n<h2><strong><img loading=\"lazy\" class=\"alignright wp-image-99416\" src=\"https:\/\/www.enerjigazetesi.ist\/wp-content\/uploads\/2019\/09\/bm-iklim-eylem-zirvesi-oncesi-son-gelismeler-1.jpg\" alt=\"\" width=\"320\" height=\"160\" srcset=\"https:\/\/www.enerjigazetesi.ist\/wp-content\/uploads\/2019\/09\/bm-iklim-eylem-zirvesi-oncesi-son-gelismeler-1.jpg 1140w, https:\/\/www.enerjigazetesi.ist\/wp-content\/uploads\/2019\/09\/bm-iklim-eylem-zirvesi-oncesi-son-gelismeler-1-300x150.jpg 300w, https:\/\/www.enerjigazetesi.ist\/wp-content\/uploads\/2019\/09\/bm-iklim-eylem-zirvesi-oncesi-son-gelismeler-1-768x384.jpg 768w, https:\/\/www.enerjigazetesi.ist\/wp-content\/uploads\/2019\/09\/bm-iklim-eylem-zirvesi-oncesi-son-gelismeler-1-1024x512.jpg 1024w, https:\/\/www.enerjigazetesi.ist\/wp-content\/uploads\/2019\/09\/bm-iklim-eylem-zirvesi-oncesi-son-gelismeler-1-500x250.jpg 500w, https:\/\/www.enerjigazetesi.ist\/wp-content\/uploads\/2019\/09\/bm-iklim-eylem-zirvesi-oncesi-son-gelismeler-1-80x40.jpg 80w\" sizes=\"(max-width: 320px) 100vw, 320px\" \/>BM Genel Sekreteri Guterres ve Greta Thunberg:<\/strong><\/h2>\n<p>&#8211; Guterres zirveyi BM \u0130klim Acil Durumu Deklerasyonu ile a\u00e7acak. Ard\u0131ndan \u0130sve\u00e7li Aktivist Greta Thunberg ve iki gen\u00e7 aktivist konu\u015facak.<\/p>\n<p>&#8211; Greta devam\u0131nda, UNICEF binas\u0131nda bir bas\u0131n toplant\u0131s\u0131 d\u00fczenleyecek ve Birle\u015fmi\u015f Milletler \u00c7ocuk Haklar\u0131 Komitesi&#8217;ne iklim krizi hakk\u0131nda resmi ba\u015fvuru yapacak.<\/p>\n<p>&#8212;&gt;Bas\u0131n toplant\u0131s\u0131 <strong>T\u00fcrkiye saati<\/strong> ile <strong>18:00&#8217;de<\/strong> d\u00fczenlenecek ve <a href=\"https:\/\/gscc2.apms5.com\/anywhere\/m?s=gscc2&amp;m=s_657327ef-3621-40c4-b12c-82fa51edd4d3&amp;u=e1jq4wvfdtfmce1h8gwm8c9m5n23gg9q5mu42dht5mwkgh225mt36c1n6cw3cg9p6gwkj&amp;r2=d1u78w3k78qjyxvqewq7jvvnehup4t9ecdqpubvqc5u66u1zeryn4hv65n9m4rbjbxt38&amp;n=1\" target=\"_blank\" rel=\"noopener\">bu linkten canl\u0131 yay\u0131mlanacak.\u00a0<\/a><\/p>\n<h2><strong>Petrol ve Gaz \u015eirketleri Protesto Ediliyor<\/strong><\/h2>\n<p>&#8211; Zirvenin ba\u015flad\u0131\u011f\u0131 g\u00fcn sivil toplum kurulu\u015flar\u0131n\u0131n hedefi petrol ve do\u011fal gaz \u015firketleri olacak. New York \u015fehrinin d\u00f6rt bir yan\u0131na &#8220;D\u00fcnyan\u0131n en b\u00fcy\u00fck fosil yak\u0131t \u015firketleri aras\u0131nda yer alan Shell, BP, ExxonMobil ve Chevron&#8217;nun CEO&#8217;lar\u0131n\u0131n &#8220;iklim su\u00e7lar\u0131ndan arand\u0131\u011f\u0131na&#8221; dair posterler <a href=\"https:\/\/gscc2.apms5.com\/anywhere\/m?s=gscc2&amp;m=s_657327ef-3621-40c4-b12c-82fa51edd4d3&amp;u=e1jq4wvfdtfmce1h8gwm8c9m5n23gg9q5mu42dht5mwkgh225mt36c1n6cw3cg9p6gwkj&amp;r2=d1u78w3k78qjyxvqewq6crb3cnh6yvvb5thpyv9fc5r6ut345xv6jt35dxtjyd1r6rt30e9h6cw3ae9q74v32fvkctq76fbddw&amp;n=3\" target=\"_blank\" rel=\"noopener\">as\u0131ld\u0131.<\/a><\/p>\n<p>&#8211; Eyl\u00fcl ay\u0131nda Carbon Tracker taraf\u0131ndan yay\u0131mlanan rapor, bu \u015firketlerin 50 milyar dolarl\u0131k yeni yat\u0131r\u0131mlar planlad\u0131\u011f\u0131n\u0131 ve hi\u00e7birinin Paris Anla\u015fmas\u0131&#8217;na uyumlu herhangi bir iklim plan\u0131na sahip <a href=\"https:\/\/gscc2.apms5.com\/anywhere\/m?s=gscc2&amp;m=s_657327ef-3621-40c4-b12c-82fa51edd4d3&amp;u=e1jq4wvfdtfmce1h8gwm8c9m5n23gg9q5mu42dht5mwkgh225mt36c1n6cw3cg9p6gwkj&amp;r2=d1u78w3k78qjyxvqewq66rbjc9qpwx3jc5hpptbj5tqq4ttfdxmprbb1dtj2utv1ecpp6vvde1gpwub5ecpp2w3ge9qqct9d6mr2urk9dhp6jvve5nqpcbbdc5n6ywhde1t6yuk5cdu76bbmd1gq8bbndtj6awkdd5q6abb3dhmpurbmcmpq8rbjcxjq8wtdc5q68bbjd5tppbbkd1gq4tb8dxp68tbj5nt6ax3ne9q76br&amp;n=4\" target=\"_blank\" rel=\"noopener\">olmad\u0131\u011f\u0131n\u0131 g\u00f6steriyor.<\/a><\/p>\n<p>&#8211; Oil Gas Climate Initiative ise bu sabah itibari ile yeni bir rapor yay\u0131mlad\u0131. Scaling Up for Action (Eylemi B\u00fcy\u00fctmek) ad\u0131 ta\u015f\u0131yan rapor, petrol ve gaz sekt\u00f6r\u00fcn\u00fcn nas\u0131l net-s\u0131f\u0131r emisyona ula\u015fabilece\u011fine dair \u00f6nemli bilgiler <a href=\"https:\/\/gscc2.apms5.com\/anywhere\/m?s=gscc2&amp;m=s_657327ef-3621-40c4-b12c-82fa51edd4d3&amp;u=e1jq4wvfdtfmce1h8gwm8c9m5n23gg9q5mu42dht5mwkgh225mt36c1n6cw3cg9p6gwkj&amp;r2=d1u78w3k78qjyvv9dhgpwt37c5tp6v39dngq8tb9dtmq8ub1ehmqct9ecdqpubvqe0pp6vveehjpwx1fenr6rvv1chtjychg64wjyc1t5x7megu95n0pwvknc5p2umk5e1qq4x1d68r32e9ee1j6c&amp;n=5\" target=\"_blank\" rel=\"noopener\">i\u00e7eriyor.<\/a><\/p>\n<h2><strong>BM&#8217;den son haberler:<\/strong><\/h2>\n<p>&#8211; Aral\u0131k ay\u0131ndaki <strong>\u0130klim M\u00fczakerelerine<\/strong> ev sahipli\u011fi yapacak olan \u015eili, emisyon azalt\u0131m\u0131n\u0131 hedefleyen yeni koalisyonunu A\u011fustos 2019&#8217;da duyurmu\u015ftu. <strong>Fransa, Birle\u015fik Krall\u0131k, Arjantin ve Yeni Zelanda<\/strong> gibi \u00fclkelerin koalisyona dahil olmas\u0131 <a href=\"https:\/\/gscc2.apms5.com\/anywhere\/m?s=gscc2&amp;m=s_657327ef-3621-40c4-b12c-82fa51edd4d3&amp;u=e1jq4wvfdtfmce1h8gwm8c9m5n23gg9q5mu42dht5mwkgh225mt36c1n6cw3cg9p6gwkj&amp;r2=d1u78w3k78qjywv4cwq6jubkcgq6ywk75xq6axvk5xkpyxk5e9q6utbeegppythdcdm6jv355nuq4tv5ecpq4rbde1mpwttdenr2uvb9ehmperbmd5qpwbb1dnh6jx39dxq2urb8cngp8bbfcrpp6v39dngq8t9dc5hq8ubfdrpq6xbddnmq8br&amp;n=6\" target=\"_blank\" rel=\"noopener\">bekleniyor.<\/a><\/p>\n<p>&#8211; Yeni yay\u0131mlanan <a href=\"https:\/\/gscc2.apms5.com\/anywhere\/m?s=gscc2&amp;m=s_657327ef-3621-40c4-b12c-82fa51edd4d3&amp;u=e1jq4wvfdtfmce1h8gwm8c9m5n23gg9q5mu42dht5mwkgh225mt36c1n6cw3cg9p6gwkj&amp;r2=d1u78w3k78qjyvvnehp6yvvb5tq68rvk5tupwt3g5tqq4ttf&amp;n=7\" target=\"_blank\" rel=\"noopener\">BM Raporu 75 \u00fclkenin 2020 y\u0131l\u0131nda iklim eylem plan\u0131n\u0131 g\u00fcncelleyece\u011fini ortaya koyuyor.<\/a> <strong>Rapora g\u00f6re:<\/strong><\/p>\n<p>&#8212;&gt; 18 geli\u015fmi\u015f \u00fclke (Birle\u015fik Krall\u0131k, Almanya, France vs.), 53 geli\u015fmekte olan \u00fclke (Kostarika, \u015eili, Etiyopya vs.) ile 3 y\u00fckselen piyasa ekonomisi (\u00c7in, Meksika vs.) 2030 ya da 2050 y\u0131l\u0131 <strong>iklim hedefleri<\/strong>ni g\u00fcncelleyecekler.<\/p>\n<p>&#8212;&gt; 2030 hedefini gelecek y\u0131l g\u00fcncelleyecek olan \u00fclkeler ise \u015funlar: Arjantin, Kosta Rika, Meksika, Norve\u00e7, \u0130svi\u00e7re, Ukrayna, Fransa, \u0130spanya, Portekiz. 2050 hedefi ortaya koyacaklar aras\u0131nda ise AB, Birle\u015fik Krall\u0131k, \u015eili ve Etiyopya var.<\/p>\n<p>&#8212;&gt; BM Genel Sekreteri Guterres&#8217;in \u0130klim Eylem Zirvesini d\u00fczenleme ama\u00e7lar\u0131 aras\u0131nda aras\u0131nda \u00fclkelerden 2020 y\u0131l\u0131 itibari ile iklim planlar\u0131n\u0131n g\u00fcncellenmesi taahh\u00fctlerinin ortaya konulmas\u0131 bulunuyor.<\/p>\n<p>&#8211; Ancak halen k\u00fcresel emisyonlar\u0131n % 26&#8217;s\u0131ndan sorumlu 14 y\u00fcksek emisyonlu \u00fclke planlar\u0131n\u0131 yenilemek konusunda her hangi bir ad\u0131m atmad\u0131.<\/p>\n<p><strong>&#8211; Almanya ve Slovakya da<\/strong> K\u00f6m\u00fcr Sonras\u0131 Enerji \u0130ttifak\u0131&#8217;na kat\u0131l\u0131yor. B\u00f6ylelikle k\u00f6m\u00fcrs\u00fcz elektrik \u00fcretimini hedefleyen \u00fclkelerin, eyaletlerin ve \u015firketlerin bir araya geldi\u011fi ittifak\u0131n \u00fcye say\u0131s\u0131 91&#8217;ye <span style=\"text-decoration: underline;\">ula\u015ft\u0131:<\/span> 32 devlet, 25 eyalet ve <a href=\"https:\/\/gscc2.apms5.com\/anywhere\/m?s=gscc2&amp;m=s_657327ef-3621-40c4-b12c-82fa51edd4d3&amp;u=e1jq4wvfdtfmce1h8gwm8c9m5n23gg9q5mu42dht5mwkgh225mt36c1n6cw3cg9p6gwkj&amp;r2=d1u78w3k78qjyw3fexjq4ubecxr62wvmcdqp2v1edxt6ebvecnvq6buga11m2bbecnvq6bvecnvjurbcdhmp2vk3cmpputbdc9jq4wtdenq2urvcd5pp2x355ngp6x39dxq2uwvndnppjx0&amp;n=8\" target=\"_blank\" rel=\"noopener\">34 \u015firket.<\/a><\/p>\n<h2><strong>Zirve&#8217;deki konu\u015fmalara dair detaylar<\/strong><\/h2>\n<p>&#8211; \u00c7in&#8217;in zirvede, ge\u00e7ti\u011fimiz Haziran ay\u0131nda yay\u0131mlad\u0131\u011f\u0131 ve 2020 itibari ile yeni hedef verece\u011fini a\u00e7\u0131klad\u0131\u011f\u0131 duyuruyu vurgulamas\u0131 bekleniyor. <a href=\"https:\/\/gscc2.apms5.com\/anywhere\/m?s=gscc2&amp;m=s_657327ef-3621-40c4-b12c-82fa51edd4d3&amp;u=e1jq4wvfdtfmce1h8gwm8c9m5n23gg9q5mu42dht5mwkgh225mt36c1n6cw3cg9p6gwkj&amp;r2=d1u78w3k78qjyxvqewq7avhedxt6ebvkcwqpavhfcdqpwx35dtu2ywv75xq6yx355nhpywkjcntq0vvechjpwx3k5wt30c9t5mr3cb9j74qq0wk5edtjuwvmc5u6avb5dtu2urvcd5pp2x355nhpgrbecxjjutkfdhp6yxv9dtkjux38cmpputb5ehmpwttdc9jq8xv5cnq2ux38cmpq6x31ehjjurvfenq66ubcdxt2urbecgppcvvjcnmpevhddnmpwubkehjq4bbfcrpp6u39dtgjutkfe9jpjtve5nppjvk9edu6awhddxk2utkjc5q66t9dc5q68bbmd1jjuxbed5u6at0&amp;n=9\" target=\"_blank\" rel=\"noopener\">Duyuru,<\/a> Fransa ve Birle\u015fmi\u015f Milletler ile beraber yap\u0131lm\u0131\u015ft\u0131.<\/p>\n<p>&#8211; Bas\u0131n kurulu\u015flar\u0131 Hindistan Ba\u015fbakan\u0131 Modi&#8217;nin<a href=\"https:\/\/gscc2.apms5.com\/anywhere\/m?s=gscc2&amp;m=s_657327ef-3621-40c4-b12c-82fa51edd4d3&amp;u=e1jq4wvfdtfmce1h8gwm8c9m5n23gg9q5mu42dht5mwkgh225mt36c1n6cw3cg9p6gwkj&amp;r2=d1u78w3k78qjyxvqewq74tbnehjq4wtecdqpubv1e9u6jrvccmqqawtdd5q68ub15nt6avk5exgp4v35ecqpjvk4d5gjuw3cc5q76bbmdwpp2t345muk0c1dcxvjuwk5dtjqerb2dhjjutbecnt6ey9dc9wjuchg6cr2utvfetjq4vkdcnq78bb9chan6ju39rrn8m9ha8wg&amp;n=10\" target=\"_blank\" rel=\"noopener\"> 2030&#8217;da 500 GW<\/a> yenilenebilir enerji hedefi a\u00e7\u0131klayaca\u011f\u0131n\u0131 ifade ediyor.<\/p>\n<p>&#8211; Danimarka ve \u0130sve\u00e7 ise Ye\u015fil \u0130klim Fonu&#8217;na yapt\u0131klar\u0131 katk\u0131y\u0131 art\u0131racaklar\u0131na dair duyuru yapacaklar.<\/p>\n<p>&#8211; EU Komisyonu Ba\u015fkan\u0131 Donald Tusk, AB&#8217;yi temsilen konu\u015fmas\u0131 ve birli\u011fin 2030 plan\u0131n 2020 y\u0131l\u0131n\u0131n ba\u015f\u0131nda belli olaca\u011f\u0131n\u0131 ifade etmesi bekleniyor.<\/p>\n<p>Zirve&#8217;de ayn\u0131 zamanda <strong>Paris Anla\u015fmas\u0131&#8217;n\u0131 onaylamayan son iki G20 \u00fcyesi T\u00fcrkiye ile Rusya<\/strong> da konu\u015facak. Rusya&#8217;n\u0131n Paris Anla\u015fmas\u0131&#8217;n\u0131 onaylayaca\u011f\u0131na dair a\u00e7\u0131klama yapmas\u0131 <a href=\"https:\/\/gscc2.apms5.com\/anywhere\/m?s=gscc2&amp;m=s_657327ef-3621-40c4-b12c-82fa51edd4d3&amp;u=e1jq4wvfdtfmce1h8gwm8c9m5n23gg9q5mu42dht5mwkgh225mt36c1n6cw3cg9p6gwkj&amp;r2=d1u78w3k78qjyxvqewq66v39dngq8tb3d1gpwtv5dtjqewtecdqpubtj60rkjbtg6wqk0e9fe9uq6wv9c4pq4rbmd5k7jbbgc5t6jwtdc5kq4tb5dnjpwx1de1uq8ube5ntp2ybk5nvpjvk45nr6yxv5e8pq6u31ddjq6bbqdxt6uwtdcxt6yxbecgqg&amp;n=11\" target=\"_blank\" rel=\"noopener\">bekleniyor.<\/a><\/p>\n<p>Taslak programa g\u00f6re T\u00fcrkiye Cumhurba\u015fkan\u0131 <strong>Recep Tayyip Erdo\u011fan<\/strong> da Zirve&#8217;de <strong>T\u00fcrkiye saati ile 22:10<\/strong>&#8216;da duyuru yapacak. Cumhurba\u015fkan\u0131, <strong>Live, Work and Move Green (Ya\u015fam, \u0130\u015f ve Ye\u015fil Hareketler)<\/strong> adl\u0131 oturumda s\u00f6z alacak.<\/p>\n<h2><strong>Zirve&#8217;de \u00f6zel sekt\u00f6rden de \u00f6nemli duyurular\u0131n gelmesi bekleniyor:<\/strong><\/h2>\n<p><strong>&#8211; Bank of England&#8217;\u0131n<\/strong> iklim risklerinin i\u015f d\u00fcnyas\u0131nda ve \u00fclkeler aras\u0131ndaki yat\u0131r\u0131mlarda fiyatland\u0131r\u0131lmas\u0131n\u0131 temin eden bir koalisyonu a\u00e7\u0131klamas\u0131 bekleniyor. Bu a\u00e7\u0131klama, \u00f6zellikle y\u00fcksek emisyonlu sekt\u00f6rlere dair risklerin fiyatland\u0131r\u0131lmas\u0131n\u0131 etkileyece\u011fi i\u00e7in zirvenin en \u00f6nemli a\u00e7\u0131klamalar\u0131ndan biri olacak.<\/p>\n<p>&#8211; Zirve&#8217;de y\u00fcksek emisyonlu sekt\u00f6rlerin ba\u015f\u0131nda gelen demir-\u00e7elik ve \u00e7imento sekt\u00f6r\u00fcnden de duyurular gelecek. Zirvede konu\u015facak olan Hindistanl\u0131 \u00e7imento devi <strong>Dalmia<\/strong> ile Avrupa&#8217;n\u0131n en \u00f6nemli demir \u00e7elik \u015firketlerinden biri olan <strong>SSAB&#8217;\u0131n<\/strong> emisyon azalt\u0131m planlar\u0131n\u0131 sunmalar\u0131 bekleniyor.<\/p>\n<p>Zirve&#8217;de yat\u0131r\u0131m y\u00f6netimi \u015firketleri de duyurular yapacak. BM Net S\u0131f\u0131r Emisyonlu Varl\u0131k Sahipleri \u0130ttifaki da s\u00f6z alacak. <strong>Toplamda 2.4 trilyonluk varl\u0131\u011f\u0131 y\u00f6neten 12 \u015firke<\/strong>t &#8211; Allianz, Zurich, CalPers, Storebrand ve di\u011ferleri &#8211; bu ittifakta kat\u0131ld\u0131klar\u0131n\u0131 ve <strong>1.5 derece hedefine uyumlu<\/strong> olarak 2050 y\u0131l\u0131nda s\u0131f\u0131r emisyona ula\u015facaklar\u0131n\u0131<a href=\"https:\/\/gscc2.apms5.com\/anywhere\/m?s=gscc2&amp;m=s_657327ef-3621-40c4-b12c-82fa51edd4d3&amp;u=e1jq4wvfdtfmce1h8gwm8c9m5n23gg9q5mu42dht5mwkgh225mt36c1n6cw3cg9p6gwkj&amp;r2=d1u78w3k78qjyxvqewq7etbdcngpwrknedmpwtbkedhpyrbcd5u6jvve5tqq4ttfe1t6awvk5nt6av35c5tpabtr6wppurbadxt2urvfdnr62vk9cntjuv35c5j2ux38cmpqerbt5nu6yxv1e9j76bb15mrjudb35nk7ax3ne9jjurbm5nupwbb3dhmpurbmcmpp2rvmd5qpwbbkenppuubm5w&amp;n=13\" target=\"_blank\" rel=\"noopener\"> a\u00e7\u0131klayacak.<\/a><\/p>\n<p>Ayn\u0131 zamanda k\u00fcresel bankac\u0131l\u0131k sekt\u00f6r\u00fcn\u00fcn y\u00fczde 20&#8217;sini &#8211; 2.3 trilyon dolar market de\u011feri- temsil eden <strong>100&#8217;den fazla banka<\/strong> 1.5 dereceye uyumlu i\u015f planlar\u0131n\u0131 <a href=\"https:\/\/gscc2.apms5.com\/anywhere\/m?s=gscc2&amp;m=s_657327ef-3621-40c4-b12c-82fa51edd4d3&amp;u=e1jq4wvfdtfmce1h8gwm8c9m5n23gg9q5mu42dht5mwkgh225mt36c1n6cw3cg9p6gwkj&amp;r2=d1u78w3k78qjyxvqewq7avk5e1k6jbkfe9kjyxvfe9j70wk5edtjyxvg5nhpyvkmcnq78bvne1p6yrb4ecqk4c1h74qk0d9f8d2myba7enmp8t9da1t6jvk3d5r6rtbk5np62xbecdm2utk9dtgprb9h6cpk0d9d64wjww34cr&amp;n=14\" target=\"_blank\" rel=\"noopener\">a\u00e7\u0131klayacak<\/a>. Bu bankalar\u0131n y\u0131ll\u0131k emisyonlar\u0131n\u0131n miktar\u0131 73 k\u00f6m\u00fcrl\u00fc termik santrale denk.<\/p>\n<p>Devletlerin yan\u0131 s\u0131ra eyalet liderleri, belediye ba\u015fkanlar\u0131 ve uluslaras\u0131 kurulu\u015f temsilcileri de konu\u015facak. \u00d6zellikle elektrikli ara\u00e7lar ve yenilebilir enerji alan\u0131nda \u00f6nemli a\u00e7\u0131klamalar gelebilir.<\/p>\n<p>&#8211; Son yay\u0131mlanan BNEF \u00e7al\u0131\u015fmas\u0131, yenilenebilir enerjinin art\u0131k d\u00fcnyan\u0131n <a href=\"https:\/\/gscc2.apms5.com\/anywhere\/m?s=gscc2&amp;m=s_657327ef-3621-40c4-b12c-82fa51edd4d3&amp;u=e1jq4wvfdtfmce1h8gwm8c9m5n23gg9q5mu42dht5mwkgh225mt36c1n6cw3cg9p6gwkj&amp;r2=d1u78w3k78qjyrb2dxuq8bk2dtjpcbk3dxpjyvk5ewppavk5e9kqjbbfenu6rvvfdcqg&amp;n=15\" target=\"_blank\" rel=\"noopener\">\u00fc\u00e7te ikisinde en ucuz elektrik \u00fcretim y\u00f6ntemi<\/a> oldu\u011funu ifade ediyor.<\/p>\n<p>&#8211; Zirve \u00f6ncesinde Uluslararas\u0131 Enerji Ajans\u0131 da a\u00e7\u0131klama yapt\u0131: 2019 y\u0131l\u0131nda k\u00fcresel <strong>yenilenebilir kurulu g\u00fcc\u00fcn\u00fcn % 17 b\u00fcy\u00fcmesi<\/strong><a href=\"https:\/\/gscc2.apms5.com\/anywhere\/m?s=gscc2&amp;m=s_657327ef-3621-40c4-b12c-82fa51edd4d3&amp;u=e1jq4wvfdtfmce1h8gwm8c9m5n23gg9q5mu42dht5mwkgh225mt36c1n6cw3cg9p6gwkj&amp;r2=d1u78w3k78qjyxvqewq6jtb15tqq4ttfdtjqewvjdxqpubvecnvq6btj60rkjbvkcnr78tbdc9jq4bv1ctu6awhdedu62v3cd5q6ebbcc5tq8bbtcngq4bbjcnq6axv1c9p6abbgdxvpawhdcdgq0rb3d5u7jbb1chj6jx39dxq76bbmdwppgubm5nj6yxb2dhjjut39cxmq8b9ed1u6uv0&amp;n=16\" target=\"_blank\" rel=\"noopener\"> bekleniyor.<\/a><\/p>\n<h2><strong>K\u0131sa &#8211; K\u0131sa:<\/strong><\/h2>\n<p><strong>&#8211; Yeni \u0130\u015fler \u0130\u00e7in \u0130klim Eylemi<\/strong> de g\u00fcndemin \u00f6nemli maddelerinden biri olacak. ILO&#8217;nun son yay\u0131mlad\u0131\u011f\u0131 rapora g\u00f6re temiz ve d\u00fc\u015f\u00fck emisyonlu sekt\u00f6rlere yat\u0131r\u0131m 2030 y\u0131l\u0131na kadar d\u00fcnya \u00e7ap\u0131nda net 24 milyon <a href=\"https:\/\/gscc2.apms5.com\/anywhere\/m?s=gscc2&amp;m=s_657327ef-3621-40c4-b12c-82fa51edd4d3&amp;u=e1jq4wvfdtfmce1h8gwm8c9m5n23gg9q5mu42dht5mwkgh225mt36c1n6cw3cg9p6gwkj&amp;r2=d1u78w3k78qjyxvqewq6jv3f5tqq4ttfexhpuwvg6mqpewkfenr76bvgenh6rub35wpjutbde1fpavkm5xj6yrvndnjpwx3k5xr7arkcd5hp2x39dxq2yxv3dntnyd1k68w3ae9ee1j6c&amp;n=17\" target=\"_blank\" rel=\"noopener\">yeni i\u015f yaratabilir.<\/a><\/p>\n<p>&#8211; Danimarka ve Etiyopya &#8220;so\u011futma koalisyonunu&#8221; da a\u00e7\u0131klayacak. Koalisyon geli\u015fmekte olan co\u011frafyalarda ya\u015fam kalitesini artt\u0131rmak i\u00e7in ucuz ve temiz havaland\u0131rma teknolojilerinin geli\u015ftirilmesini <a href=\"https:\/\/gscc2.apms5.com\/anywhere\/m?s=gscc2&amp;m=s_657327ef-3621-40c4-b12c-82fa51edd4d3&amp;u=e1jq4wvfdtfmce1h8gwm8c9m5n23gg9q5mu42dht5mwkgh225mt36c1n6cw3cg9p6gwkj&amp;r2=d1u78w1u5wqpwtbqecq78wknedu2wvvjcwqpjx35dmqk4c1h74r3jc9t64t30e1m6rpqjdv3emu0&amp;n=18\" target=\"_blank\" rel=\"noopener\">ama\u00e7l\u0131yor.\u00a0<\/a>\u00a0BM verilerine g\u00f6re, d\u00fcnya \u00e7ap\u0131nda 1 milyardan fazla insan risk alt\u0131nda ve ucuz ile temiz havaland\u0131rma sistemlerine ihtiya\u00e7 <a href=\"https:\/\/gscc2.apms5.com\/anywhere\/m?s=gscc2&amp;m=s_657327ef-3621-40c4-b12c-82fa51edd4d3&amp;u=e1jq4wvfdtfmce1h8gwm8c9m5n23gg9q5mu42dht5mwkgh225mt36c1n6cw3cg9p6gwkj&amp;r2=d1u78w3k78qjyxvqewq76tb6dxt62v3c5tqq4ttfd5q78tbjetjpwx39dxq76bv3dxqprubecwppcvvj5ngprv1fcdm6jv3cd5q6ebbge9qq6w35cdu76&amp;n=19\" target=\"_blank\" rel=\"noopener\">duyuyor.<\/a><\/p>\n<p>2020 Climate Progress Tracker d\u00fczenli olarak g\u00fcncelleniyor. Bu tablolarda, \u00fclkeler, \u015fehirler, i\u015f d\u00fcnyas\u0131, finans d\u00fcnyas\u0131 ve enerji sekt\u00f6r\u00fcnde Paris Anla\u015fmas\u0131 ile uyumlu at\u0131lan ad\u0131mlar\u0131 <a href=\"https:\/\/gscc2.apms5.com\/anywhere\/m?s=gscc2&amp;m=s_657327ef-3621-40c4-b12c-82fa51edd4d3&amp;u=e1jq4wvfdtfmce1h8gwm8c9m5n23gg9q5mu42dht5mwkgh225mt36c1n6cw3cg9p6gwkj&amp;r2=d1u78w3k78qjyxbecdp6jvb1ehjq6xbddnmq8bkfe9kjyx3jc5hpptbjd1qput9f&amp;n=20\" target=\"_blank\" rel=\"noopener\">g\u00f6rebilirsiniz.<\/a><\/p>\n<p>Ayr\u0131ca, World Resources Institute sitesinde duyurular\u0131n canl\u0131 aktar\u0131laca\u011f\u0131 bir blog kurdu. T\u00fcrkiye saati ile 17:00&#8217;dan itibaren duyurular\u0131 buradan takip <a href=\"https:\/\/gscc2.apms5.com\/anywhere\/m?s=gscc2&amp;m=s_657327ef-3621-40c4-b12c-82fa51edd4d3&amp;u=e1jq4wvfdtfmce1h8gwm8c9m5n23gg9q5mu42dht5mwkgh225mt36c1n6cw3cg9p6gwkj&amp;r2=d1u78w3k78qjyxvqewq7ewk95tqq4ttfcnv6avkmecqk4c1h74qk0e9fdhmqctb2dhqpebbndrpp6v39dngq8t9dc5hq8ubfdrpq6xbddnmq8&amp;n=21\" target=\"_blank\" rel=\"noopener\">edebilirsiniz.\u00a0<\/a><\/p>\n<p>Son olarak ise, zirvedeki konu\u015fmalar\u0131 canl\u0131 olarak\u00a0<a href=\"https:\/\/gscc2.apms5.com\/anywhere\/m?s=gscc2&amp;m=s_657327ef-3621-40c4-b12c-82fa51edd4d3&amp;u=e1jq4wvfdtfmce1h8gwm8c9m5n23gg9q5mu42dht5mwkgh225mt36c1n6cw3cg9p6gwkj&amp;r2=d1u78w1u5wqj0u3mehr3mbtfexjp4x3p5tupwbkfe9kg&amp;n=22\" target=\"_blank\" rel=\"noopener\">http:\/\/webtv.un.org<\/a> adresinden takip edebilirsiniz. T\u00fcrkiye Cumhurba\u015fkan\u0131&#8217;n\u0131n da konu\u015fmas\u0131 <strong>22:10 itibari<\/strong> ile buradan canl\u0131 yay\u0131mlanacak.<\/p>","protected":false},"excerpt":{"rendered":"<p>Sorry, this entry is only available in Turkish. For the sake of viewer convenience, the content is shown below in the alternative language. You may click the link to switch the active language. Cumhurba\u015fkan\u0131 Recep Tayyip Erdo\u011fan&#8217;\u0131n da taslak programa g\u00f6re konu\u015fma yapaca\u011f\u0131 BM \u0130klim Eylem Zirvesi bug\u00fcn T\u00fcrkiye saati ile 17:00&#8217;da New York&#8217;ta ba\u015fl\u0131yor. [&hellip;]<\/p>\n","protected":false},"author":1,"featured_media":99417,"comment_status":"open","ping_status":"open","sticky":false,"template":"","format":"standard","meta":[],"categories":[53,52,24649],"tags":[27075,8898,57184,1350,57257,10165,57245,56896,57252,853,57254,36266,1542,22351,14012,57251,52259,1541,1346,47779,57246,57244,57116,54280,6817,53412,1348,4353,7266,57250,31487,11280,4768,6331,57247,27427,57249,9845,4722,57248,1787,35969,2246,35970,57255,36205,57256,846,2584,10097,41360,57258,57253],"views":589,"_links":{"self":[{"href":"https:\/\/www.enerjigazetesi.ist\/en\/wp-json\/wp\/v2\/posts\/99413"}],"collection":[{"href":"https:\/\/www.enerjigazetesi.ist\/en\/wp-json\/wp\/v2\/posts"}],"about":[{"href":"https:\/\/www.enerjigazetesi.ist\/en\/wp-json\/wp\/v2\/types\/post"}],"author":[{"embeddable":true,"href":"https:\/\/www.enerjigazetesi.ist\/en\/wp-json\/wp\/v2\/users\/1"}],"replies":[{"embeddable":true,"href":"https:\/\/www.enerjigazetesi.ist\/en\/wp-json\/wp\/v2\/comments?post=99413"}],"version-history":[{"count":0,"href":"https:\/\/www.enerjigazetesi.ist\/en\/wp-json\/wp\/v2\/posts\/99413\/revisions"}],"wp:featuredmedia":[{"embeddable":true,"href":"https:\/\/www.enerjigazetesi.ist\/en\/wp-json\/wp\/v2\/media\/99417"}],"wp:attachment":[{"href":"https:\/\/www.enerjigazetesi.ist\/en\/wp-json\/wp\/v2\/media?parent=99413"}],"wp:term":[{"taxonomy":"category","embeddable":true,"href":"https:\/\/www.enerjigazetesi.ist\/en\/wp-json\/wp\/v2\/categories?post=99413"},{"taxonomy":"post_tag","embeddable":true,"href":"https:\/\/www.enerjigazetesi.ist\/en\/wp-json\/wp\/v2\/tags?post=99413"}],"curies":[{"name":"wp","href":"https:\/\/api.w.org\/{rel}","templated":true}]}}