{"id":99356,"date":"2019-09-21T15:32:00","date_gmt":"2019-09-21T12:32:00","guid":{"rendered":"https:\/\/www.enerjigazetesi.ist\/?p=99356"},"modified":"2019-09-21T15:32:00","modified_gmt":"2019-09-21T12:32:00","slug":"yalitim-ile-saglikli-dayanikli-ve-verimli-enerji-kullanan-yapilara-kavusabiliriz","status":"publish","type":"post","link":"https:\/\/www.enerjigazetesi.ist\/en\/yalitim-ile-saglikli-dayanikli-ve-verimli-enerji-kullanan-yapilara-kavusabiliriz\/","title":{"rendered":"(Turkish) Yal\u0131t\u0131m ile Sa\u011fl\u0131kl\u0131, Dayan\u0131kl\u0131 ve Verimli Enerji Kullanan Yap\u0131lara Kavu\u015fabiliriz"},"content":{"rendered":"<p class=\"qtranxs-available-languages-message qtranxs-available-languages-message-en\">Sorry, this entry is only available in <a href=\"https:\/\/www.enerjigazetesi.ist\/tr\/wp-json\/wp\/v2\/posts\/99356\" class=\"qtranxs-available-language-link qtranxs-available-language-link-tr\" title=\"Turkish\">Turkish<\/a>. For the sake of viewer convenience, the content is shown below in the alternative language. You may click the link to switch the active language.<\/p><p><\/p>\n<h1><strong>\u00dclke genelinde yal\u0131t\u0131m bilincini art\u0131rmak, kamu ile sekt\u00f6r temsilcilerini bulu\u015fturmak ve vatanda\u015flara \u00e7\u00f6z\u00fcm \u00f6nerileri sunmak amac\u0131yla Anadolu\u2019da &#8220;T\u00fcm Y\u00f6nleriyle Yal\u0131t\u0131m Seminerleri&#8221; d\u00fczenlemeye devam eden \u0130ZODER, 2019\u2019un 4&#8217;\u00fcnc\u00fc seminerini Eski\u015fehir\u2019de ger\u00e7ekle\u015ftirdi. \u0130ZODER Ba\u015fkan\u0131 Levent Pelesen, \u201c\u00dclkemizde yal\u0131t\u0131m ile ilgili yasal d\u00fczenlemeler hen\u00fcz AB \u00fclkeleri seviyesinde de\u011fil. Kentsel D\u00f6n\u00fc\u015f\u00fcm Eylem Plan\u0131\u2019n\u0131n da katk\u0131s\u0131yla, \u0131s\u0131, su, ses ve yang\u0131n yal\u0131t\u0131m\u0131n\u0131 kaliteli malzeme ve uzman uygulamalarla ger\u00e7ekle\u015ftirdi\u011fimiz taktirde dayan\u0131kl\u0131, sa\u011fl\u0131kl\u0131 ve konforlu yap\u0131lara kavu\u015fabiliriz\u201d dedi. <\/strong><\/h1>\n<p><strong>\u0130ZODER <\/strong>(Is\u0131 Su Ses ve Yang\u0131n Yal\u0131t\u0131mc\u0131lar\u0131 Derne\u011fi),<strong> \u2018T\u00fcm Y\u00f6nleriyle Yal\u0131t\u0131m Seminerleri-Eski\u015fehir<\/strong>\u2019i; <strong>Eski\u015fehir \u00c7evre ve \u015eehircilik \u0130l M\u00fcd\u00fcrl\u00fc\u011f\u00fc<\/strong> i\u015fbirli\u011fi ile <strong>19 Eyl\u00fcl Per\u015fembe<\/strong> g\u00fcn\u00fc <strong>Eski\u015fehir Tasigo Hotels Bademlik Termal<\/strong>\u2019da d\u00fczenledi. Seminere, kamu ve sekt\u00f6r temsilcileri ile <img loading=\"lazy\" class=\"alignright size-medium wp-image-99359\" src=\"https:\/\/www.enerjigazetesi.ist\/wp-content\/uploads\/2019\/09\/yalitim-ile-saglikli-dayanikli-ve-az-enerji-tuketen-yapilara-kavusabiliriz-1-300x200.jpg\" alt=\"\" width=\"300\" height=\"200\" srcset=\"https:\/\/www.enerjigazetesi.ist\/wp-content\/uploads\/2019\/09\/yalitim-ile-saglikli-dayanikli-ve-az-enerji-tuketen-yapilara-kavusabiliriz-1-300x200.jpg 300w, https:\/\/www.enerjigazetesi.ist\/wp-content\/uploads\/2019\/09\/yalitim-ile-saglikli-dayanikli-ve-az-enerji-tuketen-yapilara-kavusabiliriz-1-768x513.jpg 768w, https:\/\/www.enerjigazetesi.ist\/wp-content\/uploads\/2019\/09\/yalitim-ile-saglikli-dayanikli-ve-az-enerji-tuketen-yapilara-kavusabiliriz-1.jpg 1024w, https:\/\/www.enerjigazetesi.ist\/wp-content\/uploads\/2019\/09\/yalitim-ile-saglikli-dayanikli-ve-az-enerji-tuketen-yapilara-kavusabiliriz-1-500x334.jpg 500w, https:\/\/www.enerjigazetesi.ist\/wp-content\/uploads\/2019\/09\/yalitim-ile-saglikli-dayanikli-ve-az-enerji-tuketen-yapilara-kavusabiliriz-1-75x50.jpg 75w, https:\/\/www.enerjigazetesi.ist\/wp-content\/uploads\/2019\/09\/yalitim-ile-saglikli-dayanikli-ve-az-enerji-tuketen-yapilara-kavusabiliriz-1-450x300.jpg 450w\" sizes=\"(max-width: 300px) 100vw, 300px\" \/>alan\u0131nda uzman isimler konu\u015fmac\u0131 olarak kat\u0131ld\u0131. <strong>Eski\u015fehir \u00c7evre ve \u015eehircilik \u0130l M\u00fcd\u00fcr\u00fc Hikmet \u00c7elik <\/strong>a\u00e7\u0131l\u0131\u015f konu\u015fmas\u0131nda, yal\u0131t\u0131m\u0131n sa\u011fl\u0131k, g\u00fcvenlik ve milli ekonomi a\u00e7\u0131s\u0131ndan son derece \u00f6nemli oldu\u011funa dikkat \u00e7ekerek, bu seminerin yal\u0131t\u0131m bilincinin artmas\u0131 a\u00e7\u0131s\u0131ndan faydal\u0131 oldu\u011funa vurgu yapt\u0131.<\/p>\n<p><strong>\u00c7evre ve \u015eehircilik Bakanl\u0131\u011f\u0131<\/strong> i\u015f birli\u011fi protokol\u00fc \u00e7er\u00e7evesinde \u015fimdiye kadar 11 ilde \u2018<strong>T\u00fcm Y\u00f6nleriyle Yal\u0131t\u0131m Seminerleri<\/strong>\u2019ni ger\u00e7ekle\u015ftirdiklerini belirten <strong>\u0130ZODER Y\u00f6netim Kurulu Ba\u015fkan\u0131 Levent Pelesen<\/strong>, \u201cBug\u00fcne kadar ger\u00e7ekle\u015ftirdi\u011fimiz seminerlerin g\u00f6rd\u00fc\u011f\u00fc yo\u011fun ilgiden olduk\u00e7a memnunuz. Ger\u00e7ekle\u015ftirece\u011fimiz seminerle amac\u0131m\u0131z, yal\u0131t\u0131m sekt\u00f6r\u00fcn\u00fcn t\u00fcm bile\u015fenlerini ve taraflar\u0131n\u0131 bir araya getirerek, yal\u0131t\u0131m bilincini art\u0131rmak ve fark\u0131ndal\u0131k yaratmakt\u0131r\u201d diye konu\u015ftu.<\/p>\n<p>\u00dclkemizde yal\u0131t\u0131m ile ilgili yasal d\u00fczenlemelerin hen\u00fcz AB \u00fclkeleri seviyesinde olmad\u0131\u011f\u0131n\u0131 ifade eden <strong>Levent Pelesen<\/strong>, \u201cKentsel D\u00f6n\u00fc\u015f\u00fcm Eylem Plan\u0131 \u00e7er\u00e7evesinde mevzuatlar\u0131n da iyile\u015ftirilmesi, \u0131s\u0131 yal\u0131t\u0131m kal\u0131nl\u0131klar\u0131n\u0131n art\u0131r\u0131larak AB seviyesine y\u00fckseltilmesi, enerji verimlili\u011fi i\u00e7in \u00e7ok \u00f6nemli bir ad\u0131m olacakt\u0131r. Is\u0131, su, ses ve yang\u0131n yal\u0131t\u0131m\u0131n\u0131n etkin bir \u015fekilde uygulanmas\u0131 ve denetlenmesi noktas\u0131nda eksiklerimiz var ancak Kentsel D\u00f6n\u00fc\u015f\u00fcm Eylem Plan\u0131\u2019n\u0131n katk\u0131s\u0131yla t\u00fcm yal\u0131t\u0131m grubunu kaliteli malzeme ve uzman uygulamalar ile ger\u00e7ekle\u015ftirirsek, dayan\u0131kl\u0131, sa\u011fl\u0131kl\u0131 ve konforlu yap\u0131lara kavu\u015fabiliriz\u201d dedi.<\/p>\n<p>Bonus, Filli Boya\/Capatect, \u0130zocam, Knauf Insulation, KYK Yap\u0131 Kimyasallar\u0131, MegaBoard, ODE, Onduline, Ravaber, Terrawool sponsorlu\u011funda d\u00fczenlenen T\u00fcm Y\u00f6nleriyle Yal\u0131t\u0131m Seminerleri-Eski\u015fehir\u2019de; \u00f6\u011fretim \u00fcyeleri, mimar, m\u00fchendis ve STK temsilcilerinden olu\u015fan sekt\u00f6r\u00fcn t\u00fcm bile\u015fenleri ve taraflar\u0131 bir araya geldi.<\/p>","protected":false},"excerpt":{"rendered":"<p>Sorry, this entry is only available in Turkish. For the sake of viewer convenience, the content is shown below in the alternative language. You may click the link to switch the active language. \u00dclke genelinde yal\u0131t\u0131m bilincini art\u0131rmak, kamu ile sekt\u00f6r temsilcilerini bulu\u015fturmak ve vatanda\u015flara \u00e7\u00f6z\u00fcm \u00f6nerileri sunmak amac\u0131yla Anadolu\u2019da &#8220;T\u00fcm Y\u00f6nleriyle Yal\u0131t\u0131m Seminerleri&#8221; d\u00fczenlemeye [&hellip;]<\/p>\n","protected":false},"author":1,"featured_media":99360,"comment_status":"open","ping_status":"open","sticky":false,"template":"","format":"standard","meta":[],"categories":[53,52],"tags":[1752,19176,57196,52755,2199,26559,1413,57192,57191,56975,42399,57193,25455,6254,675,380,57194,57189,56977,2700,11564,47159,45959,52756,56978,5118,33915,47160,42384,57195,793,56974,52464,57190,5602],"views":386,"_links":{"self":[{"href":"https:\/\/www.enerjigazetesi.ist\/en\/wp-json\/wp\/v2\/posts\/99356"}],"collection":[{"href":"https:\/\/www.enerjigazetesi.ist\/en\/wp-json\/wp\/v2\/posts"}],"about":[{"href":"https:\/\/www.enerjigazetesi.ist\/en\/wp-json\/wp\/v2\/types\/post"}],"author":[{"embeddable":true,"href":"https:\/\/www.enerjigazetesi.ist\/en\/wp-json\/wp\/v2\/users\/1"}],"replies":[{"embeddable":true,"href":"https:\/\/www.enerjigazetesi.ist\/en\/wp-json\/wp\/v2\/comments?post=99356"}],"version-history":[{"count":0,"href":"https:\/\/www.enerjigazetesi.ist\/en\/wp-json\/wp\/v2\/posts\/99356\/revisions"}],"wp:featuredmedia":[{"embeddable":true,"href":"https:\/\/www.enerjigazetesi.ist\/en\/wp-json\/wp\/v2\/media\/99360"}],"wp:attachment":[{"href":"https:\/\/www.enerjigazetesi.ist\/en\/wp-json\/wp\/v2\/media?parent=99356"}],"wp:term":[{"taxonomy":"category","embeddable":true,"href":"https:\/\/www.enerjigazetesi.ist\/en\/wp-json\/wp\/v2\/categories?post=99356"},{"taxonomy":"post_tag","embeddable":true,"href":"https:\/\/www.enerjigazetesi.ist\/en\/wp-json\/wp\/v2\/tags?post=99356"}],"curies":[{"name":"wp","href":"https:\/\/api.w.org\/{rel}","templated":true}]}}