{"id":9929,"date":"2013-04-22T09:35:59","date_gmt":"2013-04-22T06:35:59","guid":{"rendered":"https:\/\/www.enerjigazetesi.ist\/?p=9929"},"modified":"2013-04-22T09:35:59","modified_gmt":"2013-04-22T06:35:59","slug":"buyuksehir-karbon-ayak-izini-azaltiyor","status":"publish","type":"post","link":"https:\/\/www.enerjigazetesi.ist\/en\/buyuksehir-karbon-ayak-izini-azaltiyor\/","title":{"rendered":"(Turkish) B\u00fcy\u00fck\u015fehir Karbon Ayak \u0130zini Azalt\u0131yor&#8230;"},"content":{"rendered":"<p class=\"qtranxs-available-languages-message qtranxs-available-languages-message-en\">Sorry, this entry is only available in <a href=\"https:\/\/www.enerjigazetesi.ist\/tr\/wp-json\/wp\/v2\/posts\/9929\" class=\"qtranxs-available-language-link qtranxs-available-language-link-tr\" title=\"Turkish\">Turkish<\/a>. For the sake of viewer convenience, the content is shown below in the alternative language. You may click the link to switch the active language.<\/p><p><strong>Gaziantep B\u00fcy\u00fck\u015fehir Belediyesi 2023 y\u0131l\u0131na kadar karbon ayak izini y\u00fczde 20 azaltmay\u0131 hedefliyor.<\/strong><\/p>\n<p>T\u00fcrkiye\u2019de yerelde bir ilk olan Gaziantep \u0130klim Eylem Plan\u0131\u2019n\u0131 2011 y\u0131l\u0131nda tamamlayan B\u00fcy\u00fck\u015fehir Belediyesi, haz\u0131rlad\u0131\u011f\u0131 planda 2023 y\u0131l\u0131na kadar karbon ayak izini y\u00fczde 20 azalt\u0131lmay\u0131 hedefliyor. Bu ba\u011flamda, Gaziantep B\u00fcy\u00fck\u015fehir Bele<a href=\"https:\/\/www.enerjigazetesi.ist\/wp-content\/uploads\/2013\/04\/karbon-ayak-izi.jpg\"><img loading=\"lazy\" class=\"alignright size-medium wp-image-9930\" title=\"karbon-ayak-izi\" src=\"https:\/\/www.enerjigazetesi.ist\/wp-content\/uploads\/2013\/04\/karbon-ayak-izi-300x218.jpg\" alt=\"\" width=\"300\" height=\"218\" srcset=\"https:\/\/www.enerjigazetesi.ist\/wp-content\/uploads\/2013\/04\/karbon-ayak-izi-300x218.jpg 300w, https:\/\/www.enerjigazetesi.ist\/wp-content\/uploads\/2013\/04\/karbon-ayak-izi-500x363.jpg 500w, https:\/\/www.enerjigazetesi.ist\/wp-content\/uploads\/2013\/04\/karbon-ayak-izi-68x50.jpg 68w, https:\/\/www.enerjigazetesi.ist\/wp-content\/uploads\/2013\/04\/karbon-ayak-izi.jpg 858w\" sizes=\"(max-width: 300px) 100vw, 300px\" \/><\/a>diyesi Energy Cities (Enerji \u015eehirleri) projesi olan \u201cEngage Project\u201d kapsam\u0131nda Gaziantep halk\u0131na y\u00f6nelik enerji verimlili\u011fi ve iklim de\u011fi\u015fikli\u011fi konular\u0131nda bilin\u00e7lendirme \u00e7al\u0131\u015fmalar\u0131na ba\u015flad\u0131.<\/p>\n<p>Projenin amac\u0131 do\u011frultusunda iklim de\u011fi\u015fikli\u011fi ile m\u00fccadele konusunda vatanda\u015flar\u0131n taahh\u00fctte bulunmalar\u0131n\u0131n sa\u011flanmas\u0131n\u0131n hedeflendi\u011fi \u00e7al\u0131\u015fmaya ilk\u00f6\u011fretim okullar\u0131nda ba\u015flayan B\u00fcy\u00fck\u015fehir Belediyesi \u00c7evre Koruma ve Kontrol Daire Ba\u015fkanl\u0131\u011f\u0131 yetkilileri, pilot okul olarak belirledikleri Nilg\u00fcn \u0130smet Ak\u0131nalan \u0130lkokulu-Ortaokulu ile Suriyeli Misafirler Bilgi Merkezi\u2019nde uygulama \u00e7al\u0131\u015fmalar\u0131 yapt\u0131lar.<\/p>\n<p>\u0130ki g\u00fcn s\u00fcren \u00e7al\u0131\u015fma kapsam\u0131nda \u00c7evre Koruma ve Kontrol Daire Ba\u015fkanl\u0131\u011f\u0131 \u00e7evre m\u00fchendisleri taraf\u0131ndan \u00f6\u011frencilerle iklim de\u011fi\u015fikli\u011fi ile ilgili yap\u0131lan s\u00f6yle\u015filerin ard\u0131ndan k\u0131sa bir \u00e7izgi film g\u00f6sterisi ile konuya dikkat \u00e7ekildi.<\/p>\n<p>\u00d6\u011frencilerin izledikleri \u00e7izgi film ve ald\u0131klar\u0131 bilgilerden yola \u00e7\u0131karak d\u00fc\u015f\u00fcncelerini resimlerle ifade etmelerinin sa\u011fland\u0131\u011f\u0131 uygulamalar\u0131n sonunda T\u00fcrk ve Suriyeli \u00f6\u011frenci gruplar\u0131n\u0131n kat\u0131l\u0131mlar\u0131 ile okul bah\u00e7esinde \u00f6\u011frenciler taraf\u0131ndan a\u011fa\u00e7 dikimi ger\u00e7ekle\u015ftirildi. \u00d6\u011frencilere etkinlik sonunda \u00e7e\u015fitli hediyeler verildi.<\/p>\n<p>Kaynak: <a href=\"http:\/\/yurthaber.mynet.com\/detay\/gaziantep-haberleri\/buyuksehir-karbon-ayak-izini-azaltiyor\/825594\" target=\"_blank\">Yurthaber<\/a><\/p>","protected":false},"excerpt":{"rendered":"<p>Sorry, this entry is only available in Turkish. For the sake of viewer convenience, the content is shown below in the alternative language. You may click the link to switch the active language.Gaziantep B\u00fcy\u00fck\u015fehir Belediyesi 2023 y\u0131l\u0131na kadar karbon ayak izini y\u00fczde 20 azaltmay\u0131 hedefliyor. T\u00fcrkiye\u2019de yerelde bir ilk olan Gaziantep \u0130klim Eylem Plan\u0131\u2019n\u0131 2011 [&hellip;]<\/p>\n","protected":false},"author":1,"featured_media":9930,"comment_status":"open","ping_status":"open","sticky":false,"template":"","format":"standard","meta":[],"categories":[53,52],"tags":[63,67,4687,12,4688,4685,1826,4686,1426,793],"views":1083,"_links":{"self":[{"href":"https:\/\/www.enerjigazetesi.ist\/en\/wp-json\/wp\/v2\/posts\/9929"}],"collection":[{"href":"https:\/\/www.enerjigazetesi.ist\/en\/wp-json\/wp\/v2\/posts"}],"about":[{"href":"https:\/\/www.enerjigazetesi.ist\/en\/wp-json\/wp\/v2\/types\/post"}],"author":[{"embeddable":true,"href":"https:\/\/www.enerjigazetesi.ist\/en\/wp-json\/wp\/v2\/users\/1"}],"replies":[{"embeddable":true,"href":"https:\/\/www.enerjigazetesi.ist\/en\/wp-json\/wp\/v2\/comments?post=9929"}],"version-history":[{"count":1,"href":"https:\/\/www.enerjigazetesi.ist\/en\/wp-json\/wp\/v2\/posts\/9929\/revisions"}],"predecessor-version":[{"id":9931,"href":"https:\/\/www.enerjigazetesi.ist\/en\/wp-json\/wp\/v2\/posts\/9929\/revisions\/9931"}],"wp:featuredmedia":[{"embeddable":true,"href":"https:\/\/www.enerjigazetesi.ist\/en\/wp-json\/wp\/v2\/media\/9930"}],"wp:attachment":[{"href":"https:\/\/www.enerjigazetesi.ist\/en\/wp-json\/wp\/v2\/media?parent=9929"}],"wp:term":[{"taxonomy":"category","embeddable":true,"href":"https:\/\/www.enerjigazetesi.ist\/en\/wp-json\/wp\/v2\/categories?post=9929"},{"taxonomy":"post_tag","embeddable":true,"href":"https:\/\/www.enerjigazetesi.ist\/en\/wp-json\/wp\/v2\/tags?post=9929"}],"curies":[{"name":"wp","href":"https:\/\/api.w.org\/{rel}","templated":true}]}}