{"id":99247,"date":"2019-09-19T14:06:48","date_gmt":"2019-09-19T11:06:48","guid":{"rendered":"https:\/\/www.enerjigazetesi.ist\/?p=99247"},"modified":"2019-09-19T14:08:19","modified_gmt":"2019-09-19T11:08:19","slug":"aydinlatma-sektorunun-bulustugu-istanbullight-fuari-dun-basladi","status":"publish","type":"post","link":"https:\/\/www.enerjigazetesi.ist\/en\/aydinlatma-sektorunun-bulustugu-istanbullight-fuari-dun-basladi\/","title":{"rendered":"(Turkish) Ayd\u0131nlatma Sekt\u00f6r\u00fcn\u00fcn Bulu\u015ftu\u011fu &#8216;IstanbulLight Fuar\u0131&#8217; D\u00fcn Ba\u015flad\u0131!"},"content":{"rendered":"<p class=\"qtranxs-available-languages-message qtranxs-available-languages-message-en\">Sorry, this entry is only available in <a href=\"https:\/\/www.enerjigazetesi.ist\/tr\/wp-json\/wp\/v2\/posts\/99247\" class=\"qtranxs-available-language-link qtranxs-available-language-link-tr\" title=\"Turkish\">Turkish<\/a>. For the sake of viewer convenience, the content is shown below in the alternative language. You may click the link to switch the active language.<\/p><p><\/p>\n<h1><strong>T\u00fcrk ayd\u0131nlatma sekt\u00f6r\u00fcn\u00fc d\u00fcnya pazarlar\u0131 ile bulu\u015fturan IstanbulLight, 12. Uluslararas\u0131 Ayd\u0131nlatma &amp; Elektrik Malzemeleri Fuar\u0131 ve Kongresi, 18 Eyl\u00fcl\u2019de \u0130stanbul Fuar Merkezi\u2019nde ziyarete a\u00e7\u0131ld\u0131. 12. Ulusal Ayd\u0131nlatma Kongresi ve 3.Ayd\u0131nlatma Tasar\u0131m\u0131 Zirvesi\u2019ne de ev sahipli\u011fi yapan IstanbulLight, 21 Eyl\u00fcl\u2019e kadar ziyaret\u00e7ilerini a\u011f\u0131rlayacak.<\/strong><\/h1>\n<p>&nbsp;<\/p>\n<h1><strong>Son 10 y\u0131lda \u00fcretimini % 112,7 artt\u0131rma ba\u015faran T\u00fcrk Ayd\u0131nlatma Sekt\u00f6r\u00fc\u2019nde 4 bin 500\u2019\u00fcn \u00fczerinde firma faaliyet g\u00f6steriyor ve yakla\u015f\u0131k 5 bin ki\u015fiye istihdam sa\u011flan\u0131yor. 2019 y\u0131l\u0131n\u0131 2 milyar dolar ile kapatmas\u0131 bekleyen sekt\u00f6r, y\u0131lda ortalama 500 milyon dolar ihracat ger\u00e7ekle\u015ftiriyor.<img loading=\"lazy\" class=\"alignright wp-image-99249\" src=\"https:\/\/www.enerjigazetesi.ist\/wp-content\/uploads\/2019\/09\/aydinlatma-sektorunu-biraraya-getiren-istanbullight-fuari-dun-basladi2-300x200.jpg\" alt=\"\" width=\"320\" height=\"214\" srcset=\"https:\/\/www.enerjigazetesi.ist\/wp-content\/uploads\/2019\/09\/aydinlatma-sektorunu-biraraya-getiren-istanbullight-fuari-dun-basladi2-300x200.jpg 300w, https:\/\/www.enerjigazetesi.ist\/wp-content\/uploads\/2019\/09\/aydinlatma-sektorunu-biraraya-getiren-istanbullight-fuari-dun-basladi2-500x334.jpg 500w, https:\/\/www.enerjigazetesi.ist\/wp-content\/uploads\/2019\/09\/aydinlatma-sektorunu-biraraya-getiren-istanbullight-fuari-dun-basladi2-75x50.jpg 75w, https:\/\/www.enerjigazetesi.ist\/wp-content\/uploads\/2019\/09\/aydinlatma-sektorunu-biraraya-getiren-istanbullight-fuari-dun-basladi2-450x300.jpg 450w, https:\/\/www.enerjigazetesi.ist\/wp-content\/uploads\/2019\/09\/aydinlatma-sektorunu-biraraya-getiren-istanbullight-fuari-dun-basladi2.jpg 731w\" sizes=\"(max-width: 320px) 100vw, 320px\" \/><\/strong><\/h1>\n<p>Ayd\u0131nlatma Gere\u00e7leri \u0130malat\u00e7\u0131lar\u0131 Derne\u011fi (AG\u0130D) ve Ayd\u0131nlatma T\u00fcrk Milli Komitesi (ATMK) stratejik ortakl\u0131\u011f\u0131 ile Informa Markets taraf\u0131ndan d\u00fczenlenen IstanbulLight, 12. Uluslararas\u0131 Ayd\u0131nlatma &amp; Elektrik Malzemeleri Fuar\u0131 ve Kongresi <strong>18-21 Eyl\u00fcl 2019<\/strong> tarihlerinde<strong> \u0130stanbul Fuar Merkezi<\/strong>\u2019nde kap\u0131lar\u0131n\u0131 ziyarete a\u00e7t\u0131. Yakla\u015f\u0131k 220 kat\u0131l\u0131mc\u0131 firman\u0131n yer ald\u0131\u011f\u0131 fuar 4 g\u00fcnde T\u00fcrkiye, Orta Do\u011fu, Afrika, Do\u011fu Avrupa, Balkanlar, BDT \u00fclkeleri ve Asya\u2019dan 6.500\u2019\u00fc a\u015fk\u0131n sekt\u00f6r profesyonelinin ziyaret etmesi bekleniyor.<\/p>\n<h2><strong>Enerji verimlili\u011fi yat\u0131r\u0131mlar\u0131na haz\u0131rlanan kamu yetkilileri, \u00f6zel sekt\u00f6rle IstanbulLight\u2019ta bulu\u015fuyor<\/strong><\/h2>\n<p>IstanbulLight Fuar ve Kongresi\u2019nin a\u00e7\u0131l\u0131\u015f konu\u015fmas\u0131n\u0131 yapan <strong>Informa Markets Genel M\u00fcd\u00fcr\u00fc Atilla Marangozo\u011flu<\/strong>, ayd\u0131nlatma sistemleri ve tasar\u0131mlar\u0131n\u0131n, teknolojik geli\u015fmelere paralel olarak b\u00fcy\u00fck bir d\u00f6n\u00fc\u015f\u00fcm ge\u00e7irdi\u011fini ifade etti. Sekt\u00f6r\u00fcn g\u00fcndeminde nitelikli ve ak\u0131ll\u0131 ayd\u0131nlatma, LED teknolojileri, enerji verimlili\u011fi, katma de\u011ferli \u00fcretim gibi pek \u00e7ok yeni ve \u00f6ncelikli konular\u0131n oldu\u011funa dikkat \u00e7eken <strong>Marangozo\u011flu<\/strong>, partner kurulu\u015flar olan AG\u0130D ve ATMK\u2019ya y\u0131l i\u00e7indeki b\u00fct\u00fcn desteklerinden dolay\u0131 te\u015fekk\u00fcr etti.<\/p>\n<h2><strong>T\u00fcrkiye, Ayd\u0131nlatmada D\u00fcnya \u00dcretim \u00dcss\u00fc Olma Hedefinde \u0130lerliyor<\/strong><\/h2>\n<p>IstanbulLight\u2019\u0131n T\u00fcrk Ayd\u0131nlatma Sekt\u00f6r\u00fcn\u00fc tek bir \u00e7at\u0131 alt\u0131nda toplayan, T\u00fcrkiye\u2019nin Ayd\u0131nlatmas\u0131n\u0131n D\u00fcnyay\u0131 Ayd\u0131nlatmas\u0131 yolculu\u011funda \u00f6nemli bir rol \u00fcstlenen ve bu konuda tek ticaret fuar\u0131 oldu\u011funu belirten <strong>AG\u0130D Ba\u015fkan\u0131 Fahir G\u00f6k <\/strong>ise \u201c T\u00fcrk Ayd\u0131nlatma Sekt\u00f6r\u00fc olarak gerek k\u0131ta Avrupa&#8217;s\u0131 gerekse \u00e7evre co\u011frafyada \u00f6nemli bir \u00fcretim ve lojistik merkezi hedefimize ad\u0131m ad\u0131m ilerlerken, Kazakistan\u2019dan \u0130talya ya kadar olan geni\u015f co\u011frafyada imalat sanayimizdeki g\u00fcc\u00fcm\u00fcz\u00fc de\u011ferlendirmeli ve hareke ge\u00e7meliyiz. D\u00fcnyada ve \u00fclkemizdeki gerek yap\u0131sal gerekse teknolojik de\u011fi\u015fimlerin sundu\u011fu f\u0131rsatlar\u0131 yak\u0131ndan takip etmesi, uyarlamas\u0131, uygulamas\u0131 ve geli\u015ftirmesi ad\u0131na \u0130stanbulLight ve kapsam\u0131ndaki t\u00fcm etkinliklerin \u00f6nemli kald\u0131ra\u00e7lar oldu\u011funa inan\u0131yoruz.\u201d dedi.<\/p>\n<p><strong>G\u00f6k<\/strong>, sekt\u00f6r\u00fcn imalat g\u00fcc\u00fcn\u00fcn geli\u015fmesi ad\u0131na uluslararas\u0131 belgelendirme hizmeti veren bir laboratuvar, \u00fcr\u00fcn ve proje tasar\u0131m\u0131n\u0131 destekleyen Ar-Ge merkezi, t\u00fcm payda\u015flar\u0131n farkl\u0131 konu ba\u015fl\u0131klar\u0131nda bir araya gelebilece\u011fi toplant\u0131 ve e\u011fitim platformu ve ayd\u0131nlatma sekt\u00f6r\u00fcne at\u0131k y\u00f6netimi hizmeti verebilen AG\u0130D Ayd\u0131nlatma Merkezi\u2019nin kurulmas\u0131n\u0131n son d\u00f6nemdeki en \u00f6nemli hedefleri oldu\u011funu s\u00f6zlerine ekledi.<\/p>\n<h2><strong>D\u0131\u015f pazarlarda s\u00f6z sahibi olabilmemizin yolu: Kaliteli ve katma de\u011feri y\u00fcksek teknolojik \u00fcr\u00fcn \u00fcretimi <\/strong><\/h2>\n<p>Rekabet ko\u015fullar\u0131n\u0131n a\u011f\u0131r oldu\u011funu ve d\u0131\u015f pazarlarda s\u00f6z sahibi olabilmemizin yolunun, kaliteli ve katma de\u011feri y\u00fcksek teknolojik \u00fcr\u00fcn \u00fcretimi oldu\u011funa dikkat \u00e7eken <strong>ATMK Ba\u015fkan\u0131 Prof. Dr. Sermin Onaygil<\/strong> de, \u201cBu kaliteli \u00fcr\u00fcnlerin pazarlanmas\u0131 ve sat\u0131\u015f\u0131 i\u00e7in de do\u011fru reg\u00fclasyonlara ve projelere ihtiyac\u0131m\u0131z var. K\u0131saca bundan sonra ancak personel ve \u00fcretimde ayd\u0131nlatma teknolojisine hakim, tasar\u0131m yetene\u011fi olan, sekt\u00f6re sat\u0131\u015f ve t\u00fcketici a\u00e7\u0131s\u0131ndan y\u00f6n verebilecek bilgi donan\u0131ma sahip firmalar\u0131n s\u00fcreklili\u011fi olabilecektir. \u201c dedi.<\/p>\n<p><strong>Prof.Dr. Onaygil<\/strong>, ana temas\u0131 \u201cT\u00fcrkiye\u2019de Nitelikli Ayd\u0131nlatma\u201d olarak belirlenen ve IstanbulLight ile e\u015f zamanl\u0131 olarak d\u00fczenlenen 12. Ulusal Ayd\u0131nlatma Kongresinde, Ayd\u0131nlatmada E\u011fitim ve \u0130nsan Kayna\u011f\u0131; Nitelikli Ayd\u0131nlatma \u0130\u00e7in Tasar\u0131m; D\u00fcnya Standartlar\u0131nda Tasarlanm\u0131\u015f \u00dcretim; Ayd\u0131nlatmada Sat\u0131\u015f ve T\u00fcketici Bilinci ba\u015fl\u0131klar\u0131 alt\u0131nda farkl\u0131 sunumlar ger\u00e7ekle\u015ftirilece\u011fini ifade etti.<\/p>\n<h2><strong>\u201cAyd\u0131nlatma\u2019da Enerji Verimlili\u011fi\u201d oturumu 20 Eyl\u00fcl\u2019de IstanbulLight Ticaret Sahnesi\u2019nde\u2026<\/strong><\/h2>\n<p>IstanbulLight, Kamu ve Ayd\u0131nlatma Sekt\u00f6r Bulu\u015fmas\u0131\u2019na ev sahipli\u011fi yapacak. Sanayi \u00dcr\u00fcnleri G\u00fcvenli\u011fi ve Denetimi Genel M\u00fcd\u00fcr\u00fc Mehmet Bozdemir, Enerji Verimlili\u011fi ve \u00c7evre Dairesi Ba\u015fkan\u0131 O\u011fuz Can AG\u0130D (Ayd\u0131nlatma Gere\u00e7leri \u0130malat\u00e7\u0131lar\u0131 Derne\u011fi) Y\u00f6netim Kurulu Ba\u015fkan\u0131 Fahir G\u00f6k koordinasyonunda sekt\u00f6r temsilcilerinin en \u00fcst d\u00fczeyde kat\u0131laca\u011f\u0131 \u201cAyd\u0131nlatma\u2019da Enerji Verimlili\u011fi\u201d oturumu, 20 Eyl\u00fcl, saat 10:30\u2019da IstanbulLight Fuar\u0131, Ticaret Sahnesi\u2019nde yap\u0131lacak. Bulu\u015fmada, kamunun T\u00fcrk Ayd\u0131nlatma Sekt\u00f6r\u00fc i\u00e7in yaratt\u0131\u011f\u0131 f\u0131rsatlar ile beklentiler ele al\u0131nacak.<\/p>\n<h2><strong>Ayd\u0131nlatma Tasar\u0131m\u0131nda \u0130lham Verici Projeler, 3. Ayd\u0131nlatma Tasar\u0131m Zirvesi\u2019nde konu\u015fulacak<\/strong><\/h2>\n<p>IstanbulLight kapsam\u0131nda 20-21 Eyl\u00fcl\u2019de d\u00fczenlenecek 3. Ayd\u0131nlatma Tasar\u0131m Zirvesi, d\u00fcnyaca \u00fcnl\u00fc ayd\u0131nlatma tasar\u0131mc\u0131lar a\u011f\u0131rlanacak. \u0130stanbul Fuar Merkezi\u2019nde yap\u0131lacak etkinlikte Jason Bruges Studio, Liz West Studio, ONOFF Ayd\u0131nlatma, LAB.1, Arup, ZKLD Light Studio, Sevenlights, PLANLUX, MCC Ayd\u0131nlatma, NA Light Style, SLD Studio, Dark Source, Steensen Varming \u2013 UTS, The Lighting Institute ve A\u011fustos Teknoloji gibi firmalardan ayd\u0131nlatma tasar\u0131mc\u0131lar\u0131 ve profesyonelleri konu\u015fmac\u0131 olarak yer al\u0131yor. Zirve\u2019de ayd\u0131nlatmada tasar\u0131m\u0131ndaki son trendler,ilham verici projeler ve tasar\u0131mda yeni yakla\u015f\u0131mlar ele al\u0131nacak.<\/p>\n<h2><strong>Ayd\u0131nlatma at\u0131klar\u0131, otizmli \u00e7ocuklar\u0131n e\u011fitimine katk\u0131 i\u00e7in geri d\u00f6n\u00fc\u015ft\u00fcr\u00fcl\u00fcyor<\/strong><\/h2>\n<p>AG\u0130D, IstanbulLight ve Tohum Otizm Vakf\u0131 sosyal sorumluluk i\u015f birli\u011fi ile ba\u015fta ayd\u0131nlatma olmak \u00fczere elektrikli ve elektronik at\u0131klar geri d\u00f6n\u00fc\u015f\u00fcme sokulmas\u0131 amac\u0131 ile at\u0131k toplama alan\u0131 olu\u015fturuldu. Kat\u0131l\u0131mc\u0131 ve ziyaret\u00e7iler, at\u0131klar\u0131n\u0131 bu alana gelerek teslim edebilecek. B\u00f6ylelikle hem \u00e7evre ve insan sa\u011fl\u0131\u011f\u0131 korunacak hem de otizmli \u00e7ocuklar\u0131n e\u011fitimlerine katk\u0131 sa\u011flanacak.<\/p>","protected":false},"excerpt":{"rendered":"<p>Sorry, this entry is only available in Turkish. For the sake of viewer convenience, the content is shown below in the alternative language. You may click the link to switch the active language. T\u00fcrk ayd\u0131nlatma sekt\u00f6r\u00fcn\u00fc d\u00fcnya pazarlar\u0131 ile bulu\u015fturan IstanbulLight, 12. Uluslararas\u0131 Ayd\u0131nlatma &amp; Elektrik Malzemeleri Fuar\u0131 ve Kongresi, 18 Eyl\u00fcl\u2019de \u0130stanbul Fuar Merkezi\u2019nde [&hellip;]<\/p>\n","protected":false},"author":1,"featured_media":99250,"comment_status":"open","ping_status":"open","sticky":false,"template":"","format":"standard","meta":[],"categories":[51,53,52],"tags":[57073,54844,13939,55344,35662,57076,56497,57075,56498,55351,12,26559,5156,13940,54281,3671,35457,34830,55340,55343,2900,55341,55348,55349,55342,56506,55347,32011,55346,55350,55352,55353,57074,793,55345],"views":537,"_links":{"self":[{"href":"https:\/\/www.enerjigazetesi.ist\/en\/wp-json\/wp\/v2\/posts\/99247"}],"collection":[{"href":"https:\/\/www.enerjigazetesi.ist\/en\/wp-json\/wp\/v2\/posts"}],"about":[{"href":"https:\/\/www.enerjigazetesi.ist\/en\/wp-json\/wp\/v2\/types\/post"}],"author":[{"embeddable":true,"href":"https:\/\/www.enerjigazetesi.ist\/en\/wp-json\/wp\/v2\/users\/1"}],"replies":[{"embeddable":true,"href":"https:\/\/www.enerjigazetesi.ist\/en\/wp-json\/wp\/v2\/comments?post=99247"}],"version-history":[{"count":0,"href":"https:\/\/www.enerjigazetesi.ist\/en\/wp-json\/wp\/v2\/posts\/99247\/revisions"}],"wp:featuredmedia":[{"embeddable":true,"href":"https:\/\/www.enerjigazetesi.ist\/en\/wp-json\/wp\/v2\/media\/99250"}],"wp:attachment":[{"href":"https:\/\/www.enerjigazetesi.ist\/en\/wp-json\/wp\/v2\/media?parent=99247"}],"wp:term":[{"taxonomy":"category","embeddable":true,"href":"https:\/\/www.enerjigazetesi.ist\/en\/wp-json\/wp\/v2\/categories?post=99247"},{"taxonomy":"post_tag","embeddable":true,"href":"https:\/\/www.enerjigazetesi.ist\/en\/wp-json\/wp\/v2\/tags?post=99247"}],"curies":[{"name":"wp","href":"https:\/\/api.w.org\/{rel}","templated":true}]}}