{"id":99215,"date":"2019-09-19T12:19:20","date_gmt":"2019-09-19T09:19:20","guid":{"rendered":"https:\/\/www.enerjigazetesi.ist\/?p=99215"},"modified":"2019-09-19T12:28:59","modified_gmt":"2019-09-19T09:28:59","slug":"rusya-ve-dominik-cumhuriyetinden-nukleerin-bariscil-kullanimi-icin-isbirligi","status":"publish","type":"post","link":"https:\/\/www.enerjigazetesi.ist\/en\/rusya-ve-dominik-cumhuriyetinden-nukleerin-bariscil-kullanimi-icin-isbirligi\/","title":{"rendered":"(Turkish) &#8217;Rusya ve Dominik Cumhuriyeti&#8217;nden Bar\u0131\u015f\u00e7\u0131l N\u00fckleer Kullan\u0131m\u0131 \u0130\u015fbirli\u011fi!"},"content":{"rendered":"<p class=\"qtranxs-available-languages-message qtranxs-available-languages-message-en\">Sorry, this entry is only available in <a href=\"https:\/\/www.enerjigazetesi.ist\/tr\/wp-json\/wp\/v2\/posts\/99215\" class=\"qtranxs-available-language-link qtranxs-available-language-link-tr\" title=\"Turkish\">Turkish<\/a>. For the sake of viewer convenience, the content is shown below in the alternative language. You may click the link to switch the active language.<\/p><p><\/p>\n<h1><strong>Uluslararas\u0131 Atom Enerjisi Ajans\u0131\u2019n\u0131n 17 Eyl\u00fcl\u2019de Viyana\u2019da d\u00fczenlenen 63\u2019\u00fcnc\u00fc Genel Kongresi\u2019ne kat\u0131lan Rosatom ve Dominik Cumhuriyeti Enerji ve Maden Bakanl\u0131\u011f\u0131 taraf\u0131ndan n\u00fckleer enerjinin bar\u0131\u015f\u00e7\u0131l kullan\u0131m\u0131na y\u00f6nelik i\u015fbirli\u011fi yapmak \u00fczere bir protokol imzaland\u0131.<\/strong><\/h1>\n<p>Rosatom Genel Ba\u015fkan Yard\u0131mc\u0131s\u0131 Nikolay Spassky, protokol\u00fc Rusya Federasyonu ad\u0131na imzalad\u0131. <img loading=\"lazy\" class=\"alignright wp-image-99217\" src=\"https:\/\/www.enerjigazetesi.ist\/wp-content\/uploads\/2019\/09\/rusya-ve-dominik-cumhuriyetinden-nukleerin-bariscil-kullanimi-icin-isbirligi-300x198.jpg\" alt=\"\" width=\"320\" height=\"212\" srcset=\"https:\/\/www.enerjigazetesi.ist\/wp-content\/uploads\/2019\/09\/rusya-ve-dominik-cumhuriyetinden-nukleerin-bariscil-kullanimi-icin-isbirligi-300x198.jpg 300w, https:\/\/www.enerjigazetesi.ist\/wp-content\/uploads\/2019\/09\/rusya-ve-dominik-cumhuriyetinden-nukleerin-bariscil-kullanimi-icin-isbirligi-500x331.jpg 500w, https:\/\/www.enerjigazetesi.ist\/wp-content\/uploads\/2019\/09\/rusya-ve-dominik-cumhuriyetinden-nukleerin-bariscil-kullanimi-icin-isbirligi-76x50.jpg 76w, https:\/\/www.enerjigazetesi.ist\/wp-content\/uploads\/2019\/09\/rusya-ve-dominik-cumhuriyetinden-nukleerin-bariscil-kullanimi-icin-isbirligi-450x300.jpg 450w, https:\/\/www.enerjigazetesi.ist\/wp-content\/uploads\/2019\/09\/rusya-ve-dominik-cumhuriyetinden-nukleerin-bariscil-kullanimi-icin-isbirligi.jpg 738w\" sizes=\"(max-width: 320px) 100vw, 320px\" \/>Dominik Cumhuriyeti\u2019ni temsilen Dominik Cumhuriyeti Avusturya B\u00fcy\u00fckel\u00e7isi ve Viyana\u2019da d\u00fczenlenen uluslararas\u0131 organizasyonlar\u0131n daimi temsilcisi Lourdes Gisela Victoria-Kruse protokol\u00fc imzalad\u0131.<\/p>\n<p>Protokol, iki \u00fclkenin n\u00fckleer enerjinin bar\u0131\u015f\u00e7\u0131l kullan\u0131m\u0131na y\u00f6nelik imzalad\u0131\u011f\u0131 ilk belge olma \u00f6zelli\u011fi ta\u015f\u0131yor. Ayn\u0131 zamanda iki \u00fclke aras\u0131nda Dominik Cumhuriyeti\u2019nin n\u00fckleer altyap\u0131s\u0131n\u0131n geli\u015fimi, n\u00fckleer teknolojinin bilinilirli\u011fini art\u0131rmak i\u00e7in yap\u0131lacak detayl\u0131 \u00e7al\u0131\u015fmalar, radyoizotoplar\u0131n ve radyasyon teknolojisinin sanayi, tar\u0131m ve t\u0131pta kullan\u0131m\u0131 gibi pek \u00e7ok farkl\u0131 konularda i\u015fbirli\u011finin temelini at\u0131yor. Ayr\u0131ca her iki taraf i\u00e7in de yararl\u0131 ortak projeler tan\u0131mlayacak ortak \u00e7al\u0131\u015fma gruplar\u0131 kurulacak.<\/p>\n<p>Protokol\u00fcn taraflar\u0131, bir sonraki ad\u0131m olarak h\u00fck\u00fcmetleraras\u0131 bir anla\u015fma \u00e7er\u00e7evesi haz\u0131rlayacak.<\/p>","protected":false},"excerpt":{"rendered":"<p>Sorry, this entry is only available in Turkish. For the sake of viewer convenience, the content is shown below in the alternative language. You may click the link to switch the active language. Uluslararas\u0131 Atom Enerjisi Ajans\u0131\u2019n\u0131n 17 Eyl\u00fcl\u2019de Viyana\u2019da d\u00fczenlenen 63\u2019\u00fcnc\u00fc Genel Kongresi\u2019ne kat\u0131lan Rosatom ve Dominik Cumhuriyeti Enerji ve Maden Bakanl\u0131\u011f\u0131 taraf\u0131ndan n\u00fckleer [&hellip;]<\/p>\n","protected":false},"author":1,"featured_media":99217,"comment_status":"open","ping_status":"open","sticky":false,"template":"","format":"standard","meta":[],"categories":[51,53,43],"tags":[57048,57044,52674,52259,57047,57046,57045,2587,25728,6374],"views":661,"_links":{"self":[{"href":"https:\/\/www.enerjigazetesi.ist\/en\/wp-json\/wp\/v2\/posts\/99215"}],"collection":[{"href":"https:\/\/www.enerjigazetesi.ist\/en\/wp-json\/wp\/v2\/posts"}],"about":[{"href":"https:\/\/www.enerjigazetesi.ist\/en\/wp-json\/wp\/v2\/types\/post"}],"author":[{"embeddable":true,"href":"https:\/\/www.enerjigazetesi.ist\/en\/wp-json\/wp\/v2\/users\/1"}],"replies":[{"embeddable":true,"href":"https:\/\/www.enerjigazetesi.ist\/en\/wp-json\/wp\/v2\/comments?post=99215"}],"version-history":[{"count":0,"href":"https:\/\/www.enerjigazetesi.ist\/en\/wp-json\/wp\/v2\/posts\/99215\/revisions"}],"wp:featuredmedia":[{"embeddable":true,"href":"https:\/\/www.enerjigazetesi.ist\/en\/wp-json\/wp\/v2\/media\/99217"}],"wp:attachment":[{"href":"https:\/\/www.enerjigazetesi.ist\/en\/wp-json\/wp\/v2\/media?parent=99215"}],"wp:term":[{"taxonomy":"category","embeddable":true,"href":"https:\/\/www.enerjigazetesi.ist\/en\/wp-json\/wp\/v2\/categories?post=99215"},{"taxonomy":"post_tag","embeddable":true,"href":"https:\/\/www.enerjigazetesi.ist\/en\/wp-json\/wp\/v2\/tags?post=99215"}],"curies":[{"name":"wp","href":"https:\/\/api.w.org\/{rel}","templated":true}]}}