{"id":99198,"date":"2019-09-19T07:48:46","date_gmt":"2019-09-19T04:48:46","guid":{"rendered":"https:\/\/www.enerjigazetesi.ist\/?p=99198"},"modified":"2019-09-19T07:50:18","modified_gmt":"2019-09-19T04:50:18","slug":"elektrik-uretiminde-yerli-ve-yenilenebilir-kaynaklarin-payi-yuzde-65-lere-ulasti","status":"publish","type":"post","link":"https:\/\/www.enerjigazetesi.ist\/en\/elektrik-uretiminde-yerli-ve-yenilenebilir-kaynaklarin-payi-yuzde-65-lere-ulasti\/","title":{"rendered":"(Turkish) &#8221;Elektrik \u00dcretiminde Yerli ve Yenilenebilir Kaynaklar\u0131n Pay\u0131 % 65&#8217;lere Ula\u015ft\u0131&#8221;"},"content":{"rendered":"<p class=\"qtranxs-available-languages-message qtranxs-available-languages-message-en\">Sorry, this entry is only available in <a href=\"https:\/\/www.enerjigazetesi.ist\/tr\/wp-json\/wp\/v2\/posts\/99198\" class=\"qtranxs-available-language-link qtranxs-available-language-link-tr\" title=\"Turkish\">Turkish<\/a>. For the sake of viewer convenience, the content is shown below in the alternative language. You may click the link to switch the active language.<\/p><p><\/p>\n<h1>Enerji ve Tabii Kaynaklar Bakan\u0131 Fatih D\u00f6nmez, Bloomberg HT\u2019de kat\u0131ld\u0131\u011f\u0131 programda a\u00e7\u0131klamalarda bulunurken T\u00fcrkiye&#8217;nin enerji ithalat\u0131 politikas\u0131yla ilgili konu\u015fan Bakan D\u00f6nmez, elektrik ithalat\u0131n\u0131n son y\u0131llarda ciddi oranda azald\u0131\u011f\u0131n\u0131 dile getirdi.<\/h1>\n<p>Bakan D\u00f6nmez \u015f\u00f6yle konu\u015ftu: &#8220;Elektrik ihracat\u0131m\u0131z, ithalat\u0131m\u0131zdan daha fazla. Kom\u015fu \u00fclkelerin hepsiyle <img loading=\"lazy\" class=\"alignright wp-image-99202\" src=\"https:\/\/www.enerjigazetesi.ist\/wp-content\/uploads\/2019\/09\/elektrik-uretiminde-yerli-ve-yenilenebilir-kaynaklarin-payi-yuzde-65-lere-ulasti-300x169.jpg\" alt=\"\" width=\"320\" height=\"180\" srcset=\"https:\/\/www.enerjigazetesi.ist\/wp-content\/uploads\/2019\/09\/elektrik-uretiminde-yerli-ve-yenilenebilir-kaynaklarin-payi-yuzde-65-lere-ulasti-300x169.jpg 300w, https:\/\/www.enerjigazetesi.ist\/wp-content\/uploads\/2019\/09\/elektrik-uretiminde-yerli-ve-yenilenebilir-kaynaklarin-payi-yuzde-65-lere-ulasti-500x282.jpg 500w, https:\/\/www.enerjigazetesi.ist\/wp-content\/uploads\/2019\/09\/elektrik-uretiminde-yerli-ve-yenilenebilir-kaynaklarin-payi-yuzde-65-lere-ulasti-80x45.jpg 80w, https:\/\/www.enerjigazetesi.ist\/wp-content\/uploads\/2019\/09\/elektrik-uretiminde-yerli-ve-yenilenebilir-kaynaklarin-payi-yuzde-65-lere-ulasti.jpg 728w\" sizes=\"(max-width: 320px) 100vw, 320px\" \/>elektrik hatlar\u0131m\u0131z, \u00fcretim hatlar\u0131m\u0131z birbirine ba\u011fl\u0131. Bat\u0131da Bulgaristan, Yunanistan, do\u011fuda da G\u00fcrcistan, Azerbaycan, Nahcivan&#8217;\u0131 kastederek s\u00f6yl\u00fcyorum. \u0130ran, Irak ve tabi Suriye&#8217;yle de vard\u0131, ama sava\u015f \u00f6ncesinde bir ticaretimiz s\u00f6z konusuydu. Irak bizden elektrik alabilece\u011fini ifade etti, transfer kapasitesini Irak ba\u015fta olmak \u00fczere art\u0131raca\u011f\u0131z. Ge\u00e7ti\u011fimiz y\u0131l elektrik \u00fcretiminde yerli ve yenilenebilir kaynaklar\u0131n pay\u0131 yakla\u015f\u0131k y\u00fczde 50 idi. Bu sene ilk 7 ayda bu oran y\u00fczde 65-66&#8217;lara \u00e7\u0131kt\u0131, yani y\u00fczde 15-16&#8217;l\u0131k bir yerli pay\u0131nda art\u0131\u015f s\u00f6z konusu. Bunun ekonomik kar\u015f\u0131l\u0131\u011f\u0131 da \u015fu; e\u011fer bunu yerli yenilenebilir kaynaklardan \u00fcretmemi\u015f olsayd\u0131k, yakla\u015f\u0131k 1,5 milyar dolar daha ithalat yapacakt\u0131k. \u00d6n\u00fcm\u00fczdeki y\u0131llarda yerlilik pay\u0131n\u0131 art\u0131rmak i\u00e7in yerli kaynaklar\u0131 azami kullanmay\u0131 hedefliyoruz.&#8221;<\/p>\n<h1>&#8216;2023 y\u0131l\u0131nda i\u015fletmeye almay\u0131 planl\u0131yoruz&#8217;<\/h1>\n<p>Rusya Atom Enerjisi Kurumu ROSATOM taraf\u0131ndan Mersin&#8217;de in\u015fas\u0131 devam eden T\u00fcrkiye&#8217;nin ilk n\u00fckleer g\u00fc\u00e7 santrali &#8216;Akkuyu NGS&#8217;ye de\u011finen Bakan D\u00f6nmez, \u015funlar\u0131 s\u00f6yledi:&#8221; Ge\u00e7ti\u011fimiz Temmuz ay\u0131nda ROSATOM Ba\u015fkan\u0131 Say\u0131n Liha\u00e7ev&#8217;le birlikte sahada m\u00fc\u015fterek incelemelerde bulunduk. Birinci \u00fcnitenin temeliyle alakal\u0131 in\u015faat \u00e7al\u0131\u015fmalar\u0131 b\u00fcy\u00fck oranda tamamland\u0131. Sahaya yeni intikal eden bir ekstra g\u00fcvenlik kabini var o gelmi\u015fti onun montaj\u0131na ba\u015flam\u0131\u015flard\u0131. Plan ve programa uygun olarak ilerliyor. Bug\u00fcnlerde de asl\u0131nda ikinci reakt\u00f6r\u00fcn in\u015faat lisans\u0131n\u0131 da N\u00fckleer D\u00fczenleme Kurulumuz veriyor. Orada da ge\u00e7ti\u011fimiz y\u0131l s\u0131n\u0131rl\u0131 in\u015faat izni al\u0131nm\u0131\u015ft\u0131, \u015fimdi her iki \u00fcnite de in\u015fallah h\u0131zlanarak devam etmi\u015f olacak. Toplam 4 \u00fcnite her biri 1200 megavat toplam 4800 mw. \u0130n\u015fallah ilk \u00fcniteyi Cumhuriyetimizin 100&#8217;uncu y\u0131l\u0131nda 2023 y\u0131l\u0131nda i\u015fletmeye almay\u0131 planl\u0131yoruz.&#8221;<\/p>\n<h1><strong>&#8216;Kamu binalar\u0131nda % 15&#8217;lik tasarruf planl\u0131yoruz&#8217;<\/strong><\/h1>\n<p>Bakan D\u00f6nmez, kamu binalar\u0131nda enerji verimlili\u011finin art\u0131r\u0131lmas\u0131yla ilgili de, \u015f\u00f6yle konu\u015ftu:&#8221;2023 y\u0131l\u0131na kadar kamu binalar\u0131na biz y\u00fczde 15&#8217;lik bir tasarruf planl\u0131yoruz. Bizim yapm\u0131\u015f oldu\u011fumuz potansiyel \u00e7al\u0131\u015fmalar\u0131na g\u00f6re de yakla\u015f\u0131k y\u00fczde 27&#8217;lik bir tasarruf potansiyelimiz var. % 15&#8217;lik k\u0131s\u0131m yakla\u015f\u0131k y\u0131ll\u0131k 250-300 milyon lira gibi bir tasarrufa denk geliyor. 2023&#8217;te % 15&#8217;lik tasarrufa ula\u015f\u0131rsak ondan sonra takip eden d\u00f6nemde de bir y\u00fczde 13 daha hedef belirlersek toplam tasarruf hedefimizi yakalam\u0131\u015f olaca\u011f\u0131z. Bu vesileyle ben vatanda\u015flar\u0131m\u0131z\u0131, i\u015f insanlar\u0131m\u0131z\u0131 da uyarmak istiyorum. L\u00fctfen onlar da dikkate als\u0131n, bulunduklar\u0131, ya\u015fad\u0131klar\u0131, \u00e7al\u0131\u015ft\u0131klar\u0131 binalarda enerji verimlili\u011fi anlam\u0131nda yap\u0131lacak \u00e7ok i\u015fler var. E\u011fer bir teknik firmaya, bir m\u00fchendislik firmas\u0131na bu et\u00fctler yap\u0131l\u0131rsa, yapm\u0131\u015f olduklar\u0131 bu kapsaml\u0131 yat\u0131r\u0131mlar\u0131n \u00e7ok k\u0131sa s\u00fcre i\u00e7erisinde kendilerine geri d\u00f6nece\u011fini g\u00f6recekler. Ge\u00e7ti\u011fimiz y\u0131l \u00e7\u0131karm\u0131\u015f oldu\u011fumuz kanunla enerji verimlili\u011fini destekleme miktarlar\u0131n\u0131 art\u0131rd\u0131k. Daha \u00f6nce 1 milyon liraya kadar olan projelerde yakla\u015f\u0131k % 20&#8217;lik bir destek s\u00f6z konusuyken \u015fimdi bu rakam\u0131 5 kat artt\u0131rd\u0131k, 5 milyon liraya \u00e7\u0131kard\u0131k. Dolay\u0131s\u0131yla, her 5 milyonluk projenin 1 milyon liral\u0131k k\u0131sm\u0131n\u0131 biz destekleyece\u011fiz. Bu proje, bu ba\u015fl\u0131k asl\u0131nda \u00fclkede ya\u015fayan 82 milyona hitap eden bir konu.&#8221;<br \/>\nBakan D\u00f6nmez, dar gelirli ailelere elektrik deste\u011fi verilmesi konusunda da, &#8220;A\u011fustos sonu itibariyle vatanda\u015flar\u0131m\u0131za \u00f6dedi\u011fimiz rakam 275 milyon lira&#8221; dedi.<\/p>\n<h1>&#8216;Madencilik, yat\u0131r\u0131m tutar\u0131 y\u00fcksek bir alan&#8217;<\/h1>\n<p>T\u00fcrkiye&#8217;deki madencilik faaliyetlerine de de\u011finen Bakan D\u00f6nmez, ge\u00e7en y\u0131l maden ve ham madde ithalat\u0131n\u0131n 27 milyar dolar oldu\u011funu, yakla\u015f\u0131k 6-7 milyar dolar da ihracat yap\u0131ld\u0131\u011f\u0131n\u0131 belirterek, \u015f\u00f6yle konu\u015ftu: &#8220;Net d\u0131\u015f ticaret a\u00e7\u0131\u011f\u0131 bu sekt\u00f6r a\u00e7\u0131s\u0131ndan 20 milyar dolar civar\u0131nda bir rakam. Bunun b\u00fcy\u00fck bir k\u0131sm\u0131n\u0131 da alt\u0131n olu\u015fturuyor. Ge\u00e7ti\u011fimiz y\u0131l yakla\u015f\u0131k 8.5 milyar dolarl\u0131k bir alt\u0131n ithalat\u0131m\u0131z var. Alt\u0131n\u0131 millet\u00e7e seviyoruz, ayn\u0131 zamanda bir tasarruf arac\u0131, bir ziynet arac\u0131, kuyumcu sekt\u00f6r\u00fcm\u00fcz de hakikaten T\u00fcrkiye&#8217;de \u00e7ok iyi. Bir k\u0131sm\u0131n\u0131 da al\u0131p i\u015fleyip tekrar ihra\u00e7 edebiliyoruz. Di\u011fer \u00fcr\u00fcnler itibariyle de bakt\u0131\u011f\u0131m\u0131zda, mesela bak\u0131rda, demir cevherinde, buna benzer \u00fcr\u00fcnlerde de ciddi ithalat\u0131m\u0131z var. T\u00fcrkiye maden potansiyeli san\u0131lan\u0131n aksine y\u00fcksek bir \u00fclke. D\u00fcnyada yakla\u015f\u0131k 90 \u00e7e\u015fit madenin madencili\u011fi yap\u0131l\u0131yor. Bunlardan 77&#8217;si asl\u0131nda \u00fclkemizde var, fakat biz 60 civar\u0131nda bir k\u0131sm\u0131n\u0131n \u00fcretimini yapabiliyoruz. Madencilik sekt\u00f6r\u00fc zaman t\u00fcketen ve yat\u0131r\u0131m tutar\u0131 y\u00fcksek alanlardan birisi. Yani aramayla \u00fcretime ge\u00e7me aras\u0131nda ortalama 10 y\u0131l civar\u0131nda bir s\u00fcre ge\u00e7iyor. Her zaman dedi\u011fimiz gibi varsa bulmaya \u00e7al\u0131\u015f\u0131yoruz.&#8221;<\/p>\n<p>Kaynak: <a href=\"https:\/\/www.enerji.gov.tr\/tr-TR\/Bakanlik-Haberleri\/Elektrik-uretiminde-yerli-ve-yenilenebilir-kaynaklarin-payi-yuzde-65-66lara-cikti\" target=\"_blank\" rel=\"noopener\">ETKB<\/a><\/p>","protected":false},"excerpt":{"rendered":"<p>Sorry, this entry is only available in Turkish. For the sake of viewer convenience, the content is shown below in the alternative language. You may click the link to switch the active language. Enerji ve Tabii Kaynaklar Bakan\u0131 Fatih D\u00f6nmez, Bloomberg HT\u2019de kat\u0131ld\u0131\u011f\u0131 programda a\u00e7\u0131klamalarda bulunurken T\u00fcrkiye&#8217;nin enerji ithalat\u0131 politikas\u0131yla ilgili konu\u015fan Bakan D\u00f6nmez, elektrik [&hellip;]<\/p>\n","protected":false},"author":1,"featured_media":99202,"comment_status":"open","ping_status":"open","sticky":false,"template":"","format":"standard","meta":[],"categories":[51,53,52,24649],"tags":[42302,57039,27700,57038,2465,52674,57036,52259,35423,26559,27530,11012,57037,53315,1301,2587,13033,846,793,12145],"views":585,"_links":{"self":[{"href":"https:\/\/www.enerjigazetesi.ist\/en\/wp-json\/wp\/v2\/posts\/99198"}],"collection":[{"href":"https:\/\/www.enerjigazetesi.ist\/en\/wp-json\/wp\/v2\/posts"}],"about":[{"href":"https:\/\/www.enerjigazetesi.ist\/en\/wp-json\/wp\/v2\/types\/post"}],"author":[{"embeddable":true,"href":"https:\/\/www.enerjigazetesi.ist\/en\/wp-json\/wp\/v2\/users\/1"}],"replies":[{"embeddable":true,"href":"https:\/\/www.enerjigazetesi.ist\/en\/wp-json\/wp\/v2\/comments?post=99198"}],"version-history":[{"count":1,"href":"https:\/\/www.enerjigazetesi.ist\/en\/wp-json\/wp\/v2\/posts\/99198\/revisions"}],"predecessor-version":[{"id":99199,"href":"https:\/\/www.enerjigazetesi.ist\/en\/wp-json\/wp\/v2\/posts\/99198\/revisions\/99199"}],"wp:featuredmedia":[{"embeddable":true,"href":"https:\/\/www.enerjigazetesi.ist\/en\/wp-json\/wp\/v2\/media\/99202"}],"wp:attachment":[{"href":"https:\/\/www.enerjigazetesi.ist\/en\/wp-json\/wp\/v2\/media?parent=99198"}],"wp:term":[{"taxonomy":"category","embeddable":true,"href":"https:\/\/www.enerjigazetesi.ist\/en\/wp-json\/wp\/v2\/categories?post=99198"},{"taxonomy":"post_tag","embeddable":true,"href":"https:\/\/www.enerjigazetesi.ist\/en\/wp-json\/wp\/v2\/tags?post=99198"}],"curies":[{"name":"wp","href":"https:\/\/api.w.org\/{rel}","templated":true}]}}