{"id":99173,"date":"2019-09-18T14:38:17","date_gmt":"2019-09-18T11:38:17","guid":{"rendered":"https:\/\/www.enerjigazetesi.ist\/?p=99173"},"modified":"2019-09-18T14:48:58","modified_gmt":"2019-09-18T11:48:58","slug":"gunes-enerjili-yol-projesi-bekleneni-karsilamadi","status":"publish","type":"post","link":"https:\/\/www.enerjigazetesi.ist\/en\/gunes-enerjili-yol-projesi-bekleneni-karsilamadi\/","title":{"rendered":"(Turkish) &#8217;G\u00fcne\u015f Enerjili Yol Projesi&#8217; Bekleneni Kar\u015f\u0131lamad\u0131"},"content":{"rendered":"<p class=\"qtranxs-available-languages-message qtranxs-available-languages-message-en\">Sorry, this entry is only available in <a href=\"https:\/\/www.enerjigazetesi.ist\/tr\/wp-json\/wp\/v2\/posts\/99173\" class=\"qtranxs-available-language-link qtranxs-available-language-link-tr\" title=\"Turkish\">Turkish<\/a>. For the sake of viewer convenience, the content is shown below in the alternative language. You may click the link to switch the active language.<\/p><p><\/p>\n<h1><strong>G\u00fcn\u00fcm\u00fczde g\u00fcne\u015f enerjisi, gelece\u011fin enerji kayna\u011f\u0131 olarak g\u00f6r\u00fcl\u00fcrken kullan\u0131m alanlar\u0131 ise g\u00fcn ge\u00e7tik\u00e7e art\u0131yor. Fransa\u2019da pilot b\u00f6lge olarak se\u00e7ilen bir yola g\u00fcne\u015f panelleri d\u00f6\u015fenmi\u015fti fakat proje hayal k\u0131r\u0131kl\u0131\u011f\u0131 ile sonu\u00e7lan\u0131nca sonland\u0131r\u0131ld\u0131.<\/strong><\/h1>\n<p><strong>G\u00fcne\u015f panellerinden<\/strong> olu\u015fan deneme yolu 2016 y\u0131l\u0131n\u0131n Aral\u0131k ay\u0131nda hizmete girmi\u015fti. D\u00f6nemin <strong>Fransa \u00c7evre Bakan\u0131<\/strong>, bunun e\u015fi benzeri g\u00f6r\u00fclmemi\u015f bir proje oldu\u011funu s\u00f6ylerken\u00a0<strong>fotovoltaik<\/strong> levhalardan meydana gelen bu yol, yerel bir kasaba olan <strong>Tourouvre<\/strong>\u2019daki sokak \u0131\u015f\u0131klar\u0131 i\u00e7in elektrik \u00fcretecekti.<\/p>\n<p><img loading=\"lazy\" class=\"alignright wp-image-99176\" src=\"https:\/\/www.enerjigazetesi.ist\/wp-content\/uploads\/2019\/09\/gunes-enerjili-yol-projesi-bekleneni-karsilamadi2-300x167.jpg\" alt=\"\" width=\"320\" height=\"178\" srcset=\"https:\/\/www.enerjigazetesi.ist\/wp-content\/uploads\/2019\/09\/gunes-enerjili-yol-projesi-bekleneni-karsilamadi2-300x167.jpg 300w, https:\/\/www.enerjigazetesi.ist\/wp-content\/uploads\/2019\/09\/gunes-enerjili-yol-projesi-bekleneni-karsilamadi2-768x428.jpg 768w, https:\/\/www.enerjigazetesi.ist\/wp-content\/uploads\/2019\/09\/gunes-enerjili-yol-projesi-bekleneni-karsilamadi2-500x279.jpg 500w, https:\/\/www.enerjigazetesi.ist\/wp-content\/uploads\/2019\/09\/gunes-enerjili-yol-projesi-bekleneni-karsilamadi2-80x45.jpg 80w, https:\/\/www.enerjigazetesi.ist\/wp-content\/uploads\/2019\/09\/gunes-enerjili-yol-projesi-bekleneni-karsilamadi2.jpg 876w\" sizes=\"(max-width: 320px) 100vw, 320px\" \/>5.2 milyon dolarl\u0131k yat\u0131r\u0131mla g\u00fcne\u015f panelinden olu\u015fan 1 kilometrelik bir yol in\u015fa edilirken ayn\u0131 zamanda d\u00fcnyan\u0131n<strong> en b\u00fcy\u00fck g\u00fcne\u015f paneli yolu<\/strong> \u00fcnvan\u0131na da\u00a0sahipti. Bas\u0131n\u0131n da b\u00fcy\u00fck ilgi g\u00f6sterdi\u011fi yol hakk\u0131nda konu\u015fan <strong>Fransa Enerji Bakan\u0131<\/strong>, gelecek 5 y\u0131l zarf\u0131nda her 1000 kilometrede\u00a0 bir kilometrelik g\u00fcne\u015f paneli yolu yap\u0131lmas\u0131n\u0131 istedi\u011fini s\u00f6ylemi\u015fti. Fakat Fransa\u2019n\u0131n <strong>Normandiya<\/strong> b\u00f6lgesi, g\u00fcne\u015f \u0131\u015f\u0131n\u0131m\u0131nda y\u00fcksek de\u011fere sahip bir b\u00f6lge de\u011fildi. Normandiya\u2019da yer alan <strong>Caen<\/strong> \u015fehri, bir y\u0131lda sadece 44 g\u00fcn kuvvetli g\u00fcne\u015f \u0131\u015f\u0131\u011f\u0131na maruz kal\u0131rken g\u00fcne\u015f panelli yolun y\u0131lda yakla\u015f\u0131k 150.000 kWh\u2019lik enerji \u00fcretmesi hedefleniyordu. Bu miktar her g\u00fcn 5.000 haneyi ayd\u0131nlatmak i\u00e7in yeterli idi. Fakat 2018&#8217;de yakla\u015f\u0131k 80.000 kWh, 2019 Temmuz itibariyle 40.000 kWh\u2019ten daha d\u00fc\u015f\u00fck miktarda enerji \u00fcretimi ger\u00e7ekle\u015fti.<\/p>\n<p>2016 y\u0131l\u0131nda <strong>g\u00fcne\u015f paneli yolunu<\/strong> in\u015fa eden <strong>Colas<\/strong> adl\u0131 \u015firket, panellerin trafi\u011fe dayan\u0131kl\u0131 olmas\u0131 i\u00e7in silikon tabakalar i\u00e7eren re\u00e7ineyle kapland\u0131\u011f\u0131n\u0131 s\u00f6ylemi\u015fti. Fakat a\u00e7\u0131l\u0131\u015ftan sonra ge\u00e7en <strong>3 y\u0131ll\u0131k s\u00fcre\u00e7te<\/strong> paneller gev\u015feyip par\u00e7alara ayr\u0131ld\u0131. G\u00f6k g\u00fcr\u00fclt\u00fcl\u00fc f\u0131rt\u0131nalar da yoldaki g\u00fcne\u015f panellerinin k\u0131r\u0131lmas\u0131na neden oldu. Yola d\u00fc\u015fen \u00e7\u00fcr\u00fcm\u00fc\u015f yapraklar y\u00fcz\u00fcnden, yol tamamen sa\u011flam olmas\u0131na ra\u011fmen bile beklenen enerjinin ancak <strong>%50 sini<\/strong> \u00fcretebildi.<\/p>\n<p>2018&#8217;in May\u0131s ay\u0131nda, hasar g\u00f6ren yolun kurtar\u0131labilir olmad\u0131\u011f\u0131na y\u00f6nelik bir karar verilirken yolun <strong>90 metrelik<\/strong> k\u0131sm\u0131 ise <strong>y\u0131k\u0131lm\u0131\u015f olup<\/strong> proje tamamen iptal edilmi\u015f gibi bir izlenim de vermektedir.<\/p>\n<p>Dervi\u015f KORKMAZ \u2013 F\u0131rat \u00dcniversitesi \/ Elk. -Elektronik M\u00fchendisi \u2013\u00a0<a href=\"mailto:dkorkmaz164@gmail.com\" target=\"_blank\" rel=\"noopener\">dkorkmaz164@gmail.com<\/a><\/p>","protected":false},"excerpt":{"rendered":"<p>Sorry, this entry is only available in Turkish. For the sake of viewer convenience, the content is shown below in the alternative language. You may click the link to switch the active language. G\u00fcn\u00fcm\u00fczde g\u00fcne\u015f enerjisi, gelece\u011fin enerji kayna\u011f\u0131 olarak g\u00f6r\u00fcl\u00fcrken kullan\u0131m alanlar\u0131 ise g\u00fcn ge\u00e7tik\u00e7e art\u0131yor. Fransa\u2019da pilot b\u00f6lge olarak se\u00e7ilen bir yola g\u00fcne\u015f [&hellip;]<\/p>\n","protected":false},"author":1,"featured_media":99177,"comment_status":"open","ping_status":"open","sticky":false,"template":"","format":"standard","meta":[],"categories":[51,53,49],"tags":[57020,56151,32885,52674,19,52259,18,3155,57023,57018,36334,53157,12474,57021,57024,39384,57019,33105,57022],"views":660,"_links":{"self":[{"href":"https:\/\/www.enerjigazetesi.ist\/en\/wp-json\/wp\/v2\/posts\/99173"}],"collection":[{"href":"https:\/\/www.enerjigazetesi.ist\/en\/wp-json\/wp\/v2\/posts"}],"about":[{"href":"https:\/\/www.enerjigazetesi.ist\/en\/wp-json\/wp\/v2\/types\/post"}],"author":[{"embeddable":true,"href":"https:\/\/www.enerjigazetesi.ist\/en\/wp-json\/wp\/v2\/users\/1"}],"replies":[{"embeddable":true,"href":"https:\/\/www.enerjigazetesi.ist\/en\/wp-json\/wp\/v2\/comments?post=99173"}],"version-history":[{"count":0,"href":"https:\/\/www.enerjigazetesi.ist\/en\/wp-json\/wp\/v2\/posts\/99173\/revisions"}],"wp:featuredmedia":[{"embeddable":true,"href":"https:\/\/www.enerjigazetesi.ist\/en\/wp-json\/wp\/v2\/media\/99177"}],"wp:attachment":[{"href":"https:\/\/www.enerjigazetesi.ist\/en\/wp-json\/wp\/v2\/media?parent=99173"}],"wp:term":[{"taxonomy":"category","embeddable":true,"href":"https:\/\/www.enerjigazetesi.ist\/en\/wp-json\/wp\/v2\/categories?post=99173"},{"taxonomy":"post_tag","embeddable":true,"href":"https:\/\/www.enerjigazetesi.ist\/en\/wp-json\/wp\/v2\/tags?post=99173"}],"curies":[{"name":"wp","href":"https:\/\/api.w.org\/{rel}","templated":true}]}}