{"id":9908,"date":"2013-04-21T14:41:38","date_gmt":"2013-04-21T11:41:38","guid":{"rendered":"https:\/\/www.enerjigazetesi.ist\/?p=9908"},"modified":"2013-04-21T14:41:38","modified_gmt":"2013-04-21T11:41:38","slug":"enerji-borsasi-bu-hafta-gorucuye-cikiyor","status":"publish","type":"post","link":"https:\/\/www.enerjigazetesi.ist\/en\/enerji-borsasi-bu-hafta-gorucuye-cikiyor\/","title":{"rendered":"(Turkish) Enerji Borsas\u0131 Bu Hafta G\u00f6r\u00fcc\u00fcye \u00c7\u0131k\u0131yor&#8230;"},"content":{"rendered":"<p class=\"qtranxs-available-languages-message qtranxs-available-languages-message-en\">Sorry, this entry is only available in <a href=\"https:\/\/www.enerjigazetesi.ist\/tr\/wp-json\/wp\/v2\/posts\/9908\" class=\"qtranxs-available-language-link qtranxs-available-language-link-tr\" title=\"Turkish\">Turkish<\/a>. For the sake of viewer convenience, the content is shown below in the alternative language. You may click the link to switch the active language.<\/p><p><strong>T\u00fcrkiye`de kurulu\u015f haz\u0131rl\u0131klar\u0131 s\u00fcren, Borsa \u0130stanbul b\u00fcnyesinde faaliyet g\u00f6sterecek Enerji Borsas\u0131 \u00f6n\u00fcm\u00fczdeki hafta ilk kez kamuoyu \u00f6n\u00fcnde \u00e7e\u015fitli y\u00f6nleriyle konu\u015fulacak.\u00a0<\/strong><\/p>\n<p>Sekt\u00f6rel Fuarc\u0131l\u0131k taraf\u0131ndan, 24-26 Nisan 2013 tarihleri aras\u0131nda ger\u00e7ekle\u015ftirecek T\u00fcrkiye\u2019nin en b\u00fcy\u00fck enerji ve \u00e7evre konferans\u0131 ICCI 2013 &#8211; 19. Uluslararas\u0131 Enerji ve \u00c7<a href=\"https:\/\/www.enerjigazetesi.ist\/wp-content\/uploads\/2013\/04\/borsa_istanbul_enerji_borsasi-elektrik-piyasasi.jpg\"><img loading=\"lazy\" class=\"alignleft size-medium wp-image-9909\" title=\"borsa_istanbul_enerji_borsasi-elektrik-piyasasi\" src=\"https:\/\/www.enerjigazetesi.ist\/wp-content\/uploads\/2013\/04\/borsa_istanbul_enerji_borsasi-elektrik-piyasasi-300x157.jpg\" alt=\"\" width=\"300\" height=\"157\" srcset=\"https:\/\/www.enerjigazetesi.ist\/wp-content\/uploads\/2013\/04\/borsa_istanbul_enerji_borsasi-elektrik-piyasasi-300x157.jpg 300w, https:\/\/www.enerjigazetesi.ist\/wp-content\/uploads\/2013\/04\/borsa_istanbul_enerji_borsasi-elektrik-piyasasi-500x262.jpg 500w, https:\/\/www.enerjigazetesi.ist\/wp-content\/uploads\/2013\/04\/borsa_istanbul_enerji_borsasi-elektrik-piyasasi-80x42.jpg 80w, https:\/\/www.enerjigazetesi.ist\/wp-content\/uploads\/2013\/04\/borsa_istanbul_enerji_borsasi-elektrik-piyasasi.jpg 565w\" sizes=\"(max-width: 300px) 100vw, 300px\" \/><\/a>evre Fuar\u0131 ve Konferans\u0131 kapsam\u0131nda 26 Nisan Cuma g\u00fcn\u00fc Borsa \u0130stanbul taraf\u0131ndan \u201cEnerji Borsas\u0131\u201d konulu bir oturum d\u00fczenlenecek. Oturumda yap\u0131lacak a\u00e7\u0131klamalar\u0131n, enerji sekt\u00f6r\u00fcn\u00fcn merakla bekledi\u011fi Enerji Borsas\u0131\u2019na ili\u015fkin sorulara da cevap olu\u015fturmas\u0131 hedefleniyor.<\/p>\n<p>Borsa \u0130stanbul A\u015e Genel M\u00fcd\u00fcr Yard\u0131mc\u0131s\u0131 Dr. Mustafa Kemal Y\u0131lmaz\u2019\u0131n y\u00f6netece\u011fi oturuma, Turcas Enerji CEO\u2019su Batu Aksoy, Enerji Ticareti Derne\u011fi Y\u00f6netim Kurulu Ba\u015fkan\u0131 Mustafa Karahan, Enerji ve Tabii Kaynaklar Bakanl\u0131\u011f\u0131 Arz G\u00fcvenli\u011fi Daire Ba\u015fkan\u0131 Abdulkadir Ongun ve Sermaye Piyasas\u0131 Kurulu Ba\u015fkan Dan\u0131\u015fman\u0131 Bora Oru\u00e7 konu\u015fmac\u0131 olarak kat\u0131lacak.<\/p>\n<p>Oturum, \u0130stanbul Fuar Merkezi\u2019nde d\u00fczenlenen ICCI 2013 kapsam\u0131nda K\u0131rm\u0131z\u0131 Salon\u2019da saat 10.00\u2019da ba\u015flayacak. T\u00fcrkiye\u2019nin bulundu\u011fu co\u011frafyadaki en b\u00fcy\u00fck ve en kapsaml\u0131 enerji fuar\u0131 ve konferans\u0131 olan ICCI 2013\u2019te ulusal ve uluslararas\u0131 en g\u00fc\u00e7l\u00fc, en \u00f6nemli enerji \u015firketleri yer alacak. D\u00fcnya enerjisi \u015firketlerinin kalbinin 3 g\u00fcn boyunca \u0130stanbul\u2019da atmas\u0131n\u0131 sa\u011flayacak fuara 15 bin \u00fczerinde ziyaret\u00e7inin kat\u0131lmas\u0131 bekleniyor.<\/p>\n<p>Kaynak: <a href=\"http:\/\/enerjigunlugu.net\/enerji-borsasi-bu-hafta-gorucuye-cikiyor_3236.html#.UXPPpsq85QU\" target=\"_blank\">Enerji G\u00fcnl\u00fc\u011f\u00fc<\/a><\/p>","protected":false},"excerpt":{"rendered":"<p>Sorry, this entry is only available in Turkish. For the sake of viewer convenience, the content is shown below in the alternative language. You may click the link to switch the active language.T\u00fcrkiye`de kurulu\u015f haz\u0131rl\u0131klar\u0131 s\u00fcren, Borsa \u0130stanbul b\u00fcnyesinde faaliyet g\u00f6sterecek Enerji Borsas\u0131 \u00f6n\u00fcm\u00fczdeki hafta ilk kez kamuoyu \u00f6n\u00fcnde \u00e7e\u015fitli y\u00f6nleriyle konu\u015fulacak.\u00a0 Sekt\u00f6rel Fuarc\u0131l\u0131k taraf\u0131ndan, [&hellip;]<\/p>\n","protected":false},"author":1,"featured_media":9909,"comment_status":"open","ping_status":"open","sticky":false,"template":"","format":"standard","meta":[],"categories":[51,53],"tags":[4671,4228,68,1451,63,112,67,2069,1361],"views":709,"_links":{"self":[{"href":"https:\/\/www.enerjigazetesi.ist\/en\/wp-json\/wp\/v2\/posts\/9908"}],"collection":[{"href":"https:\/\/www.enerjigazetesi.ist\/en\/wp-json\/wp\/v2\/posts"}],"about":[{"href":"https:\/\/www.enerjigazetesi.ist\/en\/wp-json\/wp\/v2\/types\/post"}],"author":[{"embeddable":true,"href":"https:\/\/www.enerjigazetesi.ist\/en\/wp-json\/wp\/v2\/users\/1"}],"replies":[{"embeddable":true,"href":"https:\/\/www.enerjigazetesi.ist\/en\/wp-json\/wp\/v2\/comments?post=9908"}],"version-history":[{"count":1,"href":"https:\/\/www.enerjigazetesi.ist\/en\/wp-json\/wp\/v2\/posts\/9908\/revisions"}],"predecessor-version":[{"id":9910,"href":"https:\/\/www.enerjigazetesi.ist\/en\/wp-json\/wp\/v2\/posts\/9908\/revisions\/9910"}],"wp:featuredmedia":[{"embeddable":true,"href":"https:\/\/www.enerjigazetesi.ist\/en\/wp-json\/wp\/v2\/media\/9909"}],"wp:attachment":[{"href":"https:\/\/www.enerjigazetesi.ist\/en\/wp-json\/wp\/v2\/media?parent=9908"}],"wp:term":[{"taxonomy":"category","embeddable":true,"href":"https:\/\/www.enerjigazetesi.ist\/en\/wp-json\/wp\/v2\/categories?post=9908"},{"taxonomy":"post_tag","embeddable":true,"href":"https:\/\/www.enerjigazetesi.ist\/en\/wp-json\/wp\/v2\/tags?post=9908"}],"curies":[{"name":"wp","href":"https:\/\/api.w.org\/{rel}","templated":true}]}}