{"id":98993,"date":"2019-09-16T09:11:34","date_gmt":"2019-09-16T06:11:34","guid":{"rendered":"https:\/\/www.enerjigazetesi.ist\/?p=98993"},"modified":"2019-09-16T09:26:57","modified_gmt":"2019-09-16T06:26:57","slug":"2000-konutun-enerjisi-corumda-kurulan-gunes-enerjisi-santralinden","status":"publish","type":"post","link":"https:\/\/www.enerjigazetesi.ist\/en\/2000-konutun-enerjisi-corumda-kurulan-gunes-enerjisi-santralinden\/","title":{"rendered":"(Turkish) 2000 Konutun Enerjisi \u00c7orum\u2019da Kurulan G\u00fcne\u015f Enerjisi Santrali&#8217;nden!"},"content":{"rendered":"<p class=\"qtranxs-available-languages-message qtranxs-available-languages-message-en\">Sorry, this entry is only available in <a href=\"https:\/\/www.enerjigazetesi.ist\/tr\/wp-json\/wp\/v2\/posts\/98993\" class=\"qtranxs-available-language-link qtranxs-available-language-link-tr\" title=\"Turkish\">Turkish<\/a>. For the sake of viewer convenience, the content is shown below in the alternative language. You may click the link to switch the active language.<\/p><p><\/p>\n<h1><strong>\u00c7orum&#8217;un Kuru\u00e7ay K\u00f6y\u00fc&#8217;nde kurulan G\u00fcne\u015f Enerjisi Santraliyle 2000 konutun enerji ihtiyac\u0131 kar\u015f\u0131lan\u0131rken k<\/strong>urulan g\u00fcne\u015f santraliyle adeta ot bitmez tarlada enerji \u00e7i\u00e7ekleri a\u00e7t\u0131ran Ali Galip K\u00f6stek\u00e7i, Tar\u0131m ve K\u0131rsal Kalk\u0131nmay\u0131 Destekleme Kurumu (TKDK) \u00c7orum Koordinatat\u00f6rl\u00fc\u011f\u00fc&#8217;n\u00fcn desteklerinden \u00f6vg\u00fcyle s\u00f6z etti.<\/h1>\n<p><img loading=\"lazy\" class=\"alignright wp-image-98995\" src=\"https:\/\/www.enerjigazetesi.ist\/wp-content\/uploads\/2019\/09\/2000-konutun-enerjisi-corumda-kurulan-gunes-enerjisi-santralinden-300x183.jpg\" alt=\"\" width=\"320\" height=\"195\" srcset=\"https:\/\/www.enerjigazetesi.ist\/wp-content\/uploads\/2019\/09\/2000-konutun-enerjisi-corumda-kurulan-gunes-enerjisi-santralinden-300x183.jpg 300w, https:\/\/www.enerjigazetesi.ist\/wp-content\/uploads\/2019\/09\/2000-konutun-enerjisi-corumda-kurulan-gunes-enerjisi-santralinden-768x468.jpg 768w, https:\/\/www.enerjigazetesi.ist\/wp-content\/uploads\/2019\/09\/2000-konutun-enerjisi-corumda-kurulan-gunes-enerjisi-santralinden-500x305.jpg 500w, https:\/\/www.enerjigazetesi.ist\/wp-content\/uploads\/2019\/09\/2000-konutun-enerjisi-corumda-kurulan-gunes-enerjisi-santralinden-80x50.jpg 80w, https:\/\/www.enerjigazetesi.ist\/wp-content\/uploads\/2019\/09\/2000-konutun-enerjisi-corumda-kurulan-gunes-enerjisi-santralinden.jpg 800w\" sizes=\"(max-width: 320px) 100vw, 320px\" \/><strong>Elektrik-Elektronik M\u00fchendisi<\/strong> olan o\u011flu <strong>Furkan K\u00f6stek\u00e7i<\/strong> ile birlikte yat\u0131r\u0131m i\u00e7in kollar\u0131 s\u0131vayan <strong>Ali Galip K\u00f6stek\u00e7i<\/strong> yapt\u0131\u011f\u0131 a\u00e7\u0131klamada, &#8220;Bu yat\u0131r\u0131m i\u00e7in gereken lisans ve izinler, \u00e7ok prosed\u00fcr gerektiren konulard\u0131. Pek \u00e7ok kurumla i\u015f yapt\u0131k fakat bunlar\u0131n i\u00e7erisinde TKDK kadar bizimle ilgilenen ve her t\u00fcrl\u00fc kolayl\u0131\u011f\u0131 sa\u011flayan bir kurum daha g\u00f6rmedik. Bu yat\u0131r\u0131m\u0131m\u0131z ile titiz, samimi ve kolayla\u015ft\u0131r\u0131c\u0131 bir yakla\u015f\u0131mla ilgilendiler.&#8221; dedi.<\/p>\n<p>Dededen kalan <strong>19 d\u00f6n\u00fcml\u00fck tarlalar\u0131n\u0131n<\/strong> tar\u0131m bak\u0131m\u0131ndan \u00e7ok verimli olmad\u0131\u011f\u0131n\u0131 belirten <strong>Ali Galip K\u00f6stek\u00e7i<\/strong>, <strong>marjinal araz\u0131 raporu<\/strong> olarak adland\u0131r\u0131lan sulak tar\u0131ma elveri\u015fli olmad\u0131\u011f\u0131n\u0131 belirten raporu da alarak yat\u0131r\u0131m karar\u0131 verdiklerini, <strong>TKDK<\/strong> ile yapt\u0131klar\u0131 g\u00f6r\u00fc\u015fmelerde izlenmesi gereken yol haritas\u0131n\u0131 \u00e7\u0131kararak yol y\u00fcr\u00fcd\u00fcklerini dile getirirken <strong>TKDK<\/strong>&#8216;dan <strong>% 55&#8217;lik<\/strong> destek ald\u0131klar\u0131n\u0131 ve 5 ayd\u0131r enerji \u00fcretimi yapt\u0131klar\u0131n\u0131 ifade etti. <strong>19 d\u00f6n\u00fcml\u00fck<\/strong> alanda kurduklar\u0131 tesis ile toplamda <strong>4416<\/strong> adet <strong>275kwp&#8217;lik<\/strong> g\u00fcne\u015f paneli bulundu\u011funu anlatan <strong>Elektrik-Elektronik M\u00fchendisi Furkan K\u00f6stek\u00e7i<\/strong>, ayl\u0131k <strong>250 megavat\/saat enerji \u00fcretimi<\/strong> ger\u00e7ekle\u015ftirildi\u011fini ifade etti.<\/p>\n<p>Kaynak: <a href=\"http:\/\/www.corumhakimiyet.net\/guncel\/2-bin-konuta-enerji-uretiyorlar-h11421.html\" target=\"_blank\" rel=\"noopener\">\u00c7orum Hakimiyet<\/a><\/p>","protected":false},"excerpt":{"rendered":"<p>Sorry, this entry is only available in Turkish. For the sake of viewer convenience, the content is shown below in the alternative language. You may click the link to switch the active language. \u00c7orum&#8217;un Kuru\u00e7ay K\u00f6y\u00fc&#8217;nde kurulan G\u00fcne\u015f Enerjisi Santraliyle 2000 konutun enerji ihtiyac\u0131 kar\u015f\u0131lan\u0131rken kurulan g\u00fcne\u015f santraliyle adeta ot bitmez tarlada enerji \u00e7i\u00e7ekleri a\u00e7t\u0131ran [&hellip;]<\/p>\n","protected":false},"author":1,"featured_media":98995,"comment_status":"open","ping_status":"open","sticky":false,"template":"","format":"standard","meta":[],"categories":[51,53,49],"tags":[56846,24013,56851,56848,56849,32885,5070,52674,52259,56845,35038,2569,36334,45995,56844,56850,56847,34977,21543,26829],"views":732,"_links":{"self":[{"href":"https:\/\/www.enerjigazetesi.ist\/en\/wp-json\/wp\/v2\/posts\/98993"}],"collection":[{"href":"https:\/\/www.enerjigazetesi.ist\/en\/wp-json\/wp\/v2\/posts"}],"about":[{"href":"https:\/\/www.enerjigazetesi.ist\/en\/wp-json\/wp\/v2\/types\/post"}],"author":[{"embeddable":true,"href":"https:\/\/www.enerjigazetesi.ist\/en\/wp-json\/wp\/v2\/users\/1"}],"replies":[{"embeddable":true,"href":"https:\/\/www.enerjigazetesi.ist\/en\/wp-json\/wp\/v2\/comments?post=98993"}],"version-history":[{"count":0,"href":"https:\/\/www.enerjigazetesi.ist\/en\/wp-json\/wp\/v2\/posts\/98993\/revisions"}],"wp:featuredmedia":[{"embeddable":true,"href":"https:\/\/www.enerjigazetesi.ist\/en\/wp-json\/wp\/v2\/media\/98995"}],"wp:attachment":[{"href":"https:\/\/www.enerjigazetesi.ist\/en\/wp-json\/wp\/v2\/media?parent=98993"}],"wp:term":[{"taxonomy":"category","embeddable":true,"href":"https:\/\/www.enerjigazetesi.ist\/en\/wp-json\/wp\/v2\/categories?post=98993"},{"taxonomy":"post_tag","embeddable":true,"href":"https:\/\/www.enerjigazetesi.ist\/en\/wp-json\/wp\/v2\/tags?post=98993"}],"curies":[{"name":"wp","href":"https:\/\/api.w.org\/{rel}","templated":true}]}}