{"id":98976,"date":"2019-09-16T08:20:58","date_gmt":"2019-09-16T05:20:58","guid":{"rendered":"https:\/\/www.enerjigazetesi.ist\/?p=98976"},"modified":"2019-09-16T08:33:37","modified_gmt":"2019-09-16T05:33:37","slug":"sedastan-teiasin-iletim-hatti-calismasi-ve-planlanan-kesinti-bilgilendirmesi","status":"publish","type":"post","link":"https:\/\/www.enerjigazetesi.ist\/en\/sedastan-teiasin-iletim-hatti-calismasi-ve-planlanan-kesinti-bilgilendirmesi\/","title":{"rendered":"(Turkish) Seda\u015f&#8217;tan \u0130letim Hatt\u0131 \u00c7al\u0131\u015fmalar\u0131 ve Kesintilere Y\u00f6nelik Bilgilendirme"},"content":{"rendered":"<p class=\"qtranxs-available-languages-message qtranxs-available-languages-message-en\">Sorry, this entry is only available in <a href=\"https:\/\/www.enerjigazetesi.ist\/tr\/wp-json\/wp\/v2\/posts\/98976\" class=\"qtranxs-available-language-link qtranxs-available-language-link-tr\" title=\"Turkish\">Turkish<\/a>. For the sake of viewer convenience, the content is shown below in the alternative language. You may click the link to switch the active language.<\/p><p><\/p>\n<h1><strong>SEDA\u015e, Temmuz ay\u0131nda iletim hatt\u0131 direkleri i\u00e7in yat\u0131r\u0131m \u00e7al\u0131\u015fmas\u0131 yapan TE\u0130A\u015e\u2019\u0131n (T\u00fcrkiye Elektrik \u0130letim A.\u015e.) 154 Bin voltluk iletim hatlar\u0131n\u0131n ayn\u0131 yat\u0131r\u0131m \u00e7al\u0131\u015fmas\u0131 ile yenilenmesi, iletken \u00e7ekimlerinin 250 mesafe aral\u0131\u011f\u0131ndaki direklerin aras\u0131na \u00e7ekilebilmesi i\u00e7in \u00a0g\u00fcvenlik amac\u0131yla SEDA\u015e\u2019\u0131n 34 Bin Voltluk da\u011f\u0131t\u0131m hatlar\u0131n\u0131 a\u015fa\u011f\u0131ya ald\u0131\u011f\u0131n\u0131 a\u00e7\u0131klad\u0131.<\/strong><\/h1>\n<p>&nbsp;<\/p>\n<h1><strong>SEDA\u015e taraf\u0131ndan yap\u0131lan bilgilendirmede, Eyl\u00fcl ay\u0131nda hafta sonlar\u0131 s\u00fcrecek olan kapsaml\u0131 yat\u0131r\u0131m \u00e7al\u0131\u015fmas\u0131 i\u00e7in planlanm\u0131\u015f kesintileri <\/strong><a href=\"http:\/\/www.sedas.com\"><strong>www.sedas.com<\/strong><\/a><strong> internet sitesinden 2 g\u00fcn \u00f6ncesinde duyuruldu\u011fu, \u0130zmit\u2019in merkezinde \u00a0TE\u0130A\u015e iletim hatt\u0131 iletken kesiti art\u0131r\u0131m\u0131 ve yenileme \u00e7al\u0131\u015fmalar\u0131nda g\u00fcvenlik gere\u011fi SEDA\u015e ekipleri yan\u0131nda, B\u00fcy\u00fck\u015fehir ve \u0130zmit Belediyesi zab\u0131ta ekiplerinin de TE\u0130A\u015e ekiplerine, \u00e7al\u0131\u015fma yap\u0131lan yerlerde, vatanda\u015flar\u0131n g\u00fcvenli\u011fi ve trafi\u011fin ak\u0131\u015f\u0131 i\u00e7in destek verdi\u011fi belirtildi.<\/strong><\/h1>\n<p>SEDA\u015e m\u00fc\u015fteri memnuniyetini g\u00f6zeterek, t\u00fcketicilerin \u00f6nlemlerini alabilmeleri a\u00e7\u0131s\u0131ndan SEDA\u015e\u2019\u0131n web sitesi sedas.com adresinde TE\u0130A\u015e\u2019\u0131n iletim hatt\u0131 yat\u0131r\u0131m ve yenileme, kapasite art\u0131\u015f\u0131 \u00e7al\u0131\u015fmalar\u0131n\u0131n <img loading=\"lazy\" class=\"alignleft wp-image-98978\" src=\"https:\/\/www.enerjigazetesi.ist\/wp-content\/uploads\/2019\/09\/sedastan-teiasin-iletim-hatti-calismasi-ve-planlanan-kesinti-bilgilendirmesi2-300x146.jpg\" alt=\"\" width=\"320\" height=\"155\" srcset=\"https:\/\/www.enerjigazetesi.ist\/wp-content\/uploads\/2019\/09\/sedastan-teiasin-iletim-hatti-calismasi-ve-planlanan-kesinti-bilgilendirmesi2-300x146.jpg 300w, https:\/\/www.enerjigazetesi.ist\/wp-content\/uploads\/2019\/09\/sedastan-teiasin-iletim-hatti-calismasi-ve-planlanan-kesinti-bilgilendirmesi2-768x373.jpg 768w, https:\/\/www.enerjigazetesi.ist\/wp-content\/uploads\/2019\/09\/sedastan-teiasin-iletim-hatti-calismasi-ve-planlanan-kesinti-bilgilendirmesi2-500x243.jpg 500w, https:\/\/www.enerjigazetesi.ist\/wp-content\/uploads\/2019\/09\/sedastan-teiasin-iletim-hatti-calismasi-ve-planlanan-kesinti-bilgilendirmesi2-80x39.jpg 80w, https:\/\/www.enerjigazetesi.ist\/wp-content\/uploads\/2019\/09\/sedastan-teiasin-iletim-hatti-calismasi-ve-planlanan-kesinti-bilgilendirmesi2.jpg 1005w\" sizes=\"(max-width: 320px) 100vw, 320px\" \/>g\u00fcvenlik ama\u00e7l\u0131 yap\u0131ld\u0131\u011f\u0131n\u0131 duyuruyor. TE\u0130A\u015e\u2019\u0131n \u0130zmit Trafo Merkezi ile ba\u011flant\u0131 sa\u011flayan, 35 metrelik elektrik direklerindeki 154 Bin Voltluk y\u00fcksek gerilim iletim hatlar\u0131n\u0131n TE\u0130A\u015e yat\u0131r\u0131m \u00e7al\u0131\u015fmas\u0131 kapsam\u0131nda yenilenmesi \u00e7al\u0131\u015fmalar\u0131 s\u0131ras\u0131nda yasal zorunluluk ve \u00e7evre ile halk\u0131n ve \u00e7al\u0131\u015fanlar\u0131n i\u015f g\u00fcvenli\u011fi a\u00e7\u0131s\u0131ndan, \u00a0SEDA\u015e\u2019\u0131n\u00a0 enerji hatlar\u0131n\u0131 yere indirmesi isteniyor. SEDA\u015e planl\u0131 kesintilerin koordinasyonunu sa\u011flarken, TE\u0130A\u015e\u2019\u0131n yenilenen iletim hatt\u0131 \u00e7al\u0131\u015fmalar\u0131 s\u0131ras\u0131nda, bu hatlar\u0131n alt\u0131nda kalan SEDA\u015e\u2019\u0131n 9 metrelik direklerindeki, abonelere elektrik verilen 34 Bin 500 Voltluk orta gerilim ve 400 voltluk al\u00e7ak gerilim\u00a0 iletkenleri i\u00e7in de \u00e7evre ve i\u015f g\u00fcvenli\u011fi i\u00e7in yasal ve zorunlu olarak elektrik kesintileri yap\u0131ld\u0131\u011f\u0131n\u0131 a\u00e7\u0131klad\u0131.<\/p>\n<p>SEDA\u015e kesinti olacak adresler i\u00e7in <a href=\"http:\/\/www.sedas.com\" target=\"_blank\" rel=\"noopener\"><strong>www.sedas.com<\/strong><\/a> \u00a0web sayfas\u0131ndan mahalle, cadde ve sokak bilgisi payla\u015f\u0131rken, telefon bilgisi g\u00fcncel olan ve kayd\u0131 bulunan t\u00fcketicilere de <strong>SMS<\/strong> ile bilgi mesaj\u0131 g\u00f6nderiyor.<\/p>","protected":false},"excerpt":{"rendered":"<p>Sorry, this entry is only available in Turkish. For the sake of viewer convenience, the content is shown below in the alternative language. You may click the link to switch the active language. SEDA\u015e, Temmuz ay\u0131nda iletim hatt\u0131 direkleri i\u00e7in yat\u0131r\u0131m \u00e7al\u0131\u015fmas\u0131 yapan TE\u0130A\u015e\u2019\u0131n (T\u00fcrkiye Elektrik \u0130letim A.\u015e.) 154 Bin voltluk iletim hatlar\u0131n\u0131n ayn\u0131 yat\u0131r\u0131m [&hellip;]<\/p>\n","protected":false},"author":1,"featured_media":98979,"comment_status":"open","ping_status":"open","sticky":false,"template":"","format":"standard","meta":[],"categories":[51,53],"tags":[56816,56823,45275,52674,52259,15746,56819,56820,2444,56818,56822,1582,56817,56821,4309],"views":564,"_links":{"self":[{"href":"https:\/\/www.enerjigazetesi.ist\/en\/wp-json\/wp\/v2\/posts\/98976"}],"collection":[{"href":"https:\/\/www.enerjigazetesi.ist\/en\/wp-json\/wp\/v2\/posts"}],"about":[{"href":"https:\/\/www.enerjigazetesi.ist\/en\/wp-json\/wp\/v2\/types\/post"}],"author":[{"embeddable":true,"href":"https:\/\/www.enerjigazetesi.ist\/en\/wp-json\/wp\/v2\/users\/1"}],"replies":[{"embeddable":true,"href":"https:\/\/www.enerjigazetesi.ist\/en\/wp-json\/wp\/v2\/comments?post=98976"}],"version-history":[{"count":0,"href":"https:\/\/www.enerjigazetesi.ist\/en\/wp-json\/wp\/v2\/posts\/98976\/revisions"}],"wp:featuredmedia":[{"embeddable":true,"href":"https:\/\/www.enerjigazetesi.ist\/en\/wp-json\/wp\/v2\/media\/98979"}],"wp:attachment":[{"href":"https:\/\/www.enerjigazetesi.ist\/en\/wp-json\/wp\/v2\/media?parent=98976"}],"wp:term":[{"taxonomy":"category","embeddable":true,"href":"https:\/\/www.enerjigazetesi.ist\/en\/wp-json\/wp\/v2\/categories?post=98976"},{"taxonomy":"post_tag","embeddable":true,"href":"https:\/\/www.enerjigazetesi.ist\/en\/wp-json\/wp\/v2\/tags?post=98976"}],"curies":[{"name":"wp","href":"https:\/\/api.w.org\/{rel}","templated":true}]}}