{"id":98686,"date":"2019-09-11T08:36:17","date_gmt":"2019-09-11T05:36:17","guid":{"rendered":"https:\/\/www.enerjigazetesi.ist\/?p=98686"},"modified":"2019-09-11T08:38:53","modified_gmt":"2019-09-11T05:38:53","slug":"bosch-termoteknoloji-den-bilincli-kombi-kullanimina-tam-destek","status":"publish","type":"post","link":"https:\/\/www.enerjigazetesi.ist\/en\/bosch-termoteknoloji-den-bilincli-kombi-kullanimina-tam-destek\/","title":{"rendered":"(Turkish) &#8217;Bosch Termoteknoloji\u2019den Bilin\u00e7li Kombi Kullan\u0131m\u0131na Tam Destek!"},"content":{"rendered":"<p class=\"qtranxs-available-languages-message qtranxs-available-languages-message-en\">Sorry, this entry is only available in <a href=\"https:\/\/www.enerjigazetesi.ist\/tr\/wp-json\/wp\/v2\/posts\/98686\" class=\"qtranxs-available-language-link qtranxs-available-language-link-tr\" title=\"Turkish\">Turkish<\/a>. For the sake of viewer convenience, the content is shown below in the alternative language. You may click the link to switch the active language.<\/p><p><\/p>\n<h1><strong>M\u00fc<\/strong><strong>\u015f<\/strong><strong>teri odakl<\/strong><strong>\u0131<\/strong> <strong>\u015f<\/strong><strong>irket stratejisini bir ad<\/strong><strong>\u0131<\/strong><strong>m ileriye ta<\/strong><strong>\u015f\u0131<\/strong><strong>may<\/strong><strong>\u0131<\/strong><strong> hedefleyen Bosch Termoteknik, <\/strong><strong>\u201c<\/strong><strong>Bilin<\/strong><strong>\u00e7<\/strong><strong>li m<\/strong><strong>\u00fc<\/strong><strong>\u015f<\/strong><strong>teri, Bilin<\/strong><strong>\u00e7<\/strong><strong>li t<\/strong><strong>\u00fc<\/strong><strong>ketim<\/strong><strong>\u201d<\/strong><strong> projesiyle t<\/strong><strong>\u00fc<\/strong><strong>keticilerin en <\/strong><strong>\u00e7<\/strong><strong>ok sordu<\/strong><strong>\u011f<\/strong><strong>u sorular<\/strong><strong>\u0131<\/strong><strong> cevapl<\/strong><strong>\u0131<\/strong><strong>yor.<\/strong><\/h1>\n<p><img loading=\"lazy\" class=\"alignleft size-medium wp-image-98688\" src=\"https:\/\/www.enerjigazetesi.ist\/wp-content\/uploads\/2019\/09\/bosch-termoteknolojiden-bilincli-kombi-tuketimine-destek-300x200.jpg\" alt=\"\" width=\"300\" height=\"200\" srcset=\"https:\/\/www.enerjigazetesi.ist\/wp-content\/uploads\/2019\/09\/bosch-termoteknolojiden-bilincli-kombi-tuketimine-destek-300x200.jpg 300w, https:\/\/www.enerjigazetesi.ist\/wp-content\/uploads\/2019\/09\/bosch-termoteknolojiden-bilincli-kombi-tuketimine-destek-500x333.jpg 500w, https:\/\/www.enerjigazetesi.ist\/wp-content\/uploads\/2019\/09\/bosch-termoteknolojiden-bilincli-kombi-tuketimine-destek-75x50.jpg 75w, https:\/\/www.enerjigazetesi.ist\/wp-content\/uploads\/2019\/09\/bosch-termoteknolojiden-bilincli-kombi-tuketimine-destek-450x300.jpg 450w, https:\/\/www.enerjigazetesi.ist\/wp-content\/uploads\/2019\/09\/bosch-termoteknolojiden-bilincli-kombi-tuketimine-destek.jpg 732w\" sizes=\"(max-width: 300px) 100vw, 300px\" \/>Stratejisindeki \u201cM\u00fc\u015fteri odakl\u0131 yakla\u015f\u0131m\u201d ilkesini destekleyen \u00e7al\u0131\u015fmalar\u0131na devam eden Bosch Termoteknik, Temmuz ay\u0131nda \u201cBilin\u00e7li m\u00fc\u015fteri, Bilin\u00e7li t\u00fcketim\u201d projesini ba\u015flatt\u0131. T\u00fcketicilerin en \u00e7ok sordu\u011fu sorular\u0131 ve merak etti\u011fi konular\u0131 YouTube kanal\u0131ndaki video serileriyle cevapland\u0131ran Bosch Termoteknoloji, kombi se\u00e7imleri ve kullan\u0131mlar\u0131 konusunda m\u00fc\u015fterileri bilin\u00e7lendirmeyi ama\u00e7l\u0131yor. Video serilerinde do\u011fru kombi se\u00e7iminden, kombiler aras\u0131ndaki farklara, kombi kullan\u0131m\u0131nda dikkat edilmesi gerekenlerden, tasarruflu kombi kullan\u0131m\u0131na kadar bir\u00e7ok farkl\u0131 konulara de\u011finiliyor. M\u00fc\u015fterilerin online aramalarda en \u00e7ok arad\u0131\u011f\u0131 \u2018Kombiye nas\u0131l su bas\u0131l\u0131r?\u2019 gibi sorularla da m\u00fc\u015fterilerin yaz ay\u0131ndan k\u0131\u015f ay\u0131na ge\u00e7erken kar\u015f\u0131la\u015ft\u0131klar\u0131 ve video sayesinde kolayl\u0131kla \u00e7\u00f6zerek kullan\u0131ma ba\u015flayabilecekleri videolar da gene youtube serisinde yer al\u0131yor.<\/p>\n<p>S\u0131k\u00e7a sorulan sorular videolar\u0131n\u0131n yan\u0131s\u0131ra Bosch Termoteknoloji\u2019nin Condens 7000i W, 2300 iW, 2200\u0130 W ve ak\u0131ll\u0131 oda kumandas\u0131 Easy Control gibi yeni \u00fcr\u00fcnlerini detayl\u0131 anlatan videolar da bulunuyor.<\/p>","protected":false},"excerpt":{"rendered":"<p>Sorry, this entry is only available in Turkish. For the sake of viewer convenience, the content is shown below in the alternative language. You may click the link to switch the active language. M\u00fc\u015fteri odakl\u0131 \u015firket stratejisini bir ad\u0131m ileriye ta\u015f\u0131may\u0131 hedefleyen Bosch Termoteknik, \u201cBilin\u00e7li m\u00fc\u015fteri, Bilin\u00e7li t\u00fcketim\u201d projesiyle t\u00fcketicilerin en \u00e7ok sordu\u011fu sorular\u0131 cevapl\u0131yor. [&hellip;]<\/p>\n","protected":false},"author":1,"featured_media":98688,"comment_status":"open","ping_status":"open","sticky":false,"template":"","format":"standard","meta":[],"categories":[46,53],"tags":[56557,56555,56554,50241,56560,56549,56558,35354,42402,56556,56553,50112,56552,52259,41408,25777,56559,56550,56551],"views":511,"_links":{"self":[{"href":"https:\/\/www.enerjigazetesi.ist\/en\/wp-json\/wp\/v2\/posts\/98686"}],"collection":[{"href":"https:\/\/www.enerjigazetesi.ist\/en\/wp-json\/wp\/v2\/posts"}],"about":[{"href":"https:\/\/www.enerjigazetesi.ist\/en\/wp-json\/wp\/v2\/types\/post"}],"author":[{"embeddable":true,"href":"https:\/\/www.enerjigazetesi.ist\/en\/wp-json\/wp\/v2\/users\/1"}],"replies":[{"embeddable":true,"href":"https:\/\/www.enerjigazetesi.ist\/en\/wp-json\/wp\/v2\/comments?post=98686"}],"version-history":[{"count":0,"href":"https:\/\/www.enerjigazetesi.ist\/en\/wp-json\/wp\/v2\/posts\/98686\/revisions"}],"wp:featuredmedia":[{"embeddable":true,"href":"https:\/\/www.enerjigazetesi.ist\/en\/wp-json\/wp\/v2\/media\/98688"}],"wp:attachment":[{"href":"https:\/\/www.enerjigazetesi.ist\/en\/wp-json\/wp\/v2\/media?parent=98686"}],"wp:term":[{"taxonomy":"category","embeddable":true,"href":"https:\/\/www.enerjigazetesi.ist\/en\/wp-json\/wp\/v2\/categories?post=98686"},{"taxonomy":"post_tag","embeddable":true,"href":"https:\/\/www.enerjigazetesi.ist\/en\/wp-json\/wp\/v2\/tags?post=98686"}],"curies":[{"name":"wp","href":"https:\/\/api.w.org\/{rel}","templated":true}]}}