{"id":9861,"date":"2013-04-19T16:45:34","date_gmt":"2013-04-19T13:45:34","guid":{"rendered":"https:\/\/www.enerjigazetesi.ist\/?p=9861"},"modified":"2013-04-19T16:45:34","modified_gmt":"2013-04-19T13:45:34","slug":"ilk-pasif-ev-boluda-yapiliyor","status":"publish","type":"post","link":"https:\/\/www.enerjigazetesi.ist\/en\/ilk-pasif-ev-boluda-yapiliyor\/","title":{"rendered":"(Turkish) \u0130lk Pasif Ev Bolu&#8217;da Yap\u0131l\u0131yor&#8230;"},"content":{"rendered":"<p class=\"qtranxs-available-languages-message qtranxs-available-languages-message-en\">Sorry, this entry is only available in <a href=\"https:\/\/www.enerjigazetesi.ist\/tr\/wp-json\/wp\/v2\/posts\/9861\" class=\"qtranxs-available-language-link qtranxs-available-language-link-tr\" title=\"Turkish\">Turkish<\/a>. For the sake of viewer convenience, the content is shown below in the alternative language. You may click the link to switch the active language.<\/p><p><strong>AB \u00dclkelerinde yenilenebilir enerji kullan\u0131m\u0131n\u0131 te\u015fvik etmek amac\u0131yla yayg\u0131n olarak kullan\u0131lan ve enerjiden y\u00fczde 90 oran\u0131nda tasarruf sa\u011flayan Pasif Ev, T\u00fcrkiye&#8217;de ilk olarak Abant \u0130zzet Baysal \u00dcniversitesi&#8217;nde (A\u0130B\u00dc) yap\u0131l\u0131yor.<\/strong><\/p>\n<p>M\u00fchendislik Mimarl\u0131k Fak\u00fcltesi b\u00fcnyesinde Enerji Verimlili\u011fi E\u011fitim Binas\u0131 olarak kullan\u0131lacak olan Pasif Ev, ayn\u0131 zamanda kurumlar aras\u0131 i\u015fbirli\u011fine g\u00fczel bir \u00f6rnek te\u015fkil etti. \u00dcniversitenin arsa tahsisi yapt\u0131\u011f\u0131 binan\u0131n; Bolu Belediyesi, Astay Yap\u0131, Baran Yap\u0131 ve Betek Boya&#8217;n\u0131n sponsorlu\u011funda e\u011fitimin hizmetine sunulacak olmas\u0131 b\u00fcy\u00fck takdir toplad\u0131.<\/p>\n<p>Proje Koordinat\u00f6rl\u00fc\u011f\u00fc A\u0130B\u00dc \u00d6\u011fretim G\u00f6revlisi Murat \u00d6zkan&#8217;\u0131n yapt\u0131\u011f\u0131 &#8220;Yap\u0131 Sekt\u00f6r\u00fcnde Enerji Verimlili\u011fi Uygulamalar\u0131: Pasif Evler&#8221; Avrupa Birli\u011fi Leonardo da Vinci Meslek E\u011fitim Projesi Kapan\u0131\u015f Toplant\u0131s\u0131 ve Enerji Verimlili\u011fi E\u011fitim Binas\u0131 (Pasif Ev) Temel Atma T\u00f6reni A\u0130B\u00dc G\u00f6lk\u00f6y Kamp\u00fcs\u00fc&#8217;nde ger\u00e7ekle\u015ftirildi.<\/p>\n<p>Bolu Sa\u011fl\u0131k Y\u00fc<a href=\"https:\/\/www.enerjigazetesi.ist\/wp-content\/uploads\/2013\/04\/ilk-pasif-ev-Bolu-da-yapiliyor.jpg\"><img loading=\"lazy\" class=\"alignleft size-medium wp-image-9862\" title=\"ilk-pasif-ev-Bolu-da-yapiliyor\" src=\"https:\/\/www.enerjigazetesi.ist\/wp-content\/uploads\/2013\/04\/ilk-pasif-ev-Bolu-da-yapiliyor-300x186.jpg\" alt=\"\" width=\"300\" height=\"186\" srcset=\"https:\/\/www.enerjigazetesi.ist\/wp-content\/uploads\/2013\/04\/ilk-pasif-ev-Bolu-da-yapiliyor-300x186.jpg 300w, https:\/\/www.enerjigazetesi.ist\/wp-content\/uploads\/2013\/04\/ilk-pasif-ev-Bolu-da-yapiliyor-80x50.jpg 80w, https:\/\/www.enerjigazetesi.ist\/wp-content\/uploads\/2013\/04\/ilk-pasif-ev-Bolu-da-yapiliyor.jpg 467w\" sizes=\"(max-width: 300px) 100vw, 300px\" \/><\/a>ksekokulu&#8217;nda d\u00fczenlenen t\u00f6rene, Vali Yard\u0131mc\u0131s\u0131 Ayhan Kartl\u0131, Bolu Belediye Ba\u015fkan\u0131 Alaaddin Y\u0131lmaz, A\u0130B\u00dc Rekt\u00f6r\u00fc Prof. Dr. Hayri Co\u015fkun, Rekt\u00f6r Yard\u0131mc\u0131lar\u0131, M\u00fchendislik Mimarl\u0131k Fak\u00fcltesi Dekan\u0131 Prof. Dr. \u00d6mer Zorba, Avrupa Birli\u011fi E\u011fitim ve Gen\u00e7lik Program\u0131 Merkezi Ba\u015fkanl\u0131\u011f\u0131&#8217;ndan Leonardo da Vinci program\u0131 Koordinat\u00f6r\u00fc Celil Yaman, fak\u00fclte dekanlar\u0131, akademik ve idari personel kat\u0131ld\u0131.<\/p>\n<p>Koordinat\u00f6r\u00fc Murat \u00d6zkan y\u00fcr\u00fct\u00fclen proje ile ilgili kat\u0131l\u0131mc\u0131lara bilgi vererek, &#8220;Y\u00fcr\u00fctt\u00fc\u011f\u00fcm\u00fcz projenin en b\u00fcy\u00fck \u00e7\u0131kt\u0131s\u0131 olan Pasif Ev, Almanya Pasif Ev Enstit\u00fcs\u00fcn\u00fcn yapaca\u011f\u0131 \u00f6l\u00e7\u00fcmlerle &#8216;Pasif Ev&#8217; sertifikasyon belgesine sahip olacak ve bu \u00f6zelli\u011fi ile de \u00fclkemiz i\u00e7in bir ilk niteli\u011fi ta\u015f\u0131yacak.&#8221; dedi.<\/p>\n<p>Avrupa Birli\u011fi E\u011fitim ve Gen\u00e7lik Program\u0131 Merkezi Ba\u015fkanl\u0131\u011f\u0131&#8217;ndan Leonardo da Vinci program\u0131 Koordinat\u00f6r\u00fc Celil Yaman ise \u00e7ok ba\u015far\u0131l\u0131 bulduklar\u0131 projeyi desteklediklerini ve bir ilk olan binan\u0131n Enerji Verimlili\u011fi Mesleki E\u011fitim Merkezi olarak g\u00f6rmeyi arzu ettiklerini s\u00f6yledi. Yaman, &#8220;Art\u0131k bu t\u00fcr \u00f6rnekleri g\u00f6rmek i\u00e7in Avrupa \u00fclkelerine gitmeye gerek kalmayacak. Bu binan\u0131n, \u00fclkemiz ve Bolu i\u00e7in b\u00fcy\u00fck bir kazan\u0131m oldu\u011funu vurgulamak isterim.&#8221; \u015feklinde konu\u015ftu.<\/p>\n<p>Konu\u015fmalar\u0131n ard\u0131ndan A\u0130B\u00dc Enerji Verimlili\u011fi E\u011fitim Merkezi&#8217;nin temeli, t\u00f6rene kat\u0131lan protokol taraf\u0131ndan birlikte at\u0131ld\u0131.<\/p>\n<p>Kaynak: <a href=\"http:\/\/www.energyworld.com.tr\/root.vol?title=ilk-pasif-ev-bolu-39da-yapiliyor&amp;exec=page&amp;nid=528567\" target=\"_blank\">Energy World<\/a><\/p>","protected":false},"excerpt":{"rendered":"<p>Sorry, this entry is only available in Turkish. For the sake of viewer convenience, the content is shown below in the alternative language. You may click the link to switch the active language.AB \u00dclkelerinde yenilenebilir enerji kullan\u0131m\u0131n\u0131 te\u015fvik etmek amac\u0131yla yayg\u0131n olarak kullan\u0131lan ve enerjiden y\u00fczde 90 oran\u0131nda tasarruf sa\u011flayan Pasif Ev, T\u00fcrkiye&#8217;de ilk olarak [&hellip;]<\/p>\n","protected":false},"author":1,"featured_media":9862,"comment_status":"open","ping_status":"open","sticky":false,"template":"","format":"standard","meta":[],"categories":[53],"tags":[4635,4636,4634,63,67,2091,103,4632,4633,566,105],"views":1549,"_links":{"self":[{"href":"https:\/\/www.enerjigazetesi.ist\/en\/wp-json\/wp\/v2\/posts\/9861"}],"collection":[{"href":"https:\/\/www.enerjigazetesi.ist\/en\/wp-json\/wp\/v2\/posts"}],"about":[{"href":"https:\/\/www.enerjigazetesi.ist\/en\/wp-json\/wp\/v2\/types\/post"}],"author":[{"embeddable":true,"href":"https:\/\/www.enerjigazetesi.ist\/en\/wp-json\/wp\/v2\/users\/1"}],"replies":[{"embeddable":true,"href":"https:\/\/www.enerjigazetesi.ist\/en\/wp-json\/wp\/v2\/comments?post=9861"}],"version-history":[{"count":1,"href":"https:\/\/www.enerjigazetesi.ist\/en\/wp-json\/wp\/v2\/posts\/9861\/revisions"}],"predecessor-version":[{"id":9863,"href":"https:\/\/www.enerjigazetesi.ist\/en\/wp-json\/wp\/v2\/posts\/9861\/revisions\/9863"}],"wp:featuredmedia":[{"embeddable":true,"href":"https:\/\/www.enerjigazetesi.ist\/en\/wp-json\/wp\/v2\/media\/9862"}],"wp:attachment":[{"href":"https:\/\/www.enerjigazetesi.ist\/en\/wp-json\/wp\/v2\/media?parent=9861"}],"wp:term":[{"taxonomy":"category","embeddable":true,"href":"https:\/\/www.enerjigazetesi.ist\/en\/wp-json\/wp\/v2\/categories?post=9861"},{"taxonomy":"post_tag","embeddable":true,"href":"https:\/\/www.enerjigazetesi.ist\/en\/wp-json\/wp\/v2\/tags?post=9861"}],"curies":[{"name":"wp","href":"https:\/\/api.w.org\/{rel}","templated":true}]}}