{"id":98510,"date":"2019-09-08T14:36:40","date_gmt":"2019-09-08T11:36:40","guid":{"rendered":"https:\/\/www.enerjigazetesi.ist\/?p=98510"},"modified":"2019-09-11T20:44:56","modified_gmt":"2019-09-11T17:44:56","slug":"eskisehir-cevre-koruma-ve-gelistirme-dernegi-tuyap-tarim-fuari-ndaydi","status":"publish","type":"post","link":"https:\/\/www.enerjigazetesi.ist\/en\/eskisehir-cevre-koruma-ve-gelistirme-dernegi-tuyap-tarim-fuari-ndaydi\/","title":{"rendered":"(Turkish) &#8217;Eski\u015fehir \u00c7evre Koruma ve Geli\u015ftirme Derne\u011fi&#8217; T\u00fcyap Tar\u0131m Fuar\u0131&#8217;ndayd\u0131!"},"content":{"rendered":"<p class=\"qtranxs-available-languages-message qtranxs-available-languages-message-en\">Sorry, this entry is only available in <a href=\"https:\/\/www.enerjigazetesi.ist\/tr\/wp-json\/wp\/v2\/posts\/98510\" class=\"qtranxs-available-language-link qtranxs-available-language-link-tr\" title=\"Turkish\">Turkish<\/a>. For the sake of viewer convenience, the content is shown below in the alternative language. You may click the link to switch the active language.<\/p><p><\/p>\n<h1><strong>Eski\u015fehir \u00c7evre Koruma ve Geli\u015ftirme Derne\u011fi Eski\u015fehir de ger\u00e7ekle\u015ftirilen T\u00fcyap Tar\u0131m fuar\u0131na kat\u0131ld\u0131.<\/strong><\/h1>\n<p><strong>4-8 Eyl\u00fcl 2019<\/strong> tarihlerinde ziyaret\u00e7ileri a\u011f\u0131rlayan fuarda tar\u0131m \u00fcr\u00fcnleri, tar\u0131m makinalar\u0131, <img loading=\"lazy\" class=\"alignright wp-image-98514\" src=\"https:\/\/www.enerjigazetesi.ist\/wp-content\/uploads\/2019\/09\/eskisehir-cevre-koruma-ve-gelistirme-dernegi-tuyap-tarim-fuarinda1-300x225.jpg\" alt=\"\" width=\"320\" height=\"240\" srcset=\"https:\/\/www.enerjigazetesi.ist\/wp-content\/uploads\/2019\/09\/eskisehir-cevre-koruma-ve-gelistirme-dernegi-tuyap-tarim-fuarinda1-300x225.jpg 300w, https:\/\/www.enerjigazetesi.ist\/wp-content\/uploads\/2019\/09\/eskisehir-cevre-koruma-ve-gelistirme-dernegi-tuyap-tarim-fuarinda1-500x375.jpg 500w, https:\/\/www.enerjigazetesi.ist\/wp-content\/uploads\/2019\/09\/eskisehir-cevre-koruma-ve-gelistirme-dernegi-tuyap-tarim-fuarinda1-67x50.jpg 67w, https:\/\/www.enerjigazetesi.ist\/wp-content\/uploads\/2019\/09\/eskisehir-cevre-koruma-ve-gelistirme-dernegi-tuyap-tarim-fuarinda1.jpg 651w\" sizes=\"(max-width: 320px) 100vw, 320px\" \/>hayvanc\u0131l\u0131k ve topra\u011fa y\u00f6nelik firmalar yer al\u0131rken \u00e7evreci vatansever ziyaret\u00e7i ki\u015filer ve dernek \u00fcyeleri &#8216;Eski\u015fehir \u00c7evre Koruma ve Geli\u015ftirme Derne\u011fi&#8217; stand\u0131na yo\u011fun ilgi g\u00f6sterdi.<\/p>\n<p>Genel anlamda fuara ilgi yo\u011fun olurken Eski\u015fehir&#8217;de ya\u015fayan herkesin b\u00f6ylesi g\u00fczel bir organizasyonu ka\u00e7\u0131rarak gezmemesi, bir \u015feyleri g\u00f6z ard\u0131 etmesi anlam\u0131n\u0131 da ta\u015f\u0131maktayd\u0131&#8230;<\/p>\n<p>&#8216;Eski\u015fehir \u00c7evre Koruma ve Geli\u015ftirme Derne\u011fi&#8217; stand\u0131nda\u00a0obruklar, sondaj makinalar\u0131 ve yap\u0131lan ziyaretlerden kesitler ile \u00e7evrenin dikkatini \u00e7ekebilecek d\u00f6vizler yer almakta olup bu \u00e7al\u0131\u015fmalar ziyaret\u00e7ilerin yo\u011fun ilgisini \u00e7ekti.<\/p>\n<p><em>Su hayatt\u0131r. Topra\u011f\u0131m\u0131, havam\u0131, suyumu kirletme, kirlettirme, Ovana, da\u011f\u0131na suyuna sahip \u00e7\u0131k pankartlar\u0131<\/em> yo\u011fun ilgi g\u00f6r\u00fcrken <span style=\"text-decoration: underline;\">fuar\u0131n son g\u00fcn\u00fcnde de\u00a0<\/span><strong>dernek \u00fcyesi<\/strong> ve\u00a0<strong>\u00e7evre dostlar\u0131n\u0131n<\/strong>\u00a0derne\u011fe ilgisi olduk\u00e7a yo\u011fundu.<\/p>\n<p><strong>Eski\u015fehir&#8217;den Sevgilerle&#8230;<\/strong><\/p>\n<p>Sarp ALTINEL \/ Enerji Gazetesi &#8211; <a href=\"mailto:sarp.altinel@enerjigazetesi.ist\" target=\"_blank\" rel=\"noopener\">sarp.altinel@enerjigazetesi.ist<\/a><\/p>","protected":false},"excerpt":{"rendered":"<p>Sorry, this entry is only available in Turkish. For the sake of viewer convenience, the content is shown below in the alternative language. You may click the link to switch the active language. Eski\u015fehir \u00c7evre Koruma ve Geli\u015ftirme Derne\u011fi Eski\u015fehir de ger\u00e7ekle\u015ftirilen T\u00fcyap Tar\u0131m fuar\u0131na kat\u0131ld\u0131. 4-8 Eyl\u00fcl 2019 tarihlerinde ziyaret\u00e7ileri a\u011f\u0131rlayan fuarda tar\u0131m \u00fcr\u00fcnleri, [&hellip;]<\/p>\n","protected":false},"author":1,"featured_media":98515,"comment_status":"open","ping_status":"open","sticky":false,"template":"","format":"standard","meta":[],"categories":[53,52],"tags":[56386,21919,1413,54878,6378,56384,30503,56385,56383,56382,32714,56381],"views":807,"_links":{"self":[{"href":"https:\/\/www.enerjigazetesi.ist\/en\/wp-json\/wp\/v2\/posts\/98510"}],"collection":[{"href":"https:\/\/www.enerjigazetesi.ist\/en\/wp-json\/wp\/v2\/posts"}],"about":[{"href":"https:\/\/www.enerjigazetesi.ist\/en\/wp-json\/wp\/v2\/types\/post"}],"author":[{"embeddable":true,"href":"https:\/\/www.enerjigazetesi.ist\/en\/wp-json\/wp\/v2\/users\/1"}],"replies":[{"embeddable":true,"href":"https:\/\/www.enerjigazetesi.ist\/en\/wp-json\/wp\/v2\/comments?post=98510"}],"version-history":[{"count":0,"href":"https:\/\/www.enerjigazetesi.ist\/en\/wp-json\/wp\/v2\/posts\/98510\/revisions"}],"wp:featuredmedia":[{"embeddable":true,"href":"https:\/\/www.enerjigazetesi.ist\/en\/wp-json\/wp\/v2\/media\/98515"}],"wp:attachment":[{"href":"https:\/\/www.enerjigazetesi.ist\/en\/wp-json\/wp\/v2\/media?parent=98510"}],"wp:term":[{"taxonomy":"category","embeddable":true,"href":"https:\/\/www.enerjigazetesi.ist\/en\/wp-json\/wp\/v2\/categories?post=98510"},{"taxonomy":"post_tag","embeddable":true,"href":"https:\/\/www.enerjigazetesi.ist\/en\/wp-json\/wp\/v2\/tags?post=98510"}],"curies":[{"name":"wp","href":"https:\/\/api.w.org\/{rel}","templated":true}]}}