{"id":98466,"date":"2019-09-07T19:13:01","date_gmt":"2019-09-07T16:13:01","guid":{"rendered":"https:\/\/www.enerjigazetesi.ist\/?p=98466"},"modified":"2019-09-07T19:13:25","modified_gmt":"2019-09-07T16:13:25","slug":"sisecam-ailesi-cocuklarini-odullendirdi","status":"publish","type":"post","link":"https:\/\/www.enerjigazetesi.ist\/en\/sisecam-ailesi-cocuklarini-odullendirdi\/","title":{"rendered":"(Turkish) &#8217;\u015ei\u015fecam Ailesi&#8217; \u00c7ocuklar\u0131n\u0131 \u00d6d\u00fcllendirdi"},"content":{"rendered":"<p class=\"qtranxs-available-languages-message qtranxs-available-languages-message-en\">Sorry, this entry is only available in <a href=\"https:\/\/www.enerjigazetesi.ist\/tr\/wp-json\/wp\/v2\/posts\/98466\" class=\"qtranxs-available-language-link qtranxs-available-language-link-tr\" title=\"Turkish\">Turkish<\/a>. For the sake of viewer convenience, the content is shown below in the alternative language. You may click the link to switch the active language.<\/p><p><\/p>\n<h1><strong>\u015ei\u015fecam Toplulu\u011fu bu y\u0131l 7&#8217;incisini d\u00fczenledi\u011fi \u0130\u015f Sa\u011fl\u0131\u011f\u0131 ve G\u00fcvenli\u011fi Resim Yar\u0131\u015fmas\u0131\u2019nda \u00fcretim faaliyeti g\u00f6sterdi\u011fi 13 \u00fclkedeki \u00e7al\u0131\u015fanlar\u0131n\u0131n \u00e7ocuklar\u0131n\u0131 \u00f6d\u00fcllendirdi. \u015ei\u015fecam Toplulu\u011fu \u00e7al\u0131\u015fanlar\u0131n\u0131n \u0130\u015f Sa\u011fl\u0131\u011f\u0131 ve G\u00fcvenli\u011fi konusundaki bilin\u00e7 ve fark\u0131ndal\u0131\u011f\u0131 art\u0131rmak amac\u0131yla ger\u00e7ekle\u015ftirilen yar\u0131\u015fmada 133\u2019\u00fc yurt i\u00e7inden, 137\u2019si yurt d\u0131\u015f\u0131ndan olmak \u00fczere toplamda 270 resim de\u011ferlendirildi.\u00a0<\/strong><\/h1>\n<h1><strong>\u015ei\u015fecam Toplulu\u011fu Y\u00f6netim Kurulu Ba\u015fkan Vekili ve Genel M\u00fcd\u00fcr\u00fc Prof. Dr. Ahmet K\u0131rman, \u00f6d\u00fcl t\u00f6reninde yapt\u0131\u011f\u0131 konu\u015fmada \u201cAna faaliyet alanlar\u0131m\u0131z\u0131n t\u00fcm\u00fcnde d\u00fcnyan\u0131n ilk \u00fc\u00e7\u00fc i\u00e7inde yer alma hedefimize \u00e7al\u0131\u015fanlar\u0131m\u0131z\u0131n eme\u011fi ve azmiyle y\u00fcr\u00fcrken, insana verdi\u011fimiz de\u011feri t\u00fcm \u00fcretim ve karar s\u00fcre\u00e7lerimize yans\u0131t\u0131yoruz. Yerle\u015fmi\u015f bir i\u015f sa\u011fl\u0131\u011f\u0131 ve g\u00fcvenli\u011fi k\u00fclt\u00fcr\u00fcn\u00fcn varl\u0131\u011f\u0131n\u0131 da s\u00fcrd\u00fcr\u00fclebilirli\u011fin en \u00f6nemli yap\u0131 ta\u015flar\u0131ndan biri olarak g\u00f6r\u00fcyoruz\u201d dedi.<\/strong><\/h1>\n<p>\u015ei\u015fecam Toplulu\u011fu\u2019nun \u201c\u0130\u015f Sa\u011fl\u0131\u011f\u0131 ve G\u00fcvenli\u011fi\u201d bilincini art\u0131rmak amac\u0131yla bu y\u0131l 7&#8217;inci kez d\u00fczenledi\u011fi resim yar\u0131\u015fmas\u0131n\u0131n sonu\u00e7lar\u0131 belli oldu. Toplulu\u011fun faaliyet g\u00f6sterdi\u011fi 13 \u00fclkedeki \u00e7al\u0131\u015fanlar\u0131n\u0131n \u00e7ocuklar\u0131n\u0131n kat\u0131ld\u0131\u011f\u0131 yar\u0131\u015fman\u0131n \u00f6d\u00fcl t\u00f6reni, Gebze\u2019deki \u015ei\u015fecam \u00c7ay\u0131rova Sosyal Tesisleri\u2019nde ger\u00e7ekle\u015ftirildi. Fikir, \u00e7izgi ve yarat\u0131c\u0131l\u0131klar\u0131yla i\u015f sa\u011fl\u0131\u011f\u0131 ve g\u00fcvenli\u011fi konusunda fark\u0131ndal\u0131k yaratan <img loading=\"lazy\" class=\"alignleft wp-image-98468\" src=\"https:\/\/www.enerjigazetesi.ist\/wp-content\/uploads\/2019\/09\/sisecam-ailesi-cocuklarini-odullendirdi-300x200.jpg\" alt=\"\" width=\"320\" height=\"214\" srcset=\"https:\/\/www.enerjigazetesi.ist\/wp-content\/uploads\/2019\/09\/sisecam-ailesi-cocuklarini-odullendirdi-300x200.jpg 300w, https:\/\/www.enerjigazetesi.ist\/wp-content\/uploads\/2019\/09\/sisecam-ailesi-cocuklarini-odullendirdi-500x334.jpg 500w, https:\/\/www.enerjigazetesi.ist\/wp-content\/uploads\/2019\/09\/sisecam-ailesi-cocuklarini-odullendirdi-75x50.jpg 75w, https:\/\/www.enerjigazetesi.ist\/wp-content\/uploads\/2019\/09\/sisecam-ailesi-cocuklarini-odullendirdi-450x300.jpg 450w, https:\/\/www.enerjigazetesi.ist\/wp-content\/uploads\/2019\/09\/sisecam-ailesi-cocuklarini-odullendirdi.jpg 731w\" sizes=\"(max-width: 320px) 100vw, 320px\" \/>\u00e7ocuklar, 133\u2019\u00fc yurt i\u00e7inden, 137\u2019si yurt d\u0131\u015f\u0131ndan olmak \u00fczere toplamda 270 resmin de\u011ferlendirildi\u011fi yar\u0131\u015fman\u0131n sonucunda d\u00fczenlenen \u00f6d\u00fcl t\u00f6renine aileleriyle birlikte kat\u0131ld\u0131. T\u00f6ren sonras\u0131nda ger\u00e7ekle\u015ftirilen \u00e7e\u015fitli at\u00f6lye \u00e7al\u0131\u015fmalar\u0131 ve aktivitelerle aileler e\u011flenceli bir g\u00fcn ge\u00e7irdi.<\/p>\n<p>\u015ei\u015fecam Toplulu\u011fu Y\u00f6netim Kurulu Ba\u015fkan Vekili ve Genel M\u00fcd\u00fcr\u00fc Prof. Dr. Ahmet K\u0131rman, \u00f6d\u00fcl t\u00f6reninde yapt\u0131\u011f\u0131 konu\u015fmada, &#8220;Faaliyet g\u00f6sterdi\u011fi t\u00fcm i\u015f kollar\u0131nda d\u00fcnyan\u0131n en se\u00e7kin kurulu\u015flar\u0131 aras\u0131nda yer alan \u015ei\u015fecam Toplulu\u011fu \u00fcretim faaliyetlerini bug\u00fcn 13 \u00fclkede s\u00fcrd\u00fcrmektedir. \u00dcr\u00fcnlerimizi 150\u2019den fazla \u00fclkeye sat\u0131yor, 22 bini a\u015fk\u0131n ki\u015fiyi istihdam ediyoruz. Ana faaliyet alanlar\u0131m\u0131z\u0131n t\u00fcm\u00fcnde d\u00fcnyan\u0131n ilk \u00fc\u00e7\u00fc i\u00e7inde yer alma hedefimize \u00e7al\u0131\u015fanlar\u0131m\u0131z\u0131n eme\u011fi ve azmiyle y\u00fcr\u00fcrken insana verdi\u011fimiz de\u011feri t\u00fcm \u00fcretim ve karar s\u00fcre\u00e7lerimize yans\u0131t\u0131yoruz. Yerle\u015fmi\u015f bir i\u015f sa\u011fl\u0131\u011f\u0131 ve g\u00fcvenli\u011fi k\u00fclt\u00fcr\u00fcn\u00fcn varl\u0131\u011f\u0131n\u0131 da s\u00fcrd\u00fcr\u00fclebilirli\u011fin en \u00f6nemli yap\u0131 ta\u015flar\u0131ndan biri olarak g\u00f6r\u00fcyoruz&#8221; dedi.<\/p>\n<p>Sa\u011fl\u0131kl\u0131 ve g\u00fcvenli \u00e7al\u0131\u015fma ortamlar\u0131n\u0131n ancak t\u00fcm \u00e7al\u0131\u015fanlar\u0131n ortak bilin\u00e7 ve kat\u0131l\u0131m\u0131yla m\u00fcmk\u00fcn oldu\u011funa dikkat \u00e7eken Prof. Dr. Ahmet K\u0131rman, \u015f\u00f6yle konu\u015ftu: \u201c83 y\u0131ll\u0131k ge\u00e7mi\u015finde hep oda\u011f\u0131na insan\u0131 alarak, b\u00fcy\u00fcyen Toplulu\u011fumuz, birlikte geli\u015fip geli\u015ftirmeyi en \u00f6nemli de\u011ferleri aras\u0131na koymu\u015ftur. T\u00fcm faaliyetlerini \u2018s\u0131f\u0131r i\u015f kazas\u0131\u2019 hedefi do\u011frultusunda y\u00fcr\u00fcten Toplulu\u011fumuz, bu alandaki \u00e7al\u0131\u015fmalar\u0131na h\u0131z kesmeden devam edecektir. Kazas\u0131z i\u015f yeri hedefimiz do\u011frultusunda t\u00fcm \u00fcretim tesislerimizde ve i\u015f yerlerimizde oldu\u011fu gibi End\u00fcstri 4.0 ile geli\u015fen fabrikalar\u0131m\u0131zda da gerekli yat\u0131r\u0131mlar\u0131 yap\u0131yoruz. Bununla birlikte, uygulamaya al\u0131nan t\u00fcm sistemlerin etkinli\u011finin \u00e7al\u0131\u015fanlar\u0131m\u0131z\u0131n ki\u015fisel fark\u0131ndal\u0131k ve uygulamalar\u0131yla birle\u015fti\u011finde anlam kazanaca\u011f\u0131n\u0131 biliyoruz.\u201d<\/p>\n<p>\u015ei\u015fecam Toplulu\u011fu \u0130nsan Kaynaklar\u0131 ve Kurumsal \u0130leti\u015fim Ba\u015fkan\u0131 \u015eeng\u00fcl Demircan ise t\u00f6rende yapt\u0131\u011f\u0131 konu\u015fmada \u015funlar\u0131 s\u00f6yledi: \u201c\u00d6nce insan felsefesini benimseyen Toplulu\u011fumuzun en de\u011ferli varl\u0131\u011f\u0131 \u015f\u00fcphesiz \u00e7al\u0131\u015fanlar\u0131d\u0131r. \u00c7al\u0131\u015fanlar\u0131m\u0131z\u0131n sa\u011fl\u0131\u011f\u0131 ve g\u00fcvenli\u011fi her zaman \u00f6nceli\u011fimiz olmu\u015ftur. Toplulu\u011fumuzun her alandaki yetkinlik, beceri ve deneyiminin temeli olan \u00e7al\u0131\u015fanlar\u0131m\u0131z\u0131n g\u00fcvenli\u011fi, ailelerinin ve sevdiklerinin mutlulu\u011funun da teminat\u0131d\u0131r. Bu anlay\u0131\u015fla i\u015f sa\u011fl\u0131\u011f\u0131 ve g\u00fcvenli\u011fi k\u00fclt\u00fcr\u00fcn\u00fcn i\u00e7selle\u015ftirilmesi amac\u0131yla s\u00fcrd\u00fcrd\u00fc\u011f\u00fcm\u00fcz \u00e7al\u0131\u015fmalar\u0131 ailelerimize de kapsayacak bir \u015fekilde hayata ge\u00e7iriyoruz. Daha rahat, g\u00fcvenli bir \u00e7al\u0131\u015fma ortam\u0131 yaratmak i\u00e7in iyile\u015ftirme \u00e7al\u0131\u015fmalar\u0131m\u0131z\u0131 kesintisiz s\u00fcrd\u00fcr\u00fcrken, \u00e7al\u0131\u015fanlar\u0131m\u0131zdan i\u015f sa\u011fl\u0131\u011f\u0131 ve g\u00fcvenli\u011fi konusunda gelen fikir, \u00f6neri ve katk\u0131lar\u0131n da devam\u0131n\u0131 bekliyoruz.\u201d<\/p>","protected":false},"excerpt":{"rendered":"<p>Sorry, this entry is only available in Turkish. For the sake of viewer convenience, the content is shown below in the alternative language. You may click the link to switch the active language. \u015ei\u015fecam Toplulu\u011fu bu y\u0131l 7&#8217;incisini d\u00fczenledi\u011fi \u0130\u015f Sa\u011fl\u0131\u011f\u0131 ve G\u00fcvenli\u011fi Resim Yar\u0131\u015fmas\u0131\u2019nda \u00fcretim faaliyeti g\u00f6sterdi\u011fi 13 \u00fclkedeki \u00e7al\u0131\u015fanlar\u0131n\u0131n \u00e7ocuklar\u0131n\u0131 \u00f6d\u00fcllendirdi. \u015ei\u015fecam Toplulu\u011fu [&hellip;]<\/p>\n","protected":false},"author":1,"featured_media":98468,"comment_status":"open","ping_status":"open","sticky":false,"template":"","format":"standard","meta":[],"categories":[53],"tags":[26689,52259,5286,19241,56331,56332,56329,5240,32734,49294,56328,56330,56327,33881],"views":557,"_links":{"self":[{"href":"https:\/\/www.enerjigazetesi.ist\/en\/wp-json\/wp\/v2\/posts\/98466"}],"collection":[{"href":"https:\/\/www.enerjigazetesi.ist\/en\/wp-json\/wp\/v2\/posts"}],"about":[{"href":"https:\/\/www.enerjigazetesi.ist\/en\/wp-json\/wp\/v2\/types\/post"}],"author":[{"embeddable":true,"href":"https:\/\/www.enerjigazetesi.ist\/en\/wp-json\/wp\/v2\/users\/1"}],"replies":[{"embeddable":true,"href":"https:\/\/www.enerjigazetesi.ist\/en\/wp-json\/wp\/v2\/comments?post=98466"}],"version-history":[{"count":0,"href":"https:\/\/www.enerjigazetesi.ist\/en\/wp-json\/wp\/v2\/posts\/98466\/revisions"}],"wp:featuredmedia":[{"embeddable":true,"href":"https:\/\/www.enerjigazetesi.ist\/en\/wp-json\/wp\/v2\/media\/98468"}],"wp:attachment":[{"href":"https:\/\/www.enerjigazetesi.ist\/en\/wp-json\/wp\/v2\/media?parent=98466"}],"wp:term":[{"taxonomy":"category","embeddable":true,"href":"https:\/\/www.enerjigazetesi.ist\/en\/wp-json\/wp\/v2\/categories?post=98466"},{"taxonomy":"post_tag","embeddable":true,"href":"https:\/\/www.enerjigazetesi.ist\/en\/wp-json\/wp\/v2\/tags?post=98466"}],"curies":[{"name":"wp","href":"https:\/\/api.w.org\/{rel}","templated":true}]}}