{"id":98398,"date":"2019-09-06T16:12:41","date_gmt":"2019-09-06T13:12:41","guid":{"rendered":"https:\/\/www.enerjigazetesi.ist\/?p=98398"},"modified":"2019-09-06T16:13:21","modified_gmt":"2019-09-06T13:13:21","slug":"hacibektasli-da-yer-alan-jeotermal-kaynak-salihlinin-isinmasini-karsilayacak","status":"publish","type":"post","link":"https:\/\/www.enerjigazetesi.ist\/en\/hacibektasli-da-yer-alan-jeotermal-kaynak-salihlinin-isinmasini-karsilayacak\/","title":{"rendered":"(Turkish) Hac\u0131bekta\u015fl\u0131\u2019taki &#8216;Jeotermal Kaynak&#8217; Salihli\u2019yi Is\u0131tacak"},"content":{"rendered":"<p class=\"qtranxs-available-languages-message qtranxs-available-languages-message-en\">Sorry, this entry is only available in <a href=\"https:\/\/www.enerjigazetesi.ist\/tr\/wp-json\/wp\/v2\/posts\/98398\" class=\"qtranxs-available-language-link qtranxs-available-language-link-tr\" title=\"Turkish\">Turkish<\/a>. For the sake of viewer convenience, the content is shown below in the alternative language. You may click the link to switch the active language.<\/p><p><\/p>\n<h1>JESDER, Salihli\u2019de jeotermal enerjiye kar\u015f\u0131 y\u00fcr\u00fct\u00fclen faaliyetlerin yerel halk\u0131n yanl\u0131\u015f bilgilendirilmesine sebep oldu\u011funu belirterek, Hac\u0131bekta\u015fl\u0131\u2019dan \u00e7\u0131kar\u0131lan kaynakla \u015fehir \u0131s\u0131tmas\u0131 yap\u0131laca\u011f\u0131n\u0131, elektrik santralinin ise Belediye\u2019nin onaylayaca\u011f\u0131 ba\u015fka bir yere kurulaca\u011f\u0131n\u0131 a\u00e7\u0131klad\u0131. Hac\u0131bekta\u015fl\u0131\u2019dan \u00e7\u0131kar\u0131lan kayna\u011f\u0131n \u015fehir \u0131s\u0131tmas\u0131 i\u00e7in kullan\u0131lmas\u0131, b\u00f6lge halk\u0131n\u0131n daha ucuza daha temiz bir \u015fekilde \u0131s\u0131nmas\u0131 anlam\u0131na geliyor. \u0130zmir Bal\u00e7ova \u00f6rne\u011finde oldu\u011fu gibi, jeotermal kaynaktan elde edilen suyla, \u0131s\u0131nma faturalar\u0131n\u0131n yar\u0131 yar\u0131ya d\u00fc\u015fmesi \u00f6ng\u00f6r\u00fcl\u00fcyor.<\/h1>\n<p>Jeotermal Elektrik Santral Yat\u0131r\u0131mc\u0131lar Derne\u011fi\u2019nden (JESDER) yap\u0131lan a\u00e7\u0131klamada, jeotermal enerjinin yerli, yenilebilir ve temiz bir enerji kayna\u011f\u0131 oldu\u011fu belirtilerek, Hac\u0131bekta\u015fl\u0131\u2019daki kaynaktan elde edilecek 27.6 MWt g\u00fcc\u00fcnde s\u0131cak suyun \u015fehrin \u0131s\u0131t\u0131lmas\u0131 i\u00e7in kullan\u0131laca\u011f\u0131, elektrik \u00fcretecek santralin ise burada de\u011fil, Belediye\u2019nin uygun g\u00f6rece\u011fi ba\u015fkan bir yerde kurulaca\u011f\u0131 ifade edildi. JESDER, Salihli Belediye <img loading=\"lazy\" class=\"alignleft size-medium wp-image-98400\" src=\"https:\/\/www.enerjigazetesi.ist\/wp-content\/uploads\/2019\/09\/hacibektasli-da-yer-alan-jeotermal-kaynak-salihlinin-isinmasini-karsilayacak-300x225.jpg\" alt=\"\" width=\"300\" height=\"225\" srcset=\"https:\/\/www.enerjigazetesi.ist\/wp-content\/uploads\/2019\/09\/hacibektasli-da-yer-alan-jeotermal-kaynak-salihlinin-isinmasini-karsilayacak-300x225.jpg 300w, https:\/\/www.enerjigazetesi.ist\/wp-content\/uploads\/2019\/09\/hacibektasli-da-yer-alan-jeotermal-kaynak-salihlinin-isinmasini-karsilayacak-500x375.jpg 500w, https:\/\/www.enerjigazetesi.ist\/wp-content\/uploads\/2019\/09\/hacibektasli-da-yer-alan-jeotermal-kaynak-salihlinin-isinmasini-karsilayacak-67x50.jpg 67w, https:\/\/www.enerjigazetesi.ist\/wp-content\/uploads\/2019\/09\/hacibektasli-da-yer-alan-jeotermal-kaynak-salihlinin-isinmasini-karsilayacak.jpg 651w\" sizes=\"(max-width: 300px) 100vw, 300px\" \/>Ba\u015fkan\u0131 Zeki Kayda\u2019n\u0131n ge\u00e7ti\u011fimiz g\u00fcnlerde yapt\u0131\u011f\u0131 a\u00e7\u0131klamalara dikkat \u00e7ekerek, \u015fehirde 8 bin abonenin jeotermal kaynakla \u0131s\u0131nd\u0131\u011f\u0131n\u0131, Hac\u0131bekta\u015fl\u0131\u2019daki kaynak sayesinde 8 bin yeni aboneye daha \u0131s\u0131 verilece\u011fini vurgulad\u0131. Salihli Belediye Ba\u015fkan\u0131 Zeki Kayda\u2019n\u0131n verdi\u011fi bilgilere g\u00f6re Salihli\u2019de jeotermal faaliyet 1976\u2019da ba\u015flad\u0131. 1990\u2019l\u0131 y\u0131llarda farkl\u0131 belediye ba\u015fkanlar\u0131n\u0131n y\u00f6netiminde yap\u0131lan jeotermal kuyu kaz\u0131lar\u0131yla devam etti. Zeki Kayda, ge\u00e7mi\u015fte a\u00e7\u0131lan 28 kuyudan bug\u00fcn sadece 8\u2019inin \u00e7al\u0131\u015fmas\u0131 nedeniyle \u015fehrin \u0131s\u0131t\u0131lmas\u0131nda sorunlar ya\u015fand\u0131\u011f\u0131n\u0131, bu nedenle kendi arama sahalar\u0131n\u0131n i\u015fletilmesi i\u00e7in ihaleye \u00e7\u0131kt\u0131klar\u0131n\u0131 ve t\u00fcm T\u00fcrkiye\u2019ye a\u00e7\u0131k olarak yap\u0131lan ihaleyi Sanko Enerji\u2019nin kazand\u0131\u011f\u0131n\u0131 a\u00e7\u0131klam\u0131\u015ft\u0131. Sanko, bu kaynaktan elde edece\u011fi 27.6 MWt g\u00fcc\u00fcnde s\u0131cak suyu, \u0131s\u0131tmada kullan\u0131lmak \u00fczere Salihli Belediyesi\u2019ne verecek. Sanko Enerji, Salihli Belediyesi\u2019ne ayr\u0131ca y\u0131ll\u0131k 1.500.000 TL kira \u00f6deyecek ve elektrik \u00fcretiminden elde edece\u011fi br\u00fct gelirin % 8.70\u2019ini aktaracak.<\/p>\n<h2><strong>\u201cTARIMIN OLUMSUZ ETK\u0130LEND\u0130\u011e\u0130 \u0130DD\u0130ASI GER\u00c7EK\u00c7\u0130 DE\u011e\u0130L, REKOLTELER \u0130Y\u0130 GEL\u0130YOR\u201d<\/strong><\/h2>\n<p>Jeotermal enerjinin tar\u0131msal \u00fcretimi olumsuz etkiledi\u011fi y\u00f6n\u00fcndeki iddialar\u0131n do\u011fru olmad\u0131\u011f\u0131 ve ilgili kurum verilerinin bu iddialar\u0131n aksi y\u00f6nde oldu\u011fu belirtilen a\u00e7\u0131klamada, \u201c2012-2017 aras\u0131nda Manisa\u2019da don olaylar\u0131 ve hastal\u0131klar d\u0131\u015f\u0131nda rekoltede dramatik oranlarda d\u00fc\u015f\u00fc\u015f ya\u015fanmam\u0131\u015f ve ba\u015fta \u00fcz\u00fcm olmak \u00fczere, \u00e7e\u015fitli \u00fcr\u00fcnlerde rekolteler iyi gelmi\u015ftir. B\u00fcy\u00fck \u00f6l\u00e7\u00fcde iklim \u015fartlar\u0131na ba\u011fl\u0131 olarak dalgalanmalar g\u00f6r\u00fclse de \u00fcretim miktarlar\u0131 y\u0131llar itibari ile 3.650.000-4.200.000 ton aras\u0131nda de\u011fi\u015fiklik arz etmektedir\u201d denildi. A\u00e7\u0131klamada \u015fu bilgilere de yer verildi: \u201c\u00dcretilen \u00fcr\u00fcn\u00fcn neredeyse % 90\u2019\u0131n\u0131n ihra\u00e7 edildi\u011fi bir \u00fclkede, \u00fcretilen \u00fcz\u00fcm\u00fcn kalitesizli\u011finden bahsetmek ger\u00e7ek\u00e7i olmayacakt\u0131r. \u00dclkemiz uzun y\u0131llard\u0131r kuru \u00fcz\u00fcm \u00fcretiminde en \u00fcst s\u0131ralardad\u0131r. \u00dcretimdeki art\u0131\u015f \u00f6nemli \u00f6l\u00e7\u00fcde ba\u011f sahalar\u0131n\u0131n geni\u015flemesi ile olu\u015fmu\u015ftur. Alanlar\u0131n geni\u015flemesinin yan\u0131 s\u0131ra verimde de art\u0131\u015f sa\u011flanm\u0131\u015ft\u0131r.\u201d<\/p>\n<p>JESDER\u2019in a\u00e7\u0131klamas\u0131nda, \u201cT\u00fcm d\u00fcnyada temiz ve yenilenebilir enerji kayna\u011f\u0131 olarak de\u011ferlendirilen jeotermal enerji, \u00fclkemizde bilgi sahibi olmadan, kulaktan dolma bilgilerle engellenmeye \u00e7al\u0131\u015f\u0131lmaktad\u0131r\u201d denildi.<\/p>","protected":false},"excerpt":{"rendered":"<p>Sorry, this entry is only available in Turkish. For the sake of viewer convenience, the content is shown below in the alternative language. You may click the link to switch the active language. JESDER, Salihli\u2019de jeotermal enerjiye kar\u015f\u0131 y\u00fcr\u00fct\u00fclen faaliyetlerin yerel halk\u0131n yanl\u0131\u015f bilgilendirilmesine sebep oldu\u011funu belirterek, Hac\u0131bekta\u015fl\u0131\u2019dan \u00e7\u0131kar\u0131lan kaynakla \u015fehir \u0131s\u0131tmas\u0131 yap\u0131laca\u011f\u0131n\u0131, elektrik santralinin [&hellip;]<\/p>\n","protected":false},"author":1,"featured_media":98400,"comment_status":"open","ping_status":"open","sticky":false,"template":"","format":"standard","meta":[],"categories":[53,48],"tags":[56274,56276,56273,56277,56279,51890,56275,36184,26929,38812,56278,25055,34977,56280,26829,42157],"views":416,"_links":{"self":[{"href":"https:\/\/www.enerjigazetesi.ist\/en\/wp-json\/wp\/v2\/posts\/98398"}],"collection":[{"href":"https:\/\/www.enerjigazetesi.ist\/en\/wp-json\/wp\/v2\/posts"}],"about":[{"href":"https:\/\/www.enerjigazetesi.ist\/en\/wp-json\/wp\/v2\/types\/post"}],"author":[{"embeddable":true,"href":"https:\/\/www.enerjigazetesi.ist\/en\/wp-json\/wp\/v2\/users\/1"}],"replies":[{"embeddable":true,"href":"https:\/\/www.enerjigazetesi.ist\/en\/wp-json\/wp\/v2\/comments?post=98398"}],"version-history":[{"count":0,"href":"https:\/\/www.enerjigazetesi.ist\/en\/wp-json\/wp\/v2\/posts\/98398\/revisions"}],"wp:featuredmedia":[{"embeddable":true,"href":"https:\/\/www.enerjigazetesi.ist\/en\/wp-json\/wp\/v2\/media\/98400"}],"wp:attachment":[{"href":"https:\/\/www.enerjigazetesi.ist\/en\/wp-json\/wp\/v2\/media?parent=98398"}],"wp:term":[{"taxonomy":"category","embeddable":true,"href":"https:\/\/www.enerjigazetesi.ist\/en\/wp-json\/wp\/v2\/categories?post=98398"},{"taxonomy":"post_tag","embeddable":true,"href":"https:\/\/www.enerjigazetesi.ist\/en\/wp-json\/wp\/v2\/tags?post=98398"}],"curies":[{"name":"wp","href":"https:\/\/api.w.org\/{rel}","templated":true}]}}