{"id":9837,"date":"2013-04-19T09:24:18","date_gmt":"2013-04-19T06:24:18","guid":{"rendered":"https:\/\/www.enerjigazetesi.ist\/?p=9837"},"modified":"2013-04-19T09:24:56","modified_gmt":"2013-04-19T06:24:56","slug":"iklim-agi-turkiyenin-sera-gazi-envanterini-degerlendirdi","status":"publish","type":"post","link":"https:\/\/www.enerjigazetesi.ist\/en\/iklim-agi-turkiyenin-sera-gazi-envanterini-degerlendirdi\/","title":{"rendered":"(Turkish) \u0130klim A\u011f\u0131, T\u00fcrkiye\u2019nin Sera Gaz\u0131 Envanteri\u2019ni De\u011ferlendirdi"},"content":{"rendered":"<p class=\"qtranxs-available-languages-message qtranxs-available-languages-message-en\">Sorry, this entry is only available in <a href=\"https:\/\/www.enerjigazetesi.ist\/tr\/wp-json\/wp\/v2\/posts\/9837\" class=\"qtranxs-available-language-link qtranxs-available-language-link-tr\" title=\"Turkish\">Turkish<\/a>. For the sake of viewer convenience, the content is shown below in the alternative language. You may click the link to switch the active language.<\/p><p><strong>T\u00fcrkiye\u2019deki sivil toplum kurulu\u015flar\u0131n\u0131n, iklim de\u011fi\u015fikli\u011fi konusunda ortak kayg\u0131lar\u0131n\u0131 ve \u00e7\u00f6z\u00fcm \u00f6nerilerini birlikte dile getirmek i\u00e7in kurduklar\u0131 \u201c\u0130klim A\u011f\u0131\u201d, T\u00fcrkiye\u2019nin ge\u00e7ti\u011fimiz g\u00fcn Birle\u015fmi\u015f Milletler \u0130klim De\u011fi\u015fikli\u011fi sekretaryas\u0131na sundu\u011fu 2011\u2032e ait sera gaz\u0131 emisyon verileri do\u011frultusunda T\u00fcrkiye\u2019nin iklim de\u011fi\u015fikli\u011fi ile m\u00fccadelede nerde oldu\u011funa dair bir a\u00e7\u0131klama yay\u0131nlad\u0131.<\/strong><\/p>\n<p>\u0130klim A\u011f\u0131, T\u00fcrkiye\u2019nin raporuna g\u00f6re, 2011 y\u0131l\u0131nda toplam sera gaz\u0131 emisyonu 422,4 milyon ton (Mt) CO<sub>2<\/sub> e\u015fde\u011feri olarak ger\u00e7ekle\u015fti\u011fini ve 1990\u2019a g\u00f6re sera gaz\u0131 sal\u0131mlar\u0131n\u0131n\u0131n %124 oran\u0131nda artt\u0131rarak yeni bir rekora imza att\u0131\u011f\u0131n\u0131 belirtti ve T\u00fcrkiye\u2019nin de iklim de\u011fi\u015fikli\u011fi ile m\u00fccadele etmek yerine iklim de\u011fi\u015fikli\u011fine sebep olmaya devam etti\u011fini vurgulad\u0131.<\/p>\n<p>\u0130klim A\u011f\u0131 taraf\u0131ndan\u201d\u0130klim de\u011fi\u015fikli\u011fini durdurmak i\u00e7in T\u00fcrkiye\u2019nin tutarl\u0131 uyum politikalar\u0131n\u0131n yan\u0131 s\u0131ra acilen mutlak sera gaz\u0131 sal\u0131m azalt\u0131m hedefi koymas\u0131, bu hedefi enerji verimlili\u011fi ve yenilenebilir enerji hedefleri ile destekleyerek bu alanlardaki yat\u0131r\u0131mlar\u0131 desteklemesi gerekiyor\u201d \u00e7a\u011fr\u0131s\u0131n\u0131n yap\u0131ld\u0131\u011f\u0131 bas\u0131n b\u00fclteni \u015fu \u015fekilde<\/p>\n<p>\u201cT\u00fcrkiye\u2019nin sera gaz\u0131 sal\u0131mlar\u0131 1990\u2019a g\u00f6re % 124 artt\u0131. Bu yeni rekorla T\u00fcrkiye, iklim de\u011fi\u015fikli\u011fi ile m\u00fccadele etmek yerine iklim de\u011fi\u015fikli\u011fine sebep olmaya devam ediyor.<\/p>\n<p>T\u00fcrkiye, 2011 y\u0131l\u0131na ait sera gaz\u0131 emisyon verilerini i\u00e7eren Ulusal Envanter Raporu\u2019nu Birle\u015fmi\u015f Milletler \u0130klim De\u011fi\u015fikli\u011fi sekretaryas\u0131na sundu. T\u00fcrkiye\u2019nin raporuna g\u00f6re, 2011 y\u0131l\u0131nda toplam sera gaz\u0131 emisyonu 422,4 milyon ton (Mt) CO<sub>2<\/sub> e\u015fde\u011feri olarak ger\u00e7ekle\u015fti ve T\u00fcrkiye sera gaz\u0131 sal\u0131mlar\u0131nda yeni bir rekora imza att\u0131. 1990\u2019a g\u00f6re sera gaz\u0131 sal\u0131mlar\u0131n\u0131 %124 oran\u0131nda artt\u0131ran T\u00fcrkiye, iklim de\u011fi\u015fikli\u011fi ile m\u00fccadele etmek yerine iklim de\u011fi\u015fikli\u011fine sebep olmaya devam ediyor.<\/p>\n<p><strong>Sera gaz\u0131 emisyonlar\u0131 1990 seviyesine g\u00f6re % 124 oran\u0131nda artt\u0131<\/strong><\/p>\n<p><strong>Kyoto Protokol\u00fc\u2019ne Ek<\/strong> \u2013 1 \u00fcyesi olarak taraf olan T\u00fcrkiye, \u201cgeli\u015fmekte olan\u201d \u00fclke olmas\u0131ndan kaynaklanan \u201c\u00f6zel stat\u00fcs\u00fc\u201dn\u00fc mazeret g\u00f6stererek sera gaz<strong><a href=\"https:\/\/www.enerjigazetesi.ist\/wp-content\/uploads\/2013\/04\/iklim-agi-sera-gazi-envanteri-turkiye.jpg\"><img loading=\"lazy\" class=\"alignleft size-medium wp-image-9838\" title=\"iklim-agi-sera-gazi-envanteri-turkiye\" src=\"https:\/\/www.enerjigazetesi.ist\/wp-content\/uploads\/2013\/04\/iklim-agi-sera-gazi-envanteri-turkiye-300x199.jpg\" alt=\"\" width=\"300\" height=\"199\" srcset=\"https:\/\/www.enerjigazetesi.ist\/wp-content\/uploads\/2013\/04\/iklim-agi-sera-gazi-envanteri-turkiye-300x199.jpg 300w, https:\/\/www.enerjigazetesi.ist\/wp-content\/uploads\/2013\/04\/iklim-agi-sera-gazi-envanteri-turkiye-75x50.jpg 75w, https:\/\/www.enerjigazetesi.ist\/wp-content\/uploads\/2013\/04\/iklim-agi-sera-gazi-envanteri-turkiye.jpg 490w\" sizes=\"(max-width: 300px) 100vw, 300px\" \/><\/a><\/strong>\u0131 emisyonlar\u0131na y\u00f6nelik herhangi bir azalt\u0131m hedefi belirlemedi. Ek \u2013 1 stat\u00fcs\u00fcndeki di\u011fer \u00fclkeler 2012 y\u0131l\u0131na kadar sera gaz\u0131 sal\u0131mlar\u0131n\u0131 1990 seviyesinin en az % 5 alt\u0131na \u00e7ekme hedeflerini uygularken, 2011 y\u0131l\u0131 itibariyle T\u00fcrkiye\u2019nin sera gaz\u0131 emisyonlar\u0131 1990 seviyesine g\u00f6re <strong>% 124 oran\u0131nda<\/strong> artt\u0131.<\/p>\n<p>T\u00fcrkiye\u2019nin 2011 y\u0131l\u0131 sera gaz\u0131 sal\u0131mlar\u0131n\u0131n % 71\u2019i enerji, % 13\u2019\u00fc end\u00fcstriyel i\u015flemlerden kaynakland\u0131. \u015eu anda i\u00e7inde bulundu\u011fumuz s\u00fcre\u00e7te, g\u00fcne\u015f, r\u00fczg\u00e2r, jeotermal gibi T\u00fcrkiye\u2019nin y\u00fcksek potansiyele sahip oldu\u011fu yenilenebilir enerji kaynaklar\u0131na yap\u0131lacak yat\u0131r\u0131mlar\u0131n h\u0131zla art\u0131r\u0131lmas\u0131 gerekirken, iklim de\u011fi\u015fikli\u011fine, hava kirlili\u011fi ve sa\u011fl\u0131k sorunlar\u0131na sebep olan k\u00f6m\u00fcr kaynaklar\u0131na ve iklim de\u011fi\u015fikli\u011fine uyumu imk\u00e2ns\u0131z hale getiren \u0130stanbul\u2019a 3. K\u00f6pr\u00fc ve 3. Havaalan\u0131 gibi projelere yat\u0131r\u0131m yap\u0131lmas\u0131 gelecek i\u00e7in endi\u015fe verici.<\/p>\n<p><strong>Y\u0131ll\u0131k ki\u015fi ba\u015f\u0131 sera gaz\u0131 sal\u0131m miktar\u0131m\u0131z en fazla 2 ton olmal\u0131<\/strong><\/p>\n<p>2011 y\u0131l\u0131nda Durban\u2018da yap\u0131lan Birle\u015fmi\u015f Milletler Taraflar Konferans\u0131\u2019nda devletler, ortalama s\u0131cakl\u0131lardaki art\u0131\u015f\u0131 2 C<sup>0<\/sup>\u2019nin alt\u0131nda tutmak i\u00e7in anla\u015fm\u0131\u015flard\u0131. Bunun hayata ge\u00e7ebilmesi i\u00e7in y\u0131ll\u0131k ki\u015fi ba\u015f\u0131 sera gaz\u0131 sal\u0131m miktar\u0131m\u0131z en fazla 2 ton olmal\u0131. Bilim insanlar\u0131, k\u00fcresel \u00f6l\u00e7ekte ortalama 4 ton olan ki\u015fi ba\u015f\u0131na sera gaz\u0131 sal\u0131m 2 tona indirmedi\u011fimiz takdirde iklim de\u011fi\u015fikli\u011finin y\u0131k\u0131c\u0131 etkilerinin \u00f6n\u00fcne ge\u00e7mek i\u00e7in \u00e7ok ge\u00e7 kalaca\u011f\u0131m\u0131z\u0131 belirtiyorlar. Ancak, 2011 y\u0131l\u0131 verilerine bakt\u0131\u011f\u0131m\u0131zda, T\u00fcrkiye\u2019de ki\u015fi ba\u015f\u0131na sera gaz\u0131 sal\u0131m miktar\u0131n\u0131n 5,7 tona ula\u015ft\u0131\u011f\u0131n\u0131 g\u00f6r\u00fcyoruz. T\u00fcrkiye, bu konuda hemen harekete ge\u00e7mezse, sera gaz\u0131 azalt\u0131m hedefi koymu\u015f \u00fclkeleri k\u0131sa zamanda ge\u00e7erek liste ba\u015f\u0131 olabilir.<\/p>\n<p><strong>T\u00fcrkiye k\u00fcresel \u00e7\u00f6z\u00fcm\u00fcn par\u00e7as\u0131 olma f\u0131rsat\u0131n\u0131 ka\u00e7\u0131r\u0131yor<\/strong><\/p>\n<p>T\u00fcrkiye iklim de\u011fi\u015fikli\u011fi konusunda, tarihsel sorumlulu\u011fu bulunmad\u0131\u011f\u0131n\u0131 belirterek, <strong>sera gaz\u0131 azalt\u0131m hedefi<\/strong> belirlemiyor. Ancak, ge\u00e7ti\u011fimiz g\u00fcnlerde iklim de\u011fi\u015fikli\u011finde tarihsel sorumlulu\u011fu en az olan \u201cEn Az Geli\u015fmi\u015f\u201d 49 \u00fclke bile sera gaz\u0131 azalt\u0131m kararlar\u0131n\u0131 a\u00e7\u0131klad\u0131lar. Bunun yan\u0131 s\u0131ra, G8 \u00fcyesi devletler, iklim de\u011fi\u015fikli\u011fi ile m\u00fccadele i\u00e7in sera gaz\u0131 sal\u0131mlar\u0131n\u0131 azaltmay\u0131 bir \u00f6ncelik olarak belirlediklerini duyurdular. Hemen arkas\u0131ndan, T\u00fcrkiye\u2019nin \u201c\u00f6nce onlar harekete ge\u00e7sin\u201d dedi\u011fi \u00c7in ve Amerika Birle\u015fik Devletleri, iklim de\u011fi\u015fikli\u011fi ile m\u00fccadele i\u00e7in ortak bir \u00e7al\u0131\u015fma grubu kurduklar\u0131n\u0131 a\u00e7\u0131klad\u0131lar.<\/p>\n<p>T\u00fcm d\u00fcnya \u00fclkeleri, iklim de\u011fi\u015fikli\u011fi ile m\u00fccadele i\u00e7in sera gaz\u0131 azalt\u0131m hedefleri \u00e7er\u00e7evesinde harekete ge\u00e7erken; T\u00fcrkiye \u201cbekle ve g\u00f6r\u201d politikas\u0131 ile yaln\u0131zca iklim de\u011fi\u015fikli\u011fini h\u0131zland\u0131rmakla kalm\u0131yor; ayn\u0131 zamanda k\u00fcresel \u00e7\u00f6z\u00fcm\u00fcn par\u00e7as\u0131 olma f\u0131rsat\u0131n\u0131 ka\u00e7\u0131r\u0131yor.<\/p>\n<p>\u0130klim de\u011fi\u015fikli\u011fini durdurmak i\u00e7in T\u00fcrkiye\u2019nin tutarl\u0131 uyum politikalar\u0131n\u0131n yan\u0131 s\u0131ra acilen mutlak sera gaz\u0131 sal\u0131m azalt\u0131m hedefi koymas\u0131, bu hedefi <strong>enerji verimlili\u011fi<\/strong> ve <strong>yenilenebilir enerji<\/strong> hedefleri ile destekleyerek bu alanlardaki yat\u0131r\u0131mlar\u0131 desteklemesi gerekiyor\u201d<\/p>\n<p>Kaynak: <a href=\"http:\/\/www.yesilgazete.org\/blog\/2013\/04\/17\/iklim-agi-turkiye%e2%80%99nin-sera-gazi-envanterini-degerlendirdi\/\" target=\"_blank\">Ye\u015fil Ekonomi<\/a><\/p>","protected":false},"excerpt":{"rendered":"<p>Sorry, this entry is only available in Turkish. For the sake of viewer convenience, the content is shown below in the alternative language. You may click the link to switch the active language.T\u00fcrkiye\u2019deki sivil toplum kurulu\u015flar\u0131n\u0131n, iklim de\u011fi\u015fikli\u011fi konusunda ortak kayg\u0131lar\u0131n\u0131 ve \u00e7\u00f6z\u00fcm \u00f6nerilerini birlikte dile getirmek i\u00e7in kurduklar\u0131 \u201c\u0130klim A\u011f\u0131\u201d, T\u00fcrkiye\u2019nin ge\u00e7ti\u011fimiz g\u00fcn Birle\u015fmi\u015f [&hellip;]<\/p>\n","protected":false},"author":1,"featured_media":9838,"comment_status":"open","ping_status":"open","sticky":false,"template":"","format":"standard","meta":[],"categories":[53,52],"tags":[63,67,12,4615,1999,78,1370,4616,4614,105],"views":771,"_links":{"self":[{"href":"https:\/\/www.enerjigazetesi.ist\/en\/wp-json\/wp\/v2\/posts\/9837"}],"collection":[{"href":"https:\/\/www.enerjigazetesi.ist\/en\/wp-json\/wp\/v2\/posts"}],"about":[{"href":"https:\/\/www.enerjigazetesi.ist\/en\/wp-json\/wp\/v2\/types\/post"}],"author":[{"embeddable":true,"href":"https:\/\/www.enerjigazetesi.ist\/en\/wp-json\/wp\/v2\/users\/1"}],"replies":[{"embeddable":true,"href":"https:\/\/www.enerjigazetesi.ist\/en\/wp-json\/wp\/v2\/comments?post=9837"}],"version-history":[{"count":3,"href":"https:\/\/www.enerjigazetesi.ist\/en\/wp-json\/wp\/v2\/posts\/9837\/revisions"}],"predecessor-version":[{"id":9841,"href":"https:\/\/www.enerjigazetesi.ist\/en\/wp-json\/wp\/v2\/posts\/9837\/revisions\/9841"}],"wp:featuredmedia":[{"embeddable":true,"href":"https:\/\/www.enerjigazetesi.ist\/en\/wp-json\/wp\/v2\/media\/9838"}],"wp:attachment":[{"href":"https:\/\/www.enerjigazetesi.ist\/en\/wp-json\/wp\/v2\/media?parent=9837"}],"wp:term":[{"taxonomy":"category","embeddable":true,"href":"https:\/\/www.enerjigazetesi.ist\/en\/wp-json\/wp\/v2\/categories?post=9837"},{"taxonomy":"post_tag","embeddable":true,"href":"https:\/\/www.enerjigazetesi.ist\/en\/wp-json\/wp\/v2\/tags?post=9837"}],"curies":[{"name":"wp","href":"https:\/\/api.w.org\/{rel}","templated":true}]}}