{"id":98225,"date":"2019-09-03T13:45:51","date_gmt":"2019-09-03T10:45:51","guid":{"rendered":"https:\/\/www.enerjigazetesi.ist\/?p=98225"},"modified":"2019-09-03T13:50:25","modified_gmt":"2019-09-03T10:50:25","slug":"madenciler-soruyor-madensiz-yasam-mumkun-mu","status":"publish","type":"post","link":"https:\/\/www.enerjigazetesi.ist\/en\/madenciler-soruyor-madensiz-yasam-mumkun-mu\/","title":{"rendered":"(Turkish) Madenciler Soruyor; &#8220;Madensiz Ya\u015fam M\u00fcmk\u00fcn m\u00fc?&#8221;"},"content":{"rendered":"<p class=\"qtranxs-available-languages-message qtranxs-available-languages-message-en\">Sorry, this entry is only available in <a href=\"https:\/\/www.enerjigazetesi.ist\/tr\/wp-json\/wp\/v2\/posts\/98225\" class=\"qtranxs-available-language-link qtranxs-available-language-link-tr\" title=\"Turkish\">Turkish<\/a>. For the sake of viewer convenience, the content is shown below in the alternative language. You may click the link to switch the active language.<\/p><p><\/p>\n<h1><strong>T\u00fcrkiye&#8217;de madencilik sekt\u00f6r\u00fcnde faaliyet g\u00f6steren birlik ve STK Ba\u015fkanlar\u0131 madencilik sekt\u00f6r\u00fcnde ya\u015fanan sorunlar i\u00e7in seslerini duyurmaya devam ediyor. Sekt\u00f6r temsilcileri \u201cMadenler i\u015fletilirse de\u011ferlidir&#8221; \u00fcst ba\u015fl\u0131\u011f\u0131 ile ortak bir a\u00e7\u0131klama yaparken \u0130stanbul Maden \u0130hracat\u00e7\u0131lar\u0131 Birli\u011fi Ba\u015fkan\u0131 Ayd\u0131n Din\u00e7er, \u00fclke olarak madencilikte d\u0131\u015fa ba\u011f\u0131ml\u0131\u011f\u0131m\u0131z\u0131n her y\u0131l 25 milyar dolar seviyesinde oldu\u011funu s\u00f6yledi.\u00a0 Din\u00e7er, b<\/strong><strong>ug\u00fcn refah d\u00fczeyi y\u00fcksek \u00fclkelerin enerji ve maden ihtiya\u00e7lar\u0131n\u0131\u00a0kendi kaynaklar\u0131 ile kar\u015f\u0131lad\u0131\u011f\u0131n\u0131 dolay\u0131s\u0131yla madenlerimizi s\u00fcrd\u00fcr\u00fclebilir madencilik anlay\u0131\u015f\u0131yla yery\u00fcz\u00fcne \u00e7\u0131karman\u0131n \u00e7ok \u00f6nemli oldu\u011funu belirtti.<\/strong><\/h1>\n<p>T\u00fcrkiye&#8217;de madencilik sekt\u00f6r\u00fcnde faaliyet g\u00f6steren birlik ve STK Ba\u015fkanlar\u0131, ya\u015fanan sorun ve s\u0131k\u0131nt\u0131lar <img loading=\"lazy\" class=\"size-medium wp-image-98227 alignright\" src=\"https:\/\/www.enerjigazetesi.ist\/wp-content\/uploads\/2019\/09\/madenciler-soruyor-madensiz-yasam-mumkun-mu2-274x300.jpg\" alt=\"\" width=\"274\" height=\"300\" srcset=\"https:\/\/www.enerjigazetesi.ist\/wp-content\/uploads\/2019\/09\/madenciler-soruyor-madensiz-yasam-mumkun-mu2-274x300.jpg 274w, https:\/\/www.enerjigazetesi.ist\/wp-content\/uploads\/2019\/09\/madenciler-soruyor-madensiz-yasam-mumkun-mu2-366x400.jpg 366w, https:\/\/www.enerjigazetesi.ist\/wp-content\/uploads\/2019\/09\/madenciler-soruyor-madensiz-yasam-mumkun-mu2-46x50.jpg 46w, https:\/\/www.enerjigazetesi.ist\/wp-content\/uploads\/2019\/09\/madenciler-soruyor-madensiz-yasam-mumkun-mu2.jpg 446w\" sizes=\"(max-width: 274px) 100vw, 274px\" \/>i\u00e7in kamuoyunu bilgilendirmeye devam ediyor. Bir s\u00fcredir \u00fclke g\u00fcndeminde yer alan bir projenin t\u00fcm madencilik sekt\u00f6r\u00fcne fatura edilmesini \u00fcz\u00fcnt\u00fc ve endi\u015fe ile izlediklerini a\u00e7\u0131klayan sekt\u00f6r temsilcileri, s\u00fcrd\u00fcr\u00fclebilir bir d\u00fcnya i\u00e7in \u201c<strong>maden\u201d veya \u201c\u00e7evre&#8221; <\/strong>demediklerinin alt\u0131n\u0131 \u00e7iziyor. <strong>\u0130M\u0130B Ba\u015fkan\u0131 Ayd\u0131n Din\u00e7er <\/strong>ise s\u00fcrd\u00fcr\u00fclebilir madencilik i\u00e7in herkesin belirlenen k\u0131rm\u0131z\u0131\u00e7izgilere uymas\u0131 gerekti\u011fine vurgu yapt\u0131.<\/p>\n<h2><strong>\u201cT\u00fcrkiye madencilik yapmak zorunda\u201d<\/strong><\/h2>\n<p><strong>\u0130M\u0130B Ba\u015fkan\u0131 Din\u00e7er<\/strong> ve di\u011fer birlik ve STK Ba\u015fkanlar\u0131, madenciler olarak \u201cmaden veya \u00e7evre\u201d demediklerini bunu dediklerinde birinden vazge\u00e7mi\u015f olacaklar\u0131n\u0131 s\u00f6yledi. Sekt\u00f6r\u00fcn \u201cne madenden\u201d \u201cne de \u00e7evreden\u201d vazge\u00e7ebilece\u011finin alt\u0131n\u0131 \u00e7izen <strong>Din\u00e7er<\/strong>, s\u00fcrd\u00fcr\u00fclebilir madencilik i\u00e7in herkesin belirlenen k\u0131rm\u0131z\u0131 \u00e7izgilere uymas\u0131 gerekti\u011fine vurgu yapt\u0131.\u00a0 <strong>Din\u00e7er,<\/strong> s\u00fcrd\u00fcr\u00fclebilir madencili\u011fin temel ta\u015f\u0131n\u0131n i\u015f sa\u011fl\u0131\u011f\u0131 ve g\u00fcvenli\u011fi oldu\u011funu ve bunun i\u00e7in 360 derece e\u011fitimlerin verilmesi gerekti\u011fine inand\u0131klar\u0131n\u0131 da belirtti. D\u00fcnyada en a\u011f\u0131r ve riskli sekt\u00f6rlerden biri olan madencili\u011fin ihracat hedeflerine ula\u015fmas\u0131 i\u00e7in de \u00e7al\u0131\u015fmalar\u0131n i\u015f sa\u011fl\u0131\u011f\u0131 ve g\u00fcvenli\u011fine uygun \u00e7al\u0131\u015fmas\u0131 gerekti\u011fini kaydeden <strong>Din\u00e7er<\/strong>, sekt\u00f6r\u00fcn ge\u00e7ti\u011fimiz y\u0131l 5 milyar dolar ihracat ger\u00e7ekle\u015ftirdi\u011fini bu y\u0131l bu rakam\u0131 bir \u00fcst banda \u00e7\u0131karmak i\u00e7in \u00e7al\u0131\u015ft\u0131klar\u0131n\u0131 s\u00f6yledi.<\/p>\n<h2><strong>\u201cMadencilikte d\u0131\u015fa ba\u011f\u0131ml\u0131l\u0131\u011f\u0131m\u0131z giderek artmaktad\u0131r\u201d<\/strong><\/h2>\n<p>Bug\u00fcn sekt\u00f6re yat\u0131r\u0131m yapan yat\u0131r\u0131mc\u0131lar ve madenciler hedef g\u00f6sterildi\u011fi takdirde,\u00a0 \u00fclkemizin enerji kaynaklar\u0131 \u00f6zelinde d\u0131\u015fa ba\u011f\u0131ml\u0131l\u0131ktan nas\u0131l kurtulaca\u011f\u0131n\u0131n sorgulanmas\u0131 gerekti\u011fini aktaran <strong>sekt\u00f6r<\/strong> <strong>temsilcileri<\/strong>; \u201c<em>Madencilikte d\u0131\u015fa ba\u011f\u0131ml\u0131l\u0131\u011f\u0131m\u0131z giderek artmaktad\u0131r. \u00dclke olarak toplam ithalat\u0131m\u0131z\u0131n yakla\u015f\u0131k y\u00fczde 75\u2019i enerji, hammadde ve ara mal kalemlerinden olu\u015fmaktad\u0131r. \u0130htiya\u00e7 duydu\u011fumuz enerji kaynaklar\u0131n\u0131 ve metalleri d\u0131\u015far\u0131dan sat\u0131n almak i\u00e7in her ge\u00e7en y\u0131l \u00e7ok b\u00fcy\u00fck bedel \u00f6d\u00fcyoruz. \u00dclkemiz ithal k\u00f6m\u00fcr, demir cevheri, alt\u0131n, bak\u0131r, kur\u015fun, \u00e7inko ve bir\u00e7ok maden ve metale her y\u0131l yakla\u015f\u0131k 25 Milyar USD bedel \u00f6d\u00fcyor. Kendi maden potansiyelimizi de\u011ferlendirmede ciddi sorunlar ya\u015fad\u0131k\u00e7a bu bedel her ge\u00e7en g\u00fcn daha da artacakt\u0131r<\/em>\u201d\u00a0 de\u011ferlendirmesinde bulundu.<\/p>\n<p style=\"text-align: center;\"><img loading=\"lazy\" class=\" wp-image-98228 aligncenter\" src=\"https:\/\/www.enerjigazetesi.ist\/wp-content\/uploads\/2019\/09\/madenciler-soruyor-madensiz-yasam-mumkun-mu.jpg\" alt=\"\" width=\"645\" height=\"266\" \/><\/p>\n<h2><strong>\u201cMadencilikte t\u00fcm s\u00fcre\u00e7ler izne tabidir\u201d<\/strong><\/h2>\n<p>\u00dclkemizde bir maden ruhsat sahas\u0131nda arama ve i\u015fletme faaliyetinde bulunabilmek i\u00e7in \u00f6ncelikle yasalara uygun \u015fartlar\u0131n sa\u011flanmas\u0131 ile maden ruhsat\u0131 al\u0131nd\u0131\u011f\u0131n\u0131n alt\u0131n\u0131 \u00e7izen temsilciler, bu ruhsata dayal\u0131 olarak faaliyet ger\u00e7ekle\u015ftirilmesi i\u00e7in yine \u00e7evre, orman mevzuatlar\u0131na ve di\u011fer yasalara uygun \u015fekilde devletin ilgili kurumlar\u0131nca izinlerin verilmesi halinde madencilik tekni\u011fine uygun olarak faaliyet ger\u00e7ekle\u015ftirildi\u011fini aktard\u0131. <strong>Temsilciler,<\/strong> \u201c<em>Madencilik faaliyetlerinin t\u00fcm a\u015famalar\u0131 i\u00e7in ayr\u0131 ayr\u0131 ilgili kurumlardan izin al\u0131nmakta ve faaliyetler t\u00fcm bu kurumlar\u0131n g\u00f6zetim ve denetimi alt\u0131nda y\u00fcr\u00fct\u00fclmektedir. Ayr\u0131ca verilen t\u00fcm ruhsat ve izinlere kar\u015f\u0131 herkes yarg\u0131ya ba\u015fvurabilmektedir. Kamuoyunda tart\u0131\u015fmaya a\u00e7\u0131lan madencilik projelerinin bir\u00e7o\u011funda yarg\u0131ya ba\u015fvurma hakk\u0131 kullan\u0131lm\u0131\u015f, yarg\u0131n\u0131n verdi\u011fi karar do\u011frultusunda s\u00fcre\u00e7 i\u015flemi\u015f, kesinle\u015fen yarg\u0131 karar\u0131 do\u011frultusunda ya madencilik faaliyetine ba\u015flanmam\u0131\u015f veya faaliyetler durdurulmu\u015f ya da faaliyetlere ba\u015flanm\u0131\u015f veya devam edilmi\u015ftir. Hukukun \u00fcst\u00fcnl\u00fc\u011f\u00fcne, hukuk devleti ilkesine inanan madenciler olarak bu s\u00fcre\u00e7ler sonunda faaliyete ge\u00e7en i\u015fletmelerin faaliyetlerinin hukuk kurallar\u0131 d\u0131\u015f\u0131na \u00e7\u0131k\u0131larak engellenmeye \u00e7al\u0131\u015f\u0131lmas\u0131n\u0131, protesto hakk\u0131n\u0131 a\u015farak i\u015fletmelere fiziki m\u00fcdahalelerde bulunulmas\u0131n\u0131 anlamakta g\u00fc\u00e7l\u00fck \u00e7ekiyoruz\u201d <\/em>diye konu\u015ftu.<\/p>\n<h2><strong>Madensiz ya\u015fam m\u00fcmk\u00fcn m\u00fc?<\/strong><\/h2>\n<p>Modern hayat\u0131n can damar\u0131n\u0131 olu\u015fturan madenlerin, ya\u015fad\u0131\u011f\u0131m\u0131z ev, kulland\u0131\u011f\u0131m\u0131z telefon, su i\u00e7ti\u011fimiz bardak, tabak, cam, televizyon, bilgisayar, otomobil, u\u00e7ak, geminin yap\u0131m\u0131nda kullan\u0131ld\u0131\u011f\u0131n\u0131 aktaran birlik ve <strong>sekt\u00f6r temsilcileri<\/strong>, \u015funlar\u0131 kaydetti: \u201c<em>Madencilik sadece hayat\u0131 kolayla\u015ft\u0131ran \u00fcr\u00fcnlerin yap\u0131m\u0131nda de\u011fil, insan\u0131n hayatta kalmas\u0131 i\u00e7in elzem olan t\u0131p ve g\u0131da sekt\u00f6rlerini de do\u011frudan etkiliyor. E\u011fer bug\u00fcn telefon, televizyon, buzdolab\u0131, bilgisayar, elektrik, kalorifer sistemi, araba, tren, k\u00f6pr\u00fc, hastane, modern sa\u011fl\u0131k hizmetleri, bankac\u0131l\u0131k sistemleri, kolay ula\u015f\u0131labilir g\u0131da gibi hayat kalitesini art\u0131ran ve insan\u0131n ya\u015fam s\u00fcresini uzatan t\u00fcm geli\u015fmi\u015f olanaklardan vazge\u00e7ebileceksek madencilik olmadan ya\u015famak belki m\u00fcmk\u00fcn olabilir. Aksi halde konu\u015fulmas\u0131 insanl\u0131\u011f\u0131n ad\u0131na ve faydas\u0131na olan en \u00f6nemli konu, madencili\u011fin do\u011fru yap\u0131lmas\u0131d\u0131r. Do\u011fru madencilik i\u00e7in kast edilense do\u011fal kaynaklar\u0131n s\u00fcrd\u00fcr\u00fclebilir \u00fcretimi, \u00e7evresel etkilerin y\u00f6netimi ve g\u00fcvenli \u00fcretimdir.\u00a0 Asl\u0131na bakarsan\u0131z g\u00fcn\u00fcm\u00fcz d\u00fcnyas\u0131nda madensiz ya\u015fam medeniyet d\u00f6ng\u00fcs\u00fc sebebiyle olanaks\u0131z hale gelmi\u015ftir. Daha refah dolu bir ya\u015fam iste\u011fi, yer kabu\u011fundan daha fazla maden \u00e7\u0131kar\u0131lmas\u0131na yol a\u00e7maktad\u0131r \u00c7\u00fcnk\u00fc g\u00fcnl\u00fck ya\u015fam\u0131m\u0131zda kulland\u0131\u011f\u0131m\u0131z t\u00fcm ara\u00e7 ve gere\u00e7ler yer kabu\u011funun derinliklerinde bulunan madenlerden yap\u0131lmaktad\u0131r.<\/em>\u201d<\/p>\n<p>Sekt\u00f6r temsilcileri,\u00a0 madenlerin \u00e7\u0131kar\u0131lamayaca\u011f\u0131 alanlar hakk\u0131nda da bilgi vererek \u015funlar\u0131 kaydettiler: &#8220;<em>Madenler nerede ise oradan \u00e7\u0131kar\u0131lmak zorundad\u0131r. Yer kabu\u011funu kazmadan, yer kabu\u011funun derinliklerindeki kaya\u00e7lar\u0131n i\u00e7inde g\u00f6m\u00fcl\u00fc olan madenleri bulundu\u011fu yerden \u00e7\u0131karamay\u0131z. Ancak baz\u0131 alanlarda da madencilik faaliyetlerine \u00fclkemizde kesinlikle izin verilmemektedir.\u00a0 Bu alanlar; muhafaza ormanlar\u0131, \u00f6zel \u00e7evre koruma b\u00f6lgeleri, milli parklar, yaban hayat\u0131 koruma ve geli\u015ftirme sahalar\u0131, i\u00e7me suyu barajlar\u0131n\u0131n mutlak ve k\u0131sa mesafe koruma alanlar\u0131, sit alanlar\u0131 vb. di\u011fer alanlard\u0131r.&#8221;<\/em><\/p>","protected":false},"excerpt":{"rendered":"<p>Sorry, this entry is only available in Turkish. For the sake of viewer convenience, the content is shown below in the alternative language. You may click the link to switch the active language. T\u00fcrkiye&#8217;de madencilik sekt\u00f6r\u00fcnde faaliyet g\u00f6steren birlik ve STK Ba\u015fkanlar\u0131 madencilik sekt\u00f6r\u00fcnde ya\u015fanan sorunlar i\u00e7in seslerini duyurmaya devam ediyor. Sekt\u00f6r temsilcileri \u201cMadenler i\u015fletilirse [&hellip;]<\/p>\n","protected":false},"author":1,"featured_media":98228,"comment_status":"open","ping_status":"open","sticky":false,"template":"","format":"standard","meta":[],"categories":[53,24649],"tags":[2347,39889,7460,53978,25365,52259,56096,9326,9325,1374,31439,53315,56097],"views":491,"_links":{"self":[{"href":"https:\/\/www.enerjigazetesi.ist\/en\/wp-json\/wp\/v2\/posts\/98225"}],"collection":[{"href":"https:\/\/www.enerjigazetesi.ist\/en\/wp-json\/wp\/v2\/posts"}],"about":[{"href":"https:\/\/www.enerjigazetesi.ist\/en\/wp-json\/wp\/v2\/types\/post"}],"author":[{"embeddable":true,"href":"https:\/\/www.enerjigazetesi.ist\/en\/wp-json\/wp\/v2\/users\/1"}],"replies":[{"embeddable":true,"href":"https:\/\/www.enerjigazetesi.ist\/en\/wp-json\/wp\/v2\/comments?post=98225"}],"version-history":[{"count":0,"href":"https:\/\/www.enerjigazetesi.ist\/en\/wp-json\/wp\/v2\/posts\/98225\/revisions"}],"wp:featuredmedia":[{"embeddable":true,"href":"https:\/\/www.enerjigazetesi.ist\/en\/wp-json\/wp\/v2\/media\/98228"}],"wp:attachment":[{"href":"https:\/\/www.enerjigazetesi.ist\/en\/wp-json\/wp\/v2\/media?parent=98225"}],"wp:term":[{"taxonomy":"category","embeddable":true,"href":"https:\/\/www.enerjigazetesi.ist\/en\/wp-json\/wp\/v2\/categories?post=98225"},{"taxonomy":"post_tag","embeddable":true,"href":"https:\/\/www.enerjigazetesi.ist\/en\/wp-json\/wp\/v2\/tags?post=98225"}],"curies":[{"name":"wp","href":"https:\/\/api.w.org\/{rel}","templated":true}]}}