{"id":98219,"date":"2019-09-22T00:38:34","date_gmt":"2019-09-21T21:38:34","guid":{"rendered":"https:\/\/www.enerjigazetesi.ist\/?p=98219"},"modified":"2019-09-24T01:07:54","modified_gmt":"2019-09-23T22:07:54","slug":"kamu-bilgi-ve-iletisim-teknolojileri-konferansi-9-ekim-2019da-duzenleniyor","status":"publish","type":"post","link":"https:\/\/www.enerjigazetesi.ist\/en\/kamu-bilgi-ve-iletisim-teknolojileri-konferansi-9-ekim-2019da-duzenleniyor\/","title":{"rendered":"(Turkish) &#8217;Kamu Bilgi ve \u0130leti\u015fim Teknolojileri Konferans\u0131&#8217; 9 Ekim 2019&#8217;da D\u00fczenleniyor"},"content":{"rendered":"<p class=\"qtranxs-available-languages-message qtranxs-available-languages-message-en\">Sorry, this entry is only available in <a href=\"https:\/\/www.enerjigazetesi.ist\/tr\/wp-json\/wp\/v2\/posts\/98219\" class=\"qtranxs-available-language-link qtranxs-available-language-link-tr\" title=\"Turkish\">Turkish<\/a>. For the sake of viewer convenience, the content is shown below in the alternative language. You may click the link to switch the active language.<\/p><p><\/p>\n<h1><strong>Kamu Bilgi ve \u0130leti\u015fim Teknolojileri Konferans\u0131; Sekt\u00f6r\u00fcn\u00a0Yeni Bulu\u015fma Noktas\u0131!<\/strong><\/h1>\n<p>&nbsp;<\/p>\n<h1>T.C.\u00a0Sanayi ve Teknoloji Bakanl\u0131\u011f\u0131 himayesindeki Bili\u015fim Vadisi ve EFF Organizasyon Limited \u015eirketi&#8217;nin 9 Ekim\u00a02019&#8217;da Bili\u015fim Vadisi&#8217;nde Kamu ve \u00f6zel sekt\u00f6rden\u00a0450+\u00a0\u00fcst d\u00fczey y\u00f6neticinin kat\u0131l\u0131m\u0131 ile\u00a0ger\u00e7ekle\u015ftirece\u011fi\u00a0<a href=\"http:\/\/www.gictc.net\/\">Kamu Bilgi ve \u0130leti\u015fim Teknolojileri Konferans\u0131<\/a>\u00a0Marmara b\u00f6lgesinin en etkili ve kapsaml\u0131\u00a0Bilgi ve \u0130leti\u015fim Teknolojileri Etkinli\u011fi olmaya aday g\u00f6steriliyor.<\/h1>\n<p>Dijital D\u00f6n\u00fc\u015f\u00fcm, Dijital D\u00f6n\u00fc\u015f\u00fcm Yol Haritas\u0131, End\u00fcstri 4.0, Yapay Zeka, IoT Teknolojisi ve Stratejileri, Ak\u0131ll\u0131 \u015eehirler, End\u00fcstriyel Ak\u0131ll\u0131 \u00dcretim, Siber G\u00fcvenlik, Ki\u015fisel Verilerin Korunmas\u0131 Kanunu, Dijital Para Birimleri ve Teknolojileri, Son Teknoloji Deneyimleri\u00a0gibi konular\u0131n tart\u0131\u015f\u0131laca\u011f\u0131 etkinlikte;\u00a0T\u00fcrkiye <img loading=\"lazy\" class=\"alignright size-medium wp-image-98221\" src=\"https:\/\/www.enerjigazetesi.ist\/wp-content\/uploads\/2019\/09\/kamu-bilgi-ve-iletisim-teknolojileri-konferansi-9-ekim-2019da-duzenleniyor-300x225.jpg\" alt=\"\" width=\"300\" height=\"225\" srcset=\"https:\/\/www.enerjigazetesi.ist\/wp-content\/uploads\/2019\/09\/kamu-bilgi-ve-iletisim-teknolojileri-konferansi-9-ekim-2019da-duzenleniyor-300x225.jpg 300w, https:\/\/www.enerjigazetesi.ist\/wp-content\/uploads\/2019\/09\/kamu-bilgi-ve-iletisim-teknolojileri-konferansi-9-ekim-2019da-duzenleniyor-500x375.jpg 500w, https:\/\/www.enerjigazetesi.ist\/wp-content\/uploads\/2019\/09\/kamu-bilgi-ve-iletisim-teknolojileri-konferansi-9-ekim-2019da-duzenleniyor-67x50.jpg 67w, https:\/\/www.enerjigazetesi.ist\/wp-content\/uploads\/2019\/09\/kamu-bilgi-ve-iletisim-teknolojileri-konferansi-9-ekim-2019da-duzenleniyor.jpg 651w\" sizes=\"(max-width: 300px) 100vw, 300px\" \/>Cumhuriyeti Bakanl\u0131klar\u0131ndan,\u00a0Belediyelerden,\u00a0\u00dcniversitelerden,\u00a0\u0130dare Ba\u015fkanl\u0131klar\u0131ndan, Sanayi Odalar\u0131 ve\u00a0Ticaret Odalar\u0131ndan, Teknoloji Sa\u011flay\u0131c\u0131 firmalardan, Son Kullan\u0131c\u0131 firmalardan, Operat\u00f6rlerden,\u00a0Bankalardan ve daha bir\u00e7ok ilgili sekt\u00f6rden\u00a0kat\u0131l\u0131mc\u0131lar bulunacakt\u0131r.<\/p>\n<p><strong>STM, Vestel, Logo Yaz\u0131l\u0131m, Bili\u015fim A.\u015e, logitech, Casper, Btc T\u00fcrk,\u00a0Uptime, Canovate, Ortem, \u0130nforte , TRENND Micro, bvk, Koda-A, Kaspersky, Luna, T\u00dcRKSAT,\u00a0T\u00fcrkiye Bili\u015fim Derne\u011fi, Gebze Teknik \u00dcniversitesi, BThaber\u00a0gibi sponsorlar\u0131n yan\u0131nda; T.C. Sa\u011fl\u0131k Bakanl\u0131\u011f\u0131, T.C. Sanayi ve Teknoloji Bakanl\u0131\u011f\u0131, ISO, Tubitak, STM, Vestel gibi kurumlardan\u00a0\u00fcst d\u00fczey y\u00f6neticiler Konu\u015fmac\u0131 olarak yer alacakt\u0131r.<\/strong><\/p>\n<p>Sizler de bu etkinli\u011fe kat\u0131lmak, m\u00fc\u015fteri a\u011f\u0131n\u0131z\u0131 geni\u015fletmek, markan\u0131z\u0131n g\u00f6r\u00fcn\u00fcrl\u00fc\u011f\u00fcn\u00fc artt\u0131rmak, \u00fcr\u00fcn ve hizmetlerinizi Karar vericilere\u00a0sergilemek ve uzmanl\u0131\u011f\u0131n\u0131z\u0131 payla\u015fmak istiyorsan\u0131z ilgili ekip ile <span style=\"text-decoration: underline;\">ileti\u015fime ge\u00e7ebilirsiniz;<\/span><\/p>\n<p><span style=\"color: #993300;\"><strong>Tel:<\/strong><\/span> +90 (212) 659 5464\u00a0&#8211; <span style=\"color: #993300;\"><strong>Gsm:<\/strong><\/span> +90 (533) 132 36 90\u00a0&#8211;<span style=\"color: #993300;\"><strong> Web:<\/strong><\/span> <a href=\"http:\/\/www.gictc.net\/\" target=\"_blank\" rel=\"noopener\">www.gictc.net<\/a>\u00a0&#8211; <span style=\"color: #993300;\"><strong>Mail:<\/strong><\/span>\u00a0<a href=\"mailto:info@gictc.net\" target=\"_blank\" rel=\"noopener\">info@gictc.net<\/a><\/p>","protected":false},"excerpt":{"rendered":"<p>Sorry, this entry is only available in Turkish. For the sake of viewer convenience, the content is shown below in the alternative language. You may click the link to switch the active language. Kamu Bilgi ve \u0130leti\u015fim Teknolojileri Konferans\u0131; Sekt\u00f6r\u00fcn\u00a0Yeni Bulu\u015fma Noktas\u0131! &nbsp; T.C.\u00a0Sanayi ve Teknoloji Bakanl\u0131\u011f\u0131 himayesindeki Bili\u015fim Vadisi ve EFF Organizasyon Limited \u015eirketi&#8217;nin [&hellip;]<\/p>\n","protected":false},"author":1,"featured_media":98221,"comment_status":"open","ping_status":"open","sticky":false,"template":"","format":"standard","meta":[],"categories":[53,157],"tags":[5332,56073,56081,56068,56071,56070,56084,56095,56090,56086,56083,31910,56074,56078,26689,56076,52259,45675,56088,56075,56069,56072,56092,56077,56091,56082,56080,48624,56087,16303,56079,48627,56089,56094,56093,56085,720,30764],"views":554,"_links":{"self":[{"href":"https:\/\/www.enerjigazetesi.ist\/en\/wp-json\/wp\/v2\/posts\/98219"}],"collection":[{"href":"https:\/\/www.enerjigazetesi.ist\/en\/wp-json\/wp\/v2\/posts"}],"about":[{"href":"https:\/\/www.enerjigazetesi.ist\/en\/wp-json\/wp\/v2\/types\/post"}],"author":[{"embeddable":true,"href":"https:\/\/www.enerjigazetesi.ist\/en\/wp-json\/wp\/v2\/users\/1"}],"replies":[{"embeddable":true,"href":"https:\/\/www.enerjigazetesi.ist\/en\/wp-json\/wp\/v2\/comments?post=98219"}],"version-history":[{"count":0,"href":"https:\/\/www.enerjigazetesi.ist\/en\/wp-json\/wp\/v2\/posts\/98219\/revisions"}],"wp:featuredmedia":[{"embeddable":true,"href":"https:\/\/www.enerjigazetesi.ist\/en\/wp-json\/wp\/v2\/media\/98221"}],"wp:attachment":[{"href":"https:\/\/www.enerjigazetesi.ist\/en\/wp-json\/wp\/v2\/media?parent=98219"}],"wp:term":[{"taxonomy":"category","embeddable":true,"href":"https:\/\/www.enerjigazetesi.ist\/en\/wp-json\/wp\/v2\/categories?post=98219"},{"taxonomy":"post_tag","embeddable":true,"href":"https:\/\/www.enerjigazetesi.ist\/en\/wp-json\/wp\/v2\/tags?post=98219"}],"curies":[{"name":"wp","href":"https:\/\/api.w.org\/{rel}","templated":true}]}}