{"id":9820,"date":"2013-04-18T17:32:58","date_gmt":"2013-04-18T14:32:58","guid":{"rendered":"https:\/\/www.enerjigazetesi.ist\/?p=9820"},"modified":"2013-04-18T17:39:17","modified_gmt":"2013-04-18T14:39:17","slug":"enerji-verimliligi-icin-iyi-uygulamalari-paylasiyorlar","status":"publish","type":"post","link":"https:\/\/www.enerjigazetesi.ist\/en\/enerji-verimliligi-icin-iyi-uygulamalari-paylasiyorlar\/","title":{"rendered":"(Turkish) Enerji Verimlili\u011fi \u0130\u00e7in  &#8216;\u0130yi Uygulamalar\u0131&#8217; Payla\u015f\u0131yorlar&#8230;"},"content":{"rendered":"<p class=\"qtranxs-available-languages-message qtranxs-available-languages-message-en\">Sorry, this entry is only available in <a href=\"https:\/\/www.enerjigazetesi.ist\/tr\/wp-json\/wp\/v2\/posts\/9820\" class=\"qtranxs-available-language-link qtranxs-available-language-link-tr\" title=\"Turkish\">Turkish<\/a>. For the sake of viewer convenience, the content is shown below in the alternative language. You may click the link to switch the active language.<\/p><p><\/p>\n<div><strong>\u0130\u015f D\u00fcnyas\u0131 ve S\u00fcrd\u00fcr\u00fclebilir Kalk\u0131nma Derne\u011fi (SKD) 1 Nisan&#8217;da &#8220;Binalarda Enerji Verimlili\u011fi \u0130yi Uygulamalar Payla\u015f\u0131m Semineri&#8221;ni d\u00fczenledi. Garanti Bankas\u0131 E\u011fitim M\u00fcd\u00fcrl\u00fc\u011f\u00fc&#8217;nde ger\u00e7ekle\u015ftirilen seminerde, Garanti Bankas\u0131, Eczac\u0131ba\u015f\u0131 Holding (Kanyon) ve Vodafone T\u00fcrkiye, enerji verimlili\u011fi konusunda ger\u00e7ekle\u015ftirdikleri uygulamalar\u0131 ve projeleri payla\u015ft\u0131.<\/strong><\/div>\n<p><\/p>\n<div><\/div>\n<div><strong>Molinas: &#8220;Enerji verimlili\u011fi kurumlar\u0131n maliyetlerini d\u00fc\u015f\u00fcr\u00fcyor&#8221;<\/strong><\/div>\n<p><\/p>\n<div><\/div>\n<div>Seminerin a\u00e7\u0131l\u0131\u015f\u0131nda konu\u015fan SKD Ba\u015fkan\u0131 Galya Frayman Molinas, &#8220;enerji&#8221; konusunun en b\u00fcy\u00fck \u00f6ncelikleri aras\u0131nda yer ald\u0131\u011f\u0131n\u0131 belirterek, &#8220;SKD&#8217;nin 41 \u00fcye \u015firketinden 20 tanesinin Enerji \u00c7al\u0131\u015fma Grubu&#8217;nda g\u00f6rev almas\u0131 konunun bizim a\u00e7\u0131m\u0131zdan \u00f6nemini de ortaya koyuyor. Binalarda enerji t\u00fcketimi k\u00fcresel enerji t\u00fcketiminin y\u00fczde 40&#8217;\u0131n\u0131 olu\u015fturuyor. Bu t\u00fcketim sonucu ortaya \u00e7\u0131kan <strong>karbon ayak izi<\/strong>, ula\u015f\u0131m ara\u00e7lar\u0131nda ortaya \u00e7\u0131kan miktardan belirgin bi\u00e7imde fazla. Bu durum ba\u015fta i\u015f d\u00fcnyas\u0131 olmak \u00fczere toplumun t\u00fcm kesimlerini ilgilendiriyor&#8221; dedi.<\/div>\n<p><\/p>\n<div><\/div>\n<div>\n<div><a href=\"http:\/\/www.enve.com.tr\" target=\"_blank\"><strong>Enerji verimlili\u011fi<\/strong><\/a> konusunda at\u0131lacak ad\u0131mlar\u0131n, kurumlar\u0131n maliyetlerini olumlu etkileyece\u011fini ve \u00fclke ekonomisine katk\u0131 sa\u011flayaca\u011f\u0131n\u0131 vurgulayan Molinas \u015f\u00f6yle devam etti: &#8220;T\u00fcm bunlardan hareketle, D\u00fcnya S\u00fcrd\u00fcr\u00fclebilir Kalk\u0131n<a href=\"https:\/\/www.enerjigazetesi.ist\/wp-content\/uploads\/2013\/04\/skd_bev_toplugorsel.jpg\"><img loading=\"lazy\" class=\"alignright size-medium wp-image-9821\" title=\"skd_bev_toplugorsel\" src=\"https:\/\/www.enerjigazetesi.ist\/wp-content\/uploads\/2013\/04\/skd_bev_toplugorsel-300x187.jpg\" alt=\"\" width=\"300\" height=\"187\" srcset=\"https:\/\/www.enerjigazetesi.ist\/wp-content\/uploads\/2013\/04\/skd_bev_toplugorsel-300x187.jpg 300w, https:\/\/www.enerjigazetesi.ist\/wp-content\/uploads\/2013\/04\/skd_bev_toplugorsel-80x50.jpg 80w, https:\/\/www.enerjigazetesi.ist\/wp-content\/uploads\/2013\/04\/skd_bev_toplugorsel.jpg 412w\" sizes=\"(max-width: 300px) 100vw, 300px\" \/><\/a>ma \u0130\u015f Konseyi&#8217;nin (WBCSD) Binalarda Enerji Verimlili\u011fi projesini T\u00fcrkiye&#8217;ye uyarlad\u0131k. WBCSD \u2018Binalarda Enerji Verimlili\u011fi Bildirgesi&#8217;ni 2 y\u0131l \u00f6nce imzaya a\u00e7t\u0131.<\/div>\n<p><\/p>\n<div><\/div>\n<div>T\u00fcrkiye&#8217;de faaliyet g\u00f6steren pek \u00e7ok yabanc\u0131 sermayeli \u015firketin de aralar\u0131nda bulundu\u011fu 118 sayg\u0131n uluslararas\u0131 kurum bildirgeyi imzalad\u0131. Biz de, <strong>Binalarda Enerji Verimlili\u011fi Bildirgesi&#8217;nin<\/strong> amac\u0131n\u0131 duyurarak, \u00fcye firmalar\u0131m\u0131z ba\u015fta olmak \u00fczere t\u00fcm i\u015f d\u00fcnyas\u0131n\u0131 operasyonel binalar\u0131nda enerji verimlili\u011fini art\u0131rmaya davet ettik. \u015eu anda 24 tanesi \u00fcye firmam\u0131z olmak \u00fczere 26 firma bildirgeyi imzalad\u0131. Uzun vadede Binalarda Enerji Verimlili\u011fi uygulamas\u0131n\u0131 bir platform haline getirmeyi ama\u00e7l\u0131yoruz.&#8221;<\/div>\n<p><\/p>\n<div><\/div>\n<div><strong>Erdem: Yat\u0131r\u0131mc\u0131lar ve inovatif \u015firketler de platformda yer almal\u0131<\/strong><\/div>\n<p><\/p>\n<div><\/div>\n<div><strong>Enerji verimlili\u011fi<\/strong> konusunda, en iyi uygulamalar\u0131n artmas\u0131, yayg\u0131nla\u015ft\u0131r\u0131lmas\u0131, duyurulmas\u0131 ve bilgi payla\u015f\u0131m\u0131 konusunda \u00e7al\u0131\u015ft\u0131klar\u0131n\u0131 s\u00f6yleyen SKD Enerji \u00c7al\u0131\u015fma Grubu Ba\u015fkan\u0131 ve Y\u00f6netim Kurulu \u00dcyesi Ahmet Erdem, &#8220;\u00dclkemizin ve \u00e7ocuklar\u0131m\u0131z\u0131n gelece\u011fi i\u00e7in Binalarda Enerji Verimlili\u011fi Bildirgemizi imzalayan kurum say\u0131s\u0131n\u0131 artt\u0131rmak istiyoruz&#8221; dedi.<\/div>\n<p><\/p>\n<div><\/div>\n<div>Uzun vadede BEV bildirgesini imzalayan kurumlar\u0131n bir platform olu\u015fturmas\u0131n\u0131 arzu ettiklerini belirten Erdem \u015f\u00f6yle devam etti: &#8220;Bu platformda konuyla ilgili t\u00fcm taraflar\u0131n olmas\u0131n\u0131 istiyoruz. Yani yat\u0131r\u0131mc\u0131lar, enerji verimlili\u011fi konusunda inovatif \u00fcr\u00fcnlere sahip \u015firketler de platformda yerini almal\u0131. B\u00f6ylece hem bu \u00fcr\u00fcnlerin ve eko-yat\u0131r\u0131mlar\u0131n kendilerine uygun bir pazar bulmalar\u0131 sa\u011flanacak hem de BEV&#8217;i imzalayan kurumlara <strong>\u00f6zel indirimlerle<\/strong> \u015firketlerin enerji verimlili\u011fine <strong>ilgisi<\/strong> artt\u0131r\u0131lacak.&#8221;<\/div>\n<div><\/div>\n<p><\/p>\n<div>Erdem, Binalarda Enerji Verimlili\u011fi Bildirgesini imzalayan kurumlar\u0131n desteklenmesi ve imzac\u0131 kurumlar\u0131n artmas\u0131 i\u00e7in yat\u0131r\u0131m ve dan\u0131\u015fmanl\u0131k \u015firketlerinin deste\u011fi olmas\u0131 gerekti\u011fini kaydetti. May\u0131s ay\u0131nda \u00fcyelerine d\u00f6n\u00fck ikinci bir seminer daha d\u00fczenleyecek olan SKD, seminere, yat\u0131r\u0131m ve dan\u0131\u015fmanl\u0131k \u015firketlerini de davet edecek.<\/div>\n<div><\/div>\n<p><\/p>\n<div>Seminer BEV bildirgesini imzalayan kurulu\u015flara sertifikalar\u0131n\u0131n verilmesi ile sona erdi.<\/div>\n<\/div>\n<div><\/div>\n<div>Kaynak: <a href=\"http:\/\/www.dunya.com\/mobi\/news_detail.php?id=188691\" target=\"_blank\">D\u00fcnya.Com<\/a><\/div>\n<div><\/div>\n<p><\/p>","protected":false},"excerpt":{"rendered":"<p>Sorry, this entry is only available in Turkish. For the sake of viewer convenience, the content is shown below in the alternative language. You may click the link to switch the active language. \u0130\u015f D\u00fcnyas\u0131 ve S\u00fcrd\u00fcr\u00fclebilir Kalk\u0131nma Derne\u011fi (SKD) 1 Nisan&#8217;da &#8220;Binalarda Enerji Verimlili\u011fi \u0130yi Uygulamalar Payla\u015f\u0131m Semineri&#8221;ni d\u00fczenledi. Garanti Bankas\u0131 E\u011fitim M\u00fcd\u00fcrl\u00fc\u011f\u00fc&#8217;nde ger\u00e7ekle\u015ftirilen [&hellip;]<\/p>\n","protected":false},"author":1,"featured_media":9821,"comment_status":"open","ping_status":"open","sticky":false,"template":"","format":"standard","meta":[],"categories":[53,52],"tags":[4613,1794,4612,63,67,103,12,1803,1788,133,793],"views":659,"_links":{"self":[{"href":"https:\/\/www.enerjigazetesi.ist\/en\/wp-json\/wp\/v2\/posts\/9820"}],"collection":[{"href":"https:\/\/www.enerjigazetesi.ist\/en\/wp-json\/wp\/v2\/posts"}],"about":[{"href":"https:\/\/www.enerjigazetesi.ist\/en\/wp-json\/wp\/v2\/types\/post"}],"author":[{"embeddable":true,"href":"https:\/\/www.enerjigazetesi.ist\/en\/wp-json\/wp\/v2\/users\/1"}],"replies":[{"embeddable":true,"href":"https:\/\/www.enerjigazetesi.ist\/en\/wp-json\/wp\/v2\/comments?post=9820"}],"version-history":[{"count":14,"href":"https:\/\/www.enerjigazetesi.ist\/en\/wp-json\/wp\/v2\/posts\/9820\/revisions"}],"predecessor-version":[{"id":9836,"href":"https:\/\/www.enerjigazetesi.ist\/en\/wp-json\/wp\/v2\/posts\/9820\/revisions\/9836"}],"wp:featuredmedia":[{"embeddable":true,"href":"https:\/\/www.enerjigazetesi.ist\/en\/wp-json\/wp\/v2\/media\/9821"}],"wp:attachment":[{"href":"https:\/\/www.enerjigazetesi.ist\/en\/wp-json\/wp\/v2\/media?parent=9820"}],"wp:term":[{"taxonomy":"category","embeddable":true,"href":"https:\/\/www.enerjigazetesi.ist\/en\/wp-json\/wp\/v2\/categories?post=9820"},{"taxonomy":"post_tag","embeddable":true,"href":"https:\/\/www.enerjigazetesi.ist\/en\/wp-json\/wp\/v2\/tags?post=9820"}],"curies":[{"name":"wp","href":"https:\/\/api.w.org\/{rel}","templated":true}]}}