{"id":9815,"date":"2013-04-18T17:22:03","date_gmt":"2013-04-18T14:22:03","guid":{"rendered":"https:\/\/www.enerjigazetesi.ist\/?p=9815"},"modified":"2013-04-18T17:22:15","modified_gmt":"2013-04-18T14:22:15","slug":"borsa-istanbulu-elektrik-carpmasin-ii","status":"publish","type":"post","link":"https:\/\/www.enerjigazetesi.ist\/en\/borsa-istanbulu-elektrik-carpmasin-ii\/","title":{"rendered":"(Turkish) Borsa \u0130stanbul\u2019u Elektrik \u00c7arpmas\u0131n &#8211; II"},"content":{"rendered":"<p class=\"qtranxs-available-languages-message qtranxs-available-languages-message-en\">Sorry, this entry is only available in <a href=\"https:\/\/www.enerjigazetesi.ist\/tr\/wp-json\/wp\/v2\/posts\/9815\" class=\"qtranxs-available-language-link qtranxs-available-language-link-tr\" title=\"Turkish\">Turkish<\/a>. For the sake of viewer convenience, the content is shown below in the alternative language. You may click the link to switch the active language.<\/p><p><strong>Ge\u00e7en haftaki yaz\u0131m\u0131z\u0131n ba\u015fl\u0131\u011f\u0131 \u201cBorsa \u0130stanbul\u2019u elektrik \u00e7arpmas\u0131n\u201d idi. Yerimiz yetmedi, konunun as\u0131l s\u00f6ylemek istedi\u011fimiz y\u00f6nleri bu haftaya kald\u0131. Kald\u0131\u011f\u0131m\u0131z yerden devam edelim\u2026 Borsa \u0130stanbul b\u00fcnyesinde kurulacak elektrik piyasas\u0131n\u0131n eli kula\u011f\u0131nda.<\/strong><\/p>\n<p>Ama\u00e7, \u00fcreticiler, sat\u0131c\u0131lar ve de t\u00fcketiciler i\u00e7in elektrik fiyatlar\u0131nda gelece\u011fe y\u00f6nelik tahmin yapma imkan\u0131 sa\u011flamak. \u00dcretici daha iyi fiyattan sat\u0131\u015f yapabilmek i\u00e7in haz\u0131rl\u0131k yapacak, al\u0131\u015f-sat\u0131\u015f yapacak oyuncular, ini\u015f ve \u00e7\u0131k\u0131\u015flar\u0131 tahmin ederek daha iyi ticaret yapacak, t\u00fcketiciler ise enerji maliyetlerini minimize edebilmek i\u00e7in \u00f6nceden pozisyon alacak. \u00d6rne\u011fin bir sanayici, \u00f6n\u00fcm\u00fczdeki \u00fc\u00e7 y\u0131l boyunca enerji maliyetlerini sabitleyebilecek \u015fekilde elektrik al\u0131m s\u00f6zle\u015fmeleri imzalayabilecek.<\/p>\n<p>\u0130\u015fte bu ama\u00e7la takip edilecek g\u00f6stergeler ise elektrik borsas\u0131nda olu\u015facak fiyatlar ve endekslerden ba\u015fka bir \u015fey de\u011fil. B\u00fct\u00fcn \u00e7aba, T\u00fcrkiye\u2019de enerji sekt\u00f6r\u00fcn\u00fcn liberalize olmas\u0131yla ilgili. Elektrik borsas\u0131 da bunun sembol\u00fc olacak. Evet, devlet enerji sekt\u00f6r\u00fcnden \u00e7ekilecek, \u00e7ekiliyor. Elektrik ba\u015fta olmak \u00fczere enerjinin b\u00fct\u00fcn alt kollar\u0131nda serbest piyasa kurallar\u0131 ge\u00e7erli olacak.<\/p>\n<p><strong>\u0130yi de Borsa \u0130stanbul\u2019un b\u00fcnyesinde faaliyet g\u00f6sterecek elektrik borsas\u0131 sa\u011fl\u0131kl\u0131 i\u015fleyebilecek mi?<\/strong><\/p>\n<p><a href=\"https:\/\/www.enerjigazetesi.ist\/wp-content\/uploads\/2013\/04\/borsa_istanbul-571-505x283.jpeg\"><img loading=\"lazy\" class=\"alignleft size-medium wp-image-9816\" title=\"borsa_istanbul-571-505x283\" src=\"https:\/\/www.enerjigazetesi.ist\/wp-content\/uploads\/2013\/04\/borsa_istanbul-571-505x283-300x187.jpg\" alt=\"\" width=\"300\" height=\"187\" srcset=\"https:\/\/www.enerjigazetesi.ist\/wp-content\/uploads\/2013\/04\/borsa_istanbul-571-505x283-300x187.jpg 300w, https:\/\/www.enerjigazetesi.ist\/wp-content\/uploads\/2013\/04\/borsa_istanbul-571-505x283-80x50.jpg 80w, https:\/\/www.enerjigazetesi.ist\/wp-content\/uploads\/2013\/04\/borsa_istanbul-571-505x283.jpeg 452w\" sizes=\"(max-width: 300px) 100vw, 300px\" \/><\/a>Bu sorunun cevab\u0131n\u0131 iki yerde aramal\u0131y\u0131z. Birincisi devletin elektrik \u00fcretim ve sat\u0131\u015f i\u015finden \u00e7ekilip \u00e7ekilmedi\u011fi ya da ne zaman \u00e7ekilece\u011fi. \u015eimdilik devletin a\u011f\u0131rl\u0131\u011f\u0131 hala y\u00fcksek. \u00dcretim \u00f6zelle\u015ftirmeleri h\u0131zla yap\u0131l\u0131rsa, i\u015fin bu taraf\u0131 belki zor da olsa sorunsuz halledilebilir. Cevap arayaca\u011f\u0131m\u0131z ikinci yer ise elektrik \u00fcretiminde kullan\u0131lan kaynaklar\u0131n fiyatlama mekanizmalar\u0131.<\/p>\n<p><strong>Elektri\u011fi nereden \u00fcretiyoruz?<\/strong><\/p>\n<p>Sudan, r\u00fczgardan, jeotermalden, g\u00fcne\u015ften, fuel oil\u2019den\u2026<\/p>\n<p>Ve daha \u00f6nemlisi, en \u00e7ok da do\u011falgazdan. Peki elektrik fiyat\u0131n\u0131 bunlar\u0131n hangisi belirliyor, belirleyecek? Tabii ki ba\u015f\u0131m\u0131z her s\u0131k\u0131\u015ft\u0131\u011f\u0131nda devreye alabilece\u011fimiz, halen \u00fcretimde en y\u00fcksek paya sahip olan do\u011falgaz. Ama do\u011falgaz fiyatlar\u0131 piyasada serbest\u00e7e belirlenmiyor.<\/p>\n<p><strong>Bir kere ithalatta devletin pay\u0131 hala y\u00fczde 70\u2032lerin \u00fczerinde. Yani burada bir rekabet yok.<\/strong><\/p>\n<p>\u0130kincisi \u00fclke i\u00e7inde sat\u0131lan do\u011falgaz\u0131n fiyat\u0131 piyasada belirlenmiyor, s\u00fcbvansiyonlu. Yani BOTA\u015e, Rusya, Azerbaycan, \u0130ran, Cezayir gibi \u00fclkelerden ald\u0131\u011f\u0131 do\u011falgaz\u0131 maliyetinin alt\u0131nda bir fiyattan sat\u0131yor. Demek ki, fiyatlar serbest\u00e7e dalgalanm\u0131yor. Bu durumda, elektrik \u00fcretim maliyetleri, serbest piyasa mant\u0131\u011f\u0131na g\u00f6re olu\u015fmuyor.<\/p>\n<p><strong>B\u00f6yle bir ortamda serbest piyasadan ne kadar s\u00f6z edilebilirse, kurulacak elektrik borsas\u0131 da o kadar borsa olur.<\/strong><\/p>\n<p>Evet, elektrik borsas\u0131 faaliyete sokulur ama bahsetti\u011fimiz nedenler ortadan kalkmazsa, istenilen performans\u0131 sergilemesi zor\u2026 \u0130stanbul\u2019u k\u00fcresel bir finans merkezi yapma vizyonuyla ortaya koyulan Borsa \u0130stanbul\u2019un, b\u00fcnyesinde sa\u011fl\u0131kl\u0131 i\u015fleyecek piyasalara ihtiyac\u0131 var. Elektrik borsas\u0131 sa\u011fl\u0131kl\u0131 i\u015flemezse, Borsa \u0130stanbul ve k\u00fcresel finans merkezi \u0130stanbul projelerine de zarar verir.<\/p>\n<p><strong>Bu y\u00fczden, yeni kurulacak Enerji Piyasalar\u0131 \u0130\u015fletme A\u015e\u2019ye \u00e7ok i\u015f d\u00fc\u015fecek\u2026<\/strong><\/p>\n<p>Kaynak: <a href=\"http:\/\/enerjienstitusu.com\/2013\/04\/18\/kose-yazisi-borsa-istanbulu-elektrik-carpmasin-ii\/\" target=\"_blank\">Enerji Enstit\u00fcs\u00fc<\/a><\/p>","protected":false},"excerpt":{"rendered":"<p>Sorry, this entry is only available in Turkish. For the sake of viewer convenience, the content is shown below in the alternative language. You may click the link to switch the active language.Ge\u00e7en haftaki yaz\u0131m\u0131z\u0131n ba\u015fl\u0131\u011f\u0131 \u201cBorsa \u0130stanbul\u2019u elektrik \u00e7arpmas\u0131n\u201d idi. Yerimiz yetmedi, konunun as\u0131l s\u00f6ylemek istedi\u011fimiz y\u00f6nleri bu haftaya kald\u0131. Kald\u0131\u011f\u0131m\u0131z yerden devam edelim\u2026 [&hellip;]<\/p>\n","protected":false},"author":1,"featured_media":9816,"comment_status":"open","ping_status":"open","sticky":false,"template":"","format":"standard","meta":[],"categories":[51,53],"tags":[4228,68,4611,61,343,1451,63,67],"views":651,"_links":{"self":[{"href":"https:\/\/www.enerjigazetesi.ist\/en\/wp-json\/wp\/v2\/posts\/9815"}],"collection":[{"href":"https:\/\/www.enerjigazetesi.ist\/en\/wp-json\/wp\/v2\/posts"}],"about":[{"href":"https:\/\/www.enerjigazetesi.ist\/en\/wp-json\/wp\/v2\/types\/post"}],"author":[{"embeddable":true,"href":"https:\/\/www.enerjigazetesi.ist\/en\/wp-json\/wp\/v2\/users\/1"}],"replies":[{"embeddable":true,"href":"https:\/\/www.enerjigazetesi.ist\/en\/wp-json\/wp\/v2\/comments?post=9815"}],"version-history":[{"count":3,"href":"https:\/\/www.enerjigazetesi.ist\/en\/wp-json\/wp\/v2\/posts\/9815\/revisions"}],"predecessor-version":[{"id":9819,"href":"https:\/\/www.enerjigazetesi.ist\/en\/wp-json\/wp\/v2\/posts\/9815\/revisions\/9819"}],"wp:featuredmedia":[{"embeddable":true,"href":"https:\/\/www.enerjigazetesi.ist\/en\/wp-json\/wp\/v2\/media\/9816"}],"wp:attachment":[{"href":"https:\/\/www.enerjigazetesi.ist\/en\/wp-json\/wp\/v2\/media?parent=9815"}],"wp:term":[{"taxonomy":"category","embeddable":true,"href":"https:\/\/www.enerjigazetesi.ist\/en\/wp-json\/wp\/v2\/categories?post=9815"},{"taxonomy":"post_tag","embeddable":true,"href":"https:\/\/www.enerjigazetesi.ist\/en\/wp-json\/wp\/v2\/tags?post=9815"}],"curies":[{"name":"wp","href":"https:\/\/api.w.org\/{rel}","templated":true}]}}