{"id":98113,"date":"2019-09-01T14:29:30","date_gmt":"2019-09-01T11:29:30","guid":{"rendered":"https:\/\/www.enerjigazetesi.ist\/?p=98113"},"modified":"2019-09-01T14:39:59","modified_gmt":"2019-09-01T11:39:59","slug":"5-gunluk-bayram-tatili-nde-turkiyenin-elektrik-tuketiminin-yuzde-5-i-akdeniz-den","status":"publish","type":"post","link":"https:\/\/www.enerjigazetesi.ist\/en\/5-gunluk-bayram-tatili-nde-turkiyenin-elektrik-tuketiminin-yuzde-5-i-akdeniz-den\/","title":{"rendered":"(Turkish) Bayram Tatilinde T\u00fcrkiye\u2019nin Elektrik T\u00fcketiminin %5\u2019i Akdeniz\u2019den!"},"content":{"rendered":"<p class=\"qtranxs-available-languages-message qtranxs-available-languages-message-en\">Sorry, this entry is only available in <a href=\"https:\/\/www.enerjigazetesi.ist\/tr\/wp-json\/wp\/v2\/posts\/98113\" class=\"qtranxs-available-language-link qtranxs-available-language-link-tr\" title=\"Turkish\">Turkish<\/a>. For the sake of viewer convenience, the content is shown below in the alternative language. You may click the link to switch the active language.<\/p><p><\/p>\n<h1><strong>Kurban Bayram\u0131, bu y\u0131l da a\u011fustos ay\u0131na denk gelince Antalya yerli turistin ak\u0131n\u0131na u\u011frad\u0131. 5 g\u00fcnl\u00fck bayram tatili boyunca T\u00fcrkiye genelindeki elektri\u011fin y\u00fczde 5\u2019i AEDA\u015e\u2019\u0131n hizmet b\u00f6lgesinden geldi. Normal zamanlarda \u0130stanbul Avrupa Yakas\u0131\u2019n\u0131n en \u00e7ok y\u00fczde 40\u2019\u0131 kadar elektrik t\u00fcketilen b\u00f6lgede, bayram d\u00f6nemindeki t\u00fcketim oran\u0131 y\u00fczde 75\u2019e kadar y\u00fckseldi.<\/strong><\/h1>\n<p>Bayramlar\u0131n yaz aylar\u0131na gelmesinin de etkisi ile tatil d\u00f6nemlerinde ba\u015fta \u0130stanbul olmak \u00fczere b\u00fcy\u00fck\u015fehirlerden adeta g\u00fcney k\u0131y\u0131lar\u0131na g\u00f6\u00e7 ya\u015fan\u0131yor. Bu y\u0131l <strong>10-14 A\u011fustos tarihleri<\/strong> aras\u0131nda kutlanan Kurban Bayram\u0131\u2019nda da gelenek de\u011fi\u015fmedi ve sahiller doldu, ta\u015ft\u0131. Yabanc\u0131 turistlerin g\u00f6zde <img loading=\"lazy\" class=\"alignright wp-image-98115\" src=\"https:\/\/www.enerjigazetesi.ist\/wp-content\/uploads\/2019\/09\/5-gunluk-bayram-tatilinde-turkiyenin-elektrik-tuketiminin-yuzde-5-i-akdeniz-den-300x162.jpg\" alt=\"\" width=\"320\" height=\"173\" srcset=\"https:\/\/www.enerjigazetesi.ist\/wp-content\/uploads\/2019\/09\/5-gunluk-bayram-tatilinde-turkiyenin-elektrik-tuketiminin-yuzde-5-i-akdeniz-den-300x162.jpg 300w, https:\/\/www.enerjigazetesi.ist\/wp-content\/uploads\/2019\/09\/5-gunluk-bayram-tatilinde-turkiyenin-elektrik-tuketiminin-yuzde-5-i-akdeniz-den-500x270.jpg 500w, https:\/\/www.enerjigazetesi.ist\/wp-content\/uploads\/2019\/09\/5-gunluk-bayram-tatilinde-turkiyenin-elektrik-tuketiminin-yuzde-5-i-akdeniz-den-80x43.jpg 80w, https:\/\/www.enerjigazetesi.ist\/wp-content\/uploads\/2019\/09\/5-gunluk-bayram-tatilinde-turkiyenin-elektrik-tuketiminin-yuzde-5-i-akdeniz-den.jpg 606w\" sizes=\"(max-width: 320px) 100vw, 320px\" \/>tatil rotas\u0131 olan Antalya; Kurban Bayram\u0131 boyunca yabanc\u0131lar\u0131n yan\u0131 s\u0131ra yerli turistin de ak\u0131n\u0131na u\u011frad\u0131.<\/p>\n<p>Antalya, Isparta ve Burdur&#8217;da 2 milyondan fazla aboneye elektrik da\u011f\u0131t\u0131m hizmeti veren Akdeniz Elektrik Da\u011f\u0131t\u0131m A.\u015e. (AEDA\u015e) kesintisiz enerji i\u00e7in t\u00fcm \u00f6nlemlerini g\u00fcnler \u00f6ncesinden al\u0131rken artan talebi ba\u015far\u0131l\u0131 bir operasyon ile rahatl\u0131kla kar\u015f\u0131lad\u0131. AEDA\u015e uzmanlar\u0131 taraf\u0131ndan haz\u0131rlanan \u2018Kurban Bayram\u0131 Elektrik T\u00fcketim Raporu\u2019na g\u00f6re arife ile birlikte 5 g\u00fcnl\u00fck bayram tatilinde AEDA\u015e\u2019\u0131n hizmet verdi\u011fi b\u00f6lgede 188 bin 178 MWh elektrik t\u00fcketildi. Ayn\u0131 d\u00f6nemde T\u00fcrkiye genelindeki t\u00fcketim 3 milyon 620 bin 809 MWh seviyesinde ger\u00e7ekle\u015firken toplam t\u00fcketimin y\u00fczde 5\u2019i Akdeniz b\u00f6lgesinden geldi. Normal zamanlarda \u0130stanbul Avrupa Yakas\u0131\u2019n\u0131n en \u00e7ok % 40\u2019\u0131 kadar elektrik t\u00fcketilen b\u00f6lgede, bayram d\u00f6nemindeki t\u00fcketim oran\u0131 % 75\u2019e kadar y\u00fckseldi.<\/p>\n<h2><strong>GE\u00c7T\u0130\u011e\u0130M\u0130Z YILK\u0130 KURBAN BAYRAMI\u2019NA G\u00d6RE ELEKTR\u0130K T\u00dcKET\u0130M\u0130 ARTTI<\/strong><\/h2>\n<p>Raporda ge\u00e7en y\u0131l yine a\u011fustos ay\u0131na rastlayan Kurban Bayram\u0131\u2019ndaki t\u00fcketime de yer verilerek bu y\u0131lla bir kar\u015f\u0131la\u015ft\u0131rma yap\u0131ld\u0131. Buna g\u00f6re 2018 y\u0131l\u0131nda arife dahil <strong>20-24 A\u011fustos<\/strong> tarihlerinde kutlanan Kurban Bayram\u0131 boyunca AEDA\u015e\u2019\u0131n hizmet verdi\u011fi Antalya, Burdur ve Isparta\u2019da 174 bin 961 MWh\u2019lik elektrik t\u00fcketilirken bu y\u0131l bayram\u0131n kutland\u0131\u011f\u0131 <strong>10-14 A\u011fustos<\/strong> tarihleri aras\u0131nda s\u00f6z konusu rakam % 7,5 gibi bir oranda artarak 188 bin 178 MWh\u2019ye ula\u015ft\u0131.<\/p>\n<p>2018&#8217;de arife g\u00fcn\u00fcn\u00fcn pazartesi olmas\u0131n\u0131n da etkisi ile Kurban Bayram\u0131 tatili 9 g\u00fcne \u00e7\u0131karken bu y\u0131l arife g\u00fcn\u00fc 10 A\u011fustos Cumartesi g\u00fcn\u00fcne denk gelince bayram 11 A\u011fustos \u00c7ar\u015famba g\u00fcn\u00fc bitti. Ancak bir\u00e7ok ki\u015fi per\u015fembe ve cumay\u0131 hafta sonu ile birle\u015ftirerek tatilini yine de 9 g\u00fcne uzatt\u0131. Akdenizliler Per\u015fembe g\u00fcn\u00fc mesaiye ba\u015flarken yerli ve yabanc\u0131 turist tatiline devam etti. AEDA\u015e\u2019\u0131n hizmet b\u00f6lgesinde ge\u00e7en y\u0131l 9 g\u00fcnl\u00fck tatilin yap\u0131ld\u0131\u011f\u0131 18-26 A\u011fustos tarihlerinde 317 bin 444 MWh elektrik t\u00fcketilirkenbu y\u0131l 10-18 A\u011fustos tarihlerindeki t\u00fcketim 2018\u2019e g\u00f6re yine y\u00fczde 7,5\u2019luk art\u0131\u015fla 341 bin 375 MWh seviyesinde ger\u00e7ekle\u015fti.<\/p>\n<h2><strong>EN FAZLA T\u00dcKET\u0130M MURATPA\u015eA\u2019DAN<\/strong><\/h2>\n<p>Raporda Antalya, Isparta ve Burdur&#8217;un 10-18 A\u011fustos tarihlerindeki t\u00fcketim hareketine yer verildi. Bu tarihlerde ge\u00e7en y\u0131l\u0131n ayn\u0131 d\u00f6nemine g\u00f6re elektrik t\u00fcketiminde Burdur\u2019da y\u00fczde 20, Isparta\u2019da ise y\u00fczde 26\u2019lik bir d\u00fc\u015f\u00fc\u015f g\u00f6r\u00fcld\u00fc. T\u00fcketim art\u0131\u015f\u0131n\u0131 s\u0131rtlanan Antalya\u2019da ise en b\u00fcy\u00fck talep \u00e7ok fazla ziyaret\u00e7i alan Kalei\u00e7i\u2019nin de bulundu\u011fu Muratpa\u015fa\u2019dan geldi.<\/p>\n<p>AEDA\u015e\u2019\u0131n raporunda <strong>10-18 A\u011fustos<\/strong> tarihleri aras\u0131nda <strong>Kurban Bayram\u0131<\/strong> olmasayd\u0131 yani standart g\u00fcnler ya\u015fansa idi t\u00fcketimin ne kadar olaca\u011f\u0131 tahmini de yap\u0131ld\u0131.2019 y\u0131l\u0131 mevcut A\u011fustos d\u00f6nemi Akdeniz ortalama s\u0131cakl\u0131klar\u0131 g\u00f6z \u00f6n\u00fcnde bulunduruldu\u011funda 10-18 A\u011fustos tarihleri aras\u0131nda toplam tahmini t\u00fcketim 358 bin 182 MWh olarak \u00f6ng\u00f6r\u00fcld\u00fc. Bayram nedeniyle b\u00f6lgedeki sanayi ve ticarethane tesislerinin durmas\u0131, Burdur ve Isparta\u2019daki t\u00fcketim d\u00fc\u015f\u00fc\u015flerinin de etkisi ile rakam 341bin 375 MWh seviyesinde ger\u00e7ekle\u015fti. 9 g\u00fcnl\u00fck periyotta Antalya, Isparta ve Burdur\u2019da Kurban Bayram\u0131\u2019n\u0131n etkisinin yakla\u015f\u0131k %5 oldu\u011fu g\u00f6r\u00fcld\u00fc.<\/p>\n<table>\n<tbody>\n<tr>\n<td><strong>G\u00fcn Tipi<\/strong><\/td>\n<td><strong>G\u00fcn<\/strong><\/td>\n<td><strong>G\u00fcnl\u00fck T\u00fcketim 2019 (MWh)<\/strong><\/td>\n<td><strong>Toplam T\u00fcrkiye T\u00fcketim (MWh)<\/strong><\/td>\n<td><strong>% Pay<\/strong><\/td>\n<\/tr>\n<tr>\n<td><strong>Arefe G\u00fcn\u00fc<\/strong><\/td>\n<td>Cumartesi<\/td>\n<td>38.017<\/td>\n<td>900.573<\/td>\n<td>4%<\/td>\n<\/tr>\n<tr>\n<td><strong>Kurban Bayram\u0131 1.G\u00fcn<\/strong><\/td>\n<td>Pazar<\/td>\n<td>36.107<\/td>\n<td>746.868<\/td>\n<td>5%<\/td>\n<\/tr>\n<tr>\n<td><strong>Kurban Bayram\u0131 2.G\u00fcn<\/strong><\/td>\n<td>Pazartesi<\/td>\n<td>37.274<\/td>\n<td>632.688<\/td>\n<td>6%<\/td>\n<\/tr>\n<tr>\n<td><strong>Kurban Bayram\u0131 3.G\u00fcn<\/strong><\/td>\n<td>Sal\u0131<\/td>\n<td>37.969<\/td>\n<td>655.953<\/td>\n<td>6%<\/td>\n<\/tr>\n<tr>\n<td><strong>Kurban Bayram\u0131 4.G\u00fcn<\/strong><\/td>\n<td>\u00c7ar\u015famba<\/td>\n<td>38.810<\/td>\n<td>684.727<\/td>\n<td>6%<\/td>\n<\/tr>\n<tr>\n<td><strong>Genel Toplam<\/strong><\/td>\n<td><\/td>\n<td><strong>188.178<\/strong><\/td>\n<td><strong>3.620.809<\/strong><\/td>\n<td><strong>5%<\/strong><\/td>\n<\/tr>\n<\/tbody>\n<\/table>\n<p><\/p>","protected":false},"excerpt":{"rendered":"<p>Sorry, this entry is only available in Turkish. For the sake of viewer convenience, the content is shown below in the alternative language. You may click the link to switch the active language. Kurban Bayram\u0131, bu y\u0131l da a\u011fustos ay\u0131na denk gelince Antalya yerli turistin ak\u0131n\u0131na u\u011frad\u0131. 5 g\u00fcnl\u00fck bayram tatili boyunca T\u00fcrkiye genelindeki elektri\u011fin [&hellip;]<\/p>\n","protected":false},"author":1,"featured_media":98117,"comment_status":"open","ping_status":"open","sticky":false,"template":"","format":"standard","meta":[],"categories":[51,53],"tags":[55944,31338,55946,55947,31233,55945,5201,55948,4100,42024,34979,19638,34980,26353,130,52259,148,14167,14023,9904,55949],"views":485,"_links":{"self":[{"href":"https:\/\/www.enerjigazetesi.ist\/en\/wp-json\/wp\/v2\/posts\/98113"}],"collection":[{"href":"https:\/\/www.enerjigazetesi.ist\/en\/wp-json\/wp\/v2\/posts"}],"about":[{"href":"https:\/\/www.enerjigazetesi.ist\/en\/wp-json\/wp\/v2\/types\/post"}],"author":[{"embeddable":true,"href":"https:\/\/www.enerjigazetesi.ist\/en\/wp-json\/wp\/v2\/users\/1"}],"replies":[{"embeddable":true,"href":"https:\/\/www.enerjigazetesi.ist\/en\/wp-json\/wp\/v2\/comments?post=98113"}],"version-history":[{"count":0,"href":"https:\/\/www.enerjigazetesi.ist\/en\/wp-json\/wp\/v2\/posts\/98113\/revisions"}],"wp:featuredmedia":[{"embeddable":true,"href":"https:\/\/www.enerjigazetesi.ist\/en\/wp-json\/wp\/v2\/media\/98117"}],"wp:attachment":[{"href":"https:\/\/www.enerjigazetesi.ist\/en\/wp-json\/wp\/v2\/media?parent=98113"}],"wp:term":[{"taxonomy":"category","embeddable":true,"href":"https:\/\/www.enerjigazetesi.ist\/en\/wp-json\/wp\/v2\/categories?post=98113"},{"taxonomy":"post_tag","embeddable":true,"href":"https:\/\/www.enerjigazetesi.ist\/en\/wp-json\/wp\/v2\/tags?post=98113"}],"curies":[{"name":"wp","href":"https:\/\/api.w.org\/{rel}","templated":true}]}}