{"id":98077,"date":"2019-08-31T18:14:33","date_gmt":"2019-08-31T15:14:33","guid":{"rendered":"https:\/\/www.enerjigazetesi.ist\/?p=98077"},"modified":"2019-08-31T18:15:16","modified_gmt":"2019-08-31T15:15:16","slug":"gundem-disi-gelecek-nesillere-balik-icin-hepimize-sorumluluk-dusuyor","status":"publish","type":"post","link":"https:\/\/www.enerjigazetesi.ist\/en\/gundem-disi-gelecek-nesillere-balik-icin-hepimize-sorumluluk-dusuyor\/","title":{"rendered":"(Turkish) G\u00fcndem D\u0131\u015f\u0131: Gelecek Nesillere Bal\u0131k \u0130\u00e7in Hepimize Sorumluluk D\u00fc\u015f\u00fcyor!"},"content":{"rendered":"<p class=\"qtranxs-available-languages-message qtranxs-available-languages-message-en\">Sorry, this entry is only available in <a href=\"https:\/\/www.enerjigazetesi.ist\/tr\/wp-json\/wp\/v2\/posts\/98077\" class=\"qtranxs-available-language-link qtranxs-available-language-link-tr\" title=\"Turkish\">Turkish<\/a>. For the sake of viewer convenience, the content is shown below in the alternative language. You may click the link to switch the active language.<\/p><p><\/p>\n<h1><strong>Yeni av sezonu \u00f6ncesinde yap\u0131lan a\u00e7\u0131klamada, Bal\u0131k\u00e7\u0131l\u0131kta s\u00fcrd\u00fcr\u00fclebilirli\u011fin sa\u011flanmas\u0131 i\u00e7in; a\u015f\u0131r\u0131 avlanman\u0131n \u00f6nlenmesi, uygun av ara\u00e7lar\u0131n\u0131n ve y\u00f6ntemlerinin kullan\u0131m\u0131n sa\u011flanmas\u0131 ve <\/strong><a href=\"https:\/\/www.sur.coop\/sektorden.aspx?id=10\"><strong>yasa d\u0131\u015f\u0131 kay\u0131t d\u0131\u015f\u0131 ve kural d\u0131\u015f\u0131 bal\u0131k\u00e7\u0131l\u0131k<\/strong><\/a> <strong>faaliyetlerinin \u00f6nlenmesi gereklili\u011fi vurguland\u0131. Deniz \u00fcr\u00fcnlerinin sorumlu t\u00fcketimi konusunda halk\u0131n bilgilendirilmesi ve te\u015fvik edilmesi, gerek bal\u0131k stoklar\u0131n\u0131n ve gerekse bal\u0131k\u00e7\u0131l\u0131kla ge\u00e7inen insanlar\u0131n ekonomik s\u00fcrd\u00fcr\u00fclebilirli\u011fi a\u00e7\u0131s\u0131ndan \u00f6nem ta\u015f\u0131d\u0131\u011f\u0131na dikkat \u00e7ekilirken do\u011fal kaynaklar\u0131n s\u00fcrd\u00fcr\u00fclebilirli\u011fi ve binlerce y\u0131ll\u0131k bal\u0131k\u00e7\u0131l\u0131k mesle\u011finin gelecek nesillere aktar\u0131lmas\u0131 i\u00e7in t\u00fcm payda\u015flar\u0131 kapsayan bir \u201cortak y\u00f6netim\u201d talep edildi.<\/strong><\/h1>\n<p>WWF-T\u00fcrkiye (Do\u011fal Hayat\u0131 Koruma Vakf\u0131) 1 Eyl\u00fcl\u2019de (yar\u0131n) ba\u015flayacak yeni av sezonu ile ilgili bir a\u00e7\u0131klama yaparak bal\u0131k\u00e7\u0131lara \u015fans diledi. A\u00e7\u0131klamada d\u00fcnya genelinde bal\u0131k n\u00fcfuslar\u0131n\u0131n % 33\u2019\u00fcn\u00fcn a\u015f\u0131r\u0131 avland\u0131\u011f\u0131na, y\u00fczde 59\u2019unda limitlerin sonuna gelindi\u011fine<sup>1<\/sup> ve son 10 y\u0131l i\u00e7inde deniz bal\u0131k\u00e7\u0131l\u0131\u011f\u0131n\u0131n <img loading=\"lazy\" class=\"alignright wp-image-98079\" src=\"https:\/\/www.enerjigazetesi.ist\/wp-content\/uploads\/2019\/08\/gundem-disi-gelecek-nesillere-balik-icin-hepimize-sorumluluk-dusuyor-300x200.jpg\" alt=\"\" width=\"320\" height=\"214\" srcset=\"https:\/\/www.enerjigazetesi.ist\/wp-content\/uploads\/2019\/08\/gundem-disi-gelecek-nesillere-balik-icin-hepimize-sorumluluk-dusuyor-300x200.jpg 300w, https:\/\/www.enerjigazetesi.ist\/wp-content\/uploads\/2019\/08\/gundem-disi-gelecek-nesillere-balik-icin-hepimize-sorumluluk-dusuyor-500x334.jpg 500w, https:\/\/www.enerjigazetesi.ist\/wp-content\/uploads\/2019\/08\/gundem-disi-gelecek-nesillere-balik-icin-hepimize-sorumluluk-dusuyor-75x50.jpg 75w, https:\/\/www.enerjigazetesi.ist\/wp-content\/uploads\/2019\/08\/gundem-disi-gelecek-nesillere-balik-icin-hepimize-sorumluluk-dusuyor-450x300.jpg 450w, https:\/\/www.enerjigazetesi.ist\/wp-content\/uploads\/2019\/08\/gundem-disi-gelecek-nesillere-balik-icin-hepimize-sorumluluk-dusuyor.jpg 731w\" sizes=\"(max-width: 320px) 100vw, 320px\" \/>d\u00fc\u015f\u00fc\u015fe ge\u00e7en bir grafik izledi\u011fine dikkat \u00e7ekildi. WWF-T\u00fcrkiye gidi\u015fat\u0131n b\u00f6yle s\u00fcrmesi halinde, iklim de\u011fi\u015fikli\u011fi, kirlilik, a\u015f\u0131r\u0131 avc\u0131l\u0131k gibi nedenlerle deniz ekosistemlerinde devam eden bozulma da hesaba kat\u0131ld\u0131\u011f\u0131nda, d\u00fcnyan\u0131n benzeri g\u00f6r\u00fclmemi\u015f bir bal\u0131k\u00e7\u0131l\u0131k kriziyle kar\u015f\u0131 kar\u015f\u0131ya kalabilece\u011fi uyar\u0131s\u0131nda bulundu.<\/p>\n<p>Bal\u0131k\u00e7\u0131l\u0131kta s\u00fcrd\u00fcr\u00fclebilirlik, bug\u00fcn avlanan bal\u0131k miktar\u0131n\u0131 belli bir d\u00fczeyde tutarak bir sonraki d\u00f6nemde de avlanabilecek bal\u0131k bulunmas\u0131n\u0131 garanti alt\u0131na almak ve stoklar\u0131 bu \u015fekilde y\u00f6netmek anlam\u0131na geliyor. Bu ba\u011flamda, s\u00fcrd\u00fcr\u00fclebilir bal\u0131k\u00e7\u0131l\u0131k yaln\u0131z ekonomik de\u011fil, ekolojik ve sosyal i\u00e7eri\u011fe de sahip bir kavram. Zira bal\u0131k, d\u00fcnyada milyarlarca insan i\u00e7in ya\u015famsal \u00f6neme sahip bir besin kayna\u011f\u0131. BM G\u0131da ve Tar\u0131m \u00d6rg\u00fct\u00fc (FAO, 2008) taraf\u0131ndan yay\u0131mlanan Bal\u0131k\u00e7\u0131l\u0131k Raporuna g\u00f6re, d\u00fcnyada 3 milyar insan, protein ihtiyac\u0131n\u0131n en az %15\u2019ini deniz bal\u0131klar\u0131ndan kar\u015f\u0131l\u0131yor; bu veri, \u00f6zellikle geli\u015fmekte olan \u00fclkelerde ya\u015fayan insanlar i\u00e7in bir protein kayna\u011f\u0131 olarak bal\u0131\u011f\u0131n \u00f6nemini ortaya koyuyor.<\/p>\n<p>Bal\u0131k\u00e7\u0131l\u0131kta s\u00fcrd\u00fcr\u00fclebilirli\u011fin sa\u011flanmas\u0131 i\u00e7in; a\u015f\u0131r\u0131 avlanman\u0131n \u00f6nlenmesi, uygun av ara\u00e7lar\u0131n\u0131n ve y\u00f6ntemlerinin kullan\u0131m\u0131n sa\u011flanmas\u0131 ve <a href=\"https:\/\/www.sur.coop\/sektorden.aspx?id=10\">yasa d\u0131\u015f\u0131 kay\u0131t d\u0131\u015f\u0131 ve kural d\u0131\u015f\u0131 bal\u0131k\u00e7\u0131l\u0131k<\/a> faaliyetlerinin \u00f6nlenmesi gerekiyor. Bunun yan\u0131 s\u0131ra, deniz \u00fcr\u00fcnlerinin sorumlu t\u00fcketimi (do\u011fru zamanda, do\u011fru t\u00fcrlerin, do\u011fru miktarda ve b\u00fcy\u00fckl\u00fckte) konusunda halk\u0131n bilgilendirilmesi ve te\u015fvik edilmesi, gerek bal\u0131k stoklar\u0131n\u0131n ve gerekse bal\u0131k\u00e7\u0131l\u0131kla ge\u00e7inen insanlar\u0131n ekonomik s\u00fcrd\u00fcr\u00fclebilirli\u011fi a\u00e7\u0131s\u0131ndan \u00f6nem ta\u015f\u0131yor. WWF\u2019in Deniz \u00dcr\u00fcnleri Rehberi, hangi deniz \u00fcr\u00fcn\u00fcn\u00fc, <span style=\"text-decoration: underline;\">nas\u0131l t\u00fcketebilece\u011fimizi anlat\u0131yor:<\/span><\/p>\n<p><strong>SERT\u0130F\u0130KALI DEN\u0130Z \u00dcR\u00dcNLER\u0130N\u0130<\/strong> <strong>ALIN<\/strong> Bal\u0131\u011f\u0131n\u0131z\u0131n s\u00fcrd\u00fcr\u00fclebilir bal\u0131k\u00e7\u0131lardan veya akuak\u00fclt\u00fcrden geldi\u011fini g\u00f6steren MSC, ASC veya organik etiketli \u00fcr\u00fcnleri tercih edin.<\/p>\n<p><strong>ET\u0130KETLER\u0130 OKUYUN<\/strong> Avrupa Birli\u011fi\u2019nde ald\u0131\u011f\u0131n\u0131z \u00fcr\u00fcn\u00fcn tam ad\u0131n\u0131, nereden geldi\u011fini, nas\u0131l yakaland\u0131\u011f\u0131n\u0131 ve \u00fcretildi\u011fini bilmek yasal hakk\u0131n\u0131z. E\u011fer etikette bu bilgiler yazm\u0131yorsa, sat\u0131c\u0131n\u0131za sorun. E\u011fer yan\u0131t alamazsan\u0131z o \u00fcr\u00fcn\u00fc sat\u0131n almay\u0131n.<\/p>\n<p><strong>YAVRU BALIK YEMEY\u0130N<\/strong> Belli bir boydan k\u00fc\u00e7\u00fck bal\u0131klar hen\u00fcz olgunlu\u011fa eri\u015fmemi\u015f ve \u00fcrememi\u015flerdir. Bal\u0131k\u00e7\u0131n\u0131za ald\u0131\u011f\u0131n\u0131z bal\u0131\u011f\u0131n yeti\u015fkin olup olmad\u0131\u011f\u0131n\u0131 mutlaka sorun, siz de kontrol edin. B\u00f6ylece bal\u0131klar\u0131n \u00fcremesine f\u0131rsat tan\u0131m\u0131\u015f olursunuz<\/p>\n<p><strong>\u00c7E\u015e\u0130TL\u0130L\u0130\u011e\u0130 TADIN<\/strong> Deniz \u00fcr\u00fcnlerini t\u00fcketirken \u00e7e\u015fitlili\u011fe dikkat etmek deniz kaynaklar\u0131n\u0131n \u00fczerindeki bask\u0131n\u0131n daha dengeli da\u011f\u0131lmas\u0131n\u0131 sa\u011flar. Biyolojik \u00e7e\u015fitlilik ekosistemleri g\u00fc\u00e7lendirir. T\u00fcketiminizi \u00e7e\u015fitlendirmek hem e\u011flencelidir hem de denizlere yard\u0131m eder!<strong> (<\/strong><a href=\"http:\/\/www.wwf.org.tr\/?6220\"><strong>http:\/\/www.wwf.org.tr\/?6220<\/strong><\/a><strong>). <\/strong><\/p>\n<p>Y\u0131llard\u0131r denizlerimizdeki canl\u0131 ya\u015fam\u0131n korunmas\u0131 ve denizel kaynaklar\u0131m\u0131z\u0131n s\u00fcrd\u00fcr\u00fclebilir kullan\u0131m\u0131 i\u00e7in ilgili taraflarla i\u015fbirli\u011fi i\u00e7inde \u00e7al\u0131\u015fmalar yapt\u0131klar\u0131n\u0131 belirten <strong>WWF-T\u00fcrkiye Genel M\u00fcd\u00fcr\u00fc Asl\u0131 Pasinli<\/strong> <span style=\"text-decoration: underline;\">\u015funlar\u0131 s\u00f6yledi:<\/span><\/p>\n<p>\u201c\u00dclkemizde son y\u0131llarda art\u0131\u015f g\u00f6zlenen yasa d\u0131\u015f\u0131, kay\u0131t d\u0131\u015f\u0131 ve kural d\u0131\u015f\u0131 bal\u0131k\u00e7\u0131l\u0131k faaliyetleri, denizsel kaynaklar\u0131m\u0131z\u0131 tehdit ederken bal\u0131k\u00e7\u0131l\u0131k sekt\u00f6r\u00fcn\u00fc olumsuz etkiliyor ve halk\u0131n yeterli miktarda, sa\u011fl\u0131kl\u0131 su \u00fcr\u00fcnlerine eri\u015febilmesini engelliyor. Yasa d\u0131\u015f\u0131 bal\u0131k\u00e7\u0131l\u0131k ile daha etkin m\u00fccadele i\u00e7in gerekli yasal d\u00fczenlemelerin ivedilikle hayata ge\u00e7irilmesi, sekt\u00f6r\u00fcn t\u00fcm payda\u015flar\u0131 taraf\u0131ndan her platformda talep ediliyor. Bunun yan\u0131nda, her y\u0131l \u00e7ok say\u0131da deniz canl\u0131s\u0131 (deniz kaplumba\u011falar\u0131, deniz memelileri, ku\u015flar, k\u0131k\u0131rdakl\u0131 bal\u0131klar)bal\u0131k\u00e7\u0131lar\u0131n av ara\u00e7lar\u0131 taraf\u0131ndan tesad\u00fcfi olarak avlanmakta ve zaman zaman da bu av ara\u00e7lar\u0131na verdikleri zararla bal\u0131k\u00e7\u0131lar\u0131n maddi kay\u0131p ya\u015famas\u0131na neden olmaktad\u0131r; denizlerimizi kirleten plastik at\u0131klar bal\u0131klarla birlikte sofram\u0131za geri d\u00f6n\u00fcyor.<\/p>\n<p>Asl\u0131 Pasinli s\u00f6zlerine \u015f\u00f6yle devam etti: \u201cDo\u011fal kaynaklar\u0131n s\u00fcrd\u00fcr\u00fclebilirli\u011fi ve binlerce y\u0131ll\u0131k bal\u0131k\u00e7\u0131l\u0131k mesle\u011finin gelecek nesillere aktar\u0131lmas\u0131, t\u00fcm payda\u015flar\u0131 kapsayan bir \u201cortak y\u00f6netim\u201d modeliyle m\u00fcmk\u00fcn olabilir. Ba\u015fta bal\u0131k\u00e7\u0131l\u0131k sekt\u00f6r\u00fc olmak \u00fczere, kamu, bilim d\u00fcnyas\u0131 ve STK\u2019lar olarak el ele verip ortak sorunlara birlikte \u00e7\u00f6z\u00fcm aramal\u0131y\u0131z\u201d.<\/p>","protected":false},"excerpt":{"rendered":"<p>Sorry, this entry is only available in Turkish. For the sake of viewer convenience, the content is shown below in the alternative language. You may click the link to switch the active language. Yeni av sezonu \u00f6ncesinde yap\u0131lan a\u00e7\u0131klamada, Bal\u0131k\u00e7\u0131l\u0131kta s\u00fcrd\u00fcr\u00fclebilirli\u011fin sa\u011flanmas\u0131 i\u00e7in; a\u015f\u0131r\u0131 avlanman\u0131n \u00f6nlenmesi, uygun av ara\u00e7lar\u0131n\u0131n ve y\u00f6ntemlerinin kullan\u0131m\u0131n sa\u011flanmas\u0131 ve yasa [&hellip;]<\/p>\n","protected":false},"author":1,"featured_media":98079,"comment_status":"open","ping_status":"open","sticky":false,"template":"","format":"standard","meta":[],"categories":[53],"tags":[33408,55908,55907,55911,55913,55904,55909,55905,1827,9132,55906,55910,55912,35970,687,55903,55914],"views":579,"_links":{"self":[{"href":"https:\/\/www.enerjigazetesi.ist\/en\/wp-json\/wp\/v2\/posts\/98077"}],"collection":[{"href":"https:\/\/www.enerjigazetesi.ist\/en\/wp-json\/wp\/v2\/posts"}],"about":[{"href":"https:\/\/www.enerjigazetesi.ist\/en\/wp-json\/wp\/v2\/types\/post"}],"author":[{"embeddable":true,"href":"https:\/\/www.enerjigazetesi.ist\/en\/wp-json\/wp\/v2\/users\/1"}],"replies":[{"embeddable":true,"href":"https:\/\/www.enerjigazetesi.ist\/en\/wp-json\/wp\/v2\/comments?post=98077"}],"version-history":[{"count":0,"href":"https:\/\/www.enerjigazetesi.ist\/en\/wp-json\/wp\/v2\/posts\/98077\/revisions"}],"wp:featuredmedia":[{"embeddable":true,"href":"https:\/\/www.enerjigazetesi.ist\/en\/wp-json\/wp\/v2\/media\/98079"}],"wp:attachment":[{"href":"https:\/\/www.enerjigazetesi.ist\/en\/wp-json\/wp\/v2\/media?parent=98077"}],"wp:term":[{"taxonomy":"category","embeddable":true,"href":"https:\/\/www.enerjigazetesi.ist\/en\/wp-json\/wp\/v2\/categories?post=98077"},{"taxonomy":"post_tag","embeddable":true,"href":"https:\/\/www.enerjigazetesi.ist\/en\/wp-json\/wp\/v2\/tags?post=98077"}],"curies":[{"name":"wp","href":"https:\/\/api.w.org\/{rel}","templated":true}]}}