{"id":98019,"date":"2019-08-31T00:24:19","date_gmt":"2019-08-30T21:24:19","guid":{"rendered":"https:\/\/www.enerjigazetesi.ist\/?p=98019"},"modified":"2019-08-31T00:27:18","modified_gmt":"2019-08-30T21:27:18","slug":"elektrikte-disa-bagimlilik-yenilenebilir-enerji-kaynaklari-ile-ortadan-kalkar","status":"publish","type":"post","link":"https:\/\/www.enerjigazetesi.ist\/en\/elektrikte-disa-bagimlilik-yenilenebilir-enerji-kaynaklari-ile-ortadan-kalkar\/","title":{"rendered":"(Turkish) &#8221;Elektrikte D\u0131\u015fa Ba\u011f\u0131ml\u0131l\u0131k Yenilenebilir Kaynaklar ile Ortadan Kalkar&#8221;"},"content":{"rendered":"<p class=\"qtranxs-available-languages-message qtranxs-available-languages-message-en\">Sorry, this entry is only available in <a href=\"https:\/\/www.enerjigazetesi.ist\/tr\/wp-json\/wp\/v2\/posts\/98019\" class=\"qtranxs-available-language-link qtranxs-available-language-link-tr\" title=\"Turkish\">Turkish<\/a>. For the sake of viewer convenience, the content is shown below in the alternative language. You may click the link to switch the active language.<\/p><p><\/p>\n<h1><strong>Do\u011falgaz ve elektrik fiyatlar\u0131na y\u00fczde 15 oran\u0131nda zam yap\u0131lmas\u0131 sanayicileri olumsuz etkiledi. \u00dcretimin \u00f6nemli iki fakt\u00f6r\u00fc olan elektrik ve do\u011falgaz fiyatlar\u0131na zam gelmesi ile birlikte kimi i\u015fletmelerde k\u00f6m\u00fcre d\u00f6n\u00fc\u015f ba\u015flad\u0131. Sanayi \u00fcretiminde ya\u015fanan geli\u015fmelerin \u00f6nemli g\u00f6stergelerinden olan elektrik t\u00fcketiminde ise alternatif kaynak aray\u0131\u015flar\u0131 ba\u015flad\u0131. Makine M\u00fchendisleri Odas\u0131 Gaziantep \u015eube Ba\u015fkan\u0131 H\u00fcseyin Ovayolu, elektrikte d\u0131\u015fa ba\u011f\u0131ml\u0131l\u0131\u011f\u0131n yenilenebilir enerji kaynaklar\u0131 ile ortadan kald\u0131r\u0131labilece\u011fini s\u00f6yledi.<\/strong><\/h1>\n<p>T\u00fcrkiye\u2019de enerjide d\u0131\u015fa ba\u011f\u0131ml\u0131l\u0131k, hem sanayiciyi hem de vatanda\u015flar\u0131 olumsuz etkiliyor. D\u00fcnya piyasalar\u0131nda meydana gelen dalgalanmalar\u0131n etkisi alt\u0131nda kalan \u00fclkemizde, ge\u00e7ti\u011fimiz y\u0131l enerji <img loading=\"lazy\" class=\"alignright size-medium wp-image-98024\" src=\"https:\/\/www.enerjigazetesi.ist\/wp-content\/uploads\/2019\/08\/elektrikte-disa-bagimlilik-yenilenebilir-enerji-kaynaklari-ile-ortadan-kalkar-1-300x237.jpg\" alt=\"\" width=\"300\" height=\"237\" srcset=\"https:\/\/www.enerjigazetesi.ist\/wp-content\/uploads\/2019\/08\/elektrikte-disa-bagimlilik-yenilenebilir-enerji-kaynaklari-ile-ortadan-kalkar-1-300x237.jpg 300w, https:\/\/www.enerjigazetesi.ist\/wp-content\/uploads\/2019\/08\/elektrikte-disa-bagimlilik-yenilenebilir-enerji-kaynaklari-ile-ortadan-kalkar-1-500x395.jpg 500w, https:\/\/www.enerjigazetesi.ist\/wp-content\/uploads\/2019\/08\/elektrikte-disa-bagimlilik-yenilenebilir-enerji-kaynaklari-ile-ortadan-kalkar-1-63x50.jpg 63w, https:\/\/www.enerjigazetesi.ist\/wp-content\/uploads\/2019\/08\/elektrikte-disa-bagimlilik-yenilenebilir-enerji-kaynaklari-ile-ortadan-kalkar-1.jpg 618w\" sizes=\"(max-width: 300px) 100vw, 300px\" \/>maliyetlerine y\u00fczde 50 dolay\u0131nda zam yap\u0131lm\u0131\u015ft\u0131. 2019 y\u0131l\u0131nda ise Yerel Se\u00e7imlerin hemen ard\u0131ndan zamlar pe\u015f pe\u015fe gelmi\u015fti. K\u0131\u015f aylar\u0131n\u0131n yakla\u015ft\u0131\u011f\u0131 bu d\u00f6nemde ise elektrik ve do\u011falgaza y\u00fczde 15 oran\u0131nda zam yap\u0131ld\u0131. Temmuz ve A\u011fustos aylar\u0131nda pe\u015f pe\u015fe gelen zamlar ile birlikte i\u015f d\u00fcnyas\u0131nda alternatif enerji kaynaklar\u0131n\u0131n yan\u0131 s\u0131ra k\u00f6m\u00fcr ve buhar gibi kaynaklara da y\u00f6nelim ba\u015flad\u0131. Gaziantep\u2019te son y\u0131llarda \u00fcretim maliyetlerinde meydana gelen art\u0131\u015flar nedeniyle i\u015f d\u00fcnyas\u0131 zorlu bir s\u00fcre\u00e7ten ge\u00e7iyor. Artan enerji maliyetleri ile birlikte \u00f6zellikle G\u00fcne\u015f Enerji Santrallerinin \u00f6nemi bir kez daha ortaya \u00e7\u0131karken, Makine M\u00fchendisleri Odas\u0131 Gaziantep \u015eube Ba\u015fkan\u0131 H\u00fcseyin Ovayolu, sanayicilere \u201cYerinde \u00dcretim, \u00d6z\u00fcnde T\u00fcketim\u201d modelini uygulamalar\u0131 \u00f6nerisinde bulundu.<\/p>\n<h2><strong>\u201cDA\u011eLIK ALANLAR YER\u0130NE FABR\u0130KALARA KURULMALI\u201d<\/strong><\/h2>\n<p>GES Projelerinin da\u011fl\u0131k arazilere de\u011fil, fabrikalara kurulmas\u0131 gerekti\u011fini belirten Ovayolu, \u201cG\u00f6reve geldi\u011fimiz ilk zamanlardan bu yana enerji maliyetlerini d\u00fc\u015f\u00fcr\u00fclmesi konusunda tavsiyelerde bulunduk. Da\u011fl\u0131k arazilerde ya da kente uzak alanlarda g\u00fcne\u015f enerji panelleri kurulmas\u0131 yerine \u201cYerinde \u00fcretim, \u00f6z\u00fcnde t\u00fcketim\u201d anlay\u0131\u015f\u0131yla fabrikalar\u0131n kendi enerji ihtiya\u00e7lar\u0131n\u0131 kar\u015f\u0131layaca\u011f\u0131 GES Projelerinin desteklenmesi gerekti\u011fini s\u00f6ylemi\u015ftik. Da\u011fl\u0131k, kentten uzak arazilere GES Projeleri yapmak yerine sanayicilerin elektrik ihtiya\u00e7lar\u0131n\u0131 kar\u015f\u0131lamas\u0131 i\u00e7in \u00e7at\u0131larda GES Projeleri yap\u0131lmas\u0131 gerekti\u011fini belirttik. \u00d6nceli\u011fin bu alanlara verilerek GES Projeleri haz\u0131rlanmas\u0131 gerekti\u011fini izah etmi\u015ftik. Hatta 5&#8217;inci Organize Sanayi B\u00f6lgesi\u2019nde yap\u0131lacak olan fabrika in\u015faatlar\u0131nda GES Projeleri yap\u0131lmas\u0131 tavsiye ettik.\u201d<\/p>\n<h2><strong>\u201cSANAY\u0130C\u0130 MAL\u0130YETLERDEN ETK\u0130LENMEYECEK\u201d<\/strong><\/h2>\n<p>GES Projelerinin sanayiciler taraf\u0131ndan ger\u00e7ekle\u015ftirildi\u011fini belirten Ovayolu, \u201cGES Projeleri, kredi kullan\u0131m\u0131 konusunda s\u0131k\u0131nt\u0131 ya\u015famayan i\u015f d\u00fcnyas\u0131ndan olan isimler taraf\u0131ndan hayata ge\u00e7iriliyor. Proje kredi ile yat\u0131r\u0131m ipotek alt\u0131na al\u0131narak yap\u0131l\u0131yor. Sadece proje teminat\u0131 ile da\u011fl\u0131k alanlara GES\u2019ler kuruluyor. Da\u011fl\u0131k alanlara kurulmas\u0131n\u0131n nedeni 8 y\u0131lda projenin kendini amorti edebilmesidir. \u0130\u015f adam\u0131 kendi fabrikas\u0131na kurdu\u011fu zaman amorti s\u00fcresi 1-2 y\u0131l daha uzayabiliyor. Ancak burada k\u0131sa s\u00fcreli olarak d\u00fc\u015f\u00fcn\u00fclmemesi gerekiyor. Devlet taraf\u0131ndan verilecek te\u015fviklerle sanayicilerimiz bu projeleri hayata ge\u00e7irebilir. \u00d6n\u00fcm\u00fczdeki s\u00fcre\u00e7te elektrik fiyatlar\u0131 artmasa bile 8 y\u0131l sonra elektrik maliyetlerini amorti etmesi ile kulland\u0131\u011f\u0131 elektri\u011fin hi\u00e7bir maliyeti kalmayacak. \u00dcretmi\u015f oldu\u011fu s\u0131f\u0131r maliyetli elektrik ile \u00fcretimini yapacak, dolay\u0131s\u0131yla y\u00fcksek elektrik maliyetlerinden etkilenmemi\u015f olacak.\u201d<\/p>\n<h2><strong>ENERJ\u0130 MAL\u0130YETLER\u0130 D\u0130KKATE ALINMALI<\/strong><\/h2>\n<p>GES Projelerinin \u00f6nemini anlatan Ovayolu, \u201cMaliyetlerin azalmas\u0131 ile sanayicilerimizin rekabet g\u00fcc\u00fc artacak. Almanya, \u0130talya, Fransa gibi \u00fclkelerde GES Projelerine ge\u00e7i\u015fler yap\u0131l\u0131yor. Bizim sanayicilerimiz bu \u00fclkelerle rekabet etmek istiyorlarsa enerji maliyetlerini dikkat etmek zorundalar. D\u00fcnya bu y\u00f6ntemi uygulamaya ba\u015fl\u0131yor, bu anlamda sanayicilerimizin \u00f6n\u00fcm\u00fczdeki on y\u0131lda rekabet g\u00fc\u00e7lerini kaybetmemesi i\u00e7in GES Projelerine a\u011f\u0131rl\u0131k vermeleri gerekiyor. Konunun \u00e7ok boyutlu olarak al\u0131nmas\u0131 gerekiyor. \u00dclkemizin rekabet g\u00fcc\u00fcn\u00fcn korunmas\u0131 i\u00e7in GES Projelerine ge\u00e7i\u015f yapmal\u0131.\u201d<\/p>\n<h2><strong>\u201cMAL\u0130YETLER SIFIRA \u0130ND\u0130R\u0130LEB\u0130L\u0130R\u201d<\/strong><\/h2>\n<p>OSB Ba\u015fkanl\u0131\u011f\u0131 ile yap\u0131lan g\u00f6r\u00fc\u015fmeleri aktaran Ovayolu,\u201d OSB Y\u00f6netim Kurulu eski Ba\u015fkan\u0131 Mustafa Top\u00e7uo\u011flu ile verimli g\u00f6r\u00fc\u015fmeler yapm\u0131\u015ft\u0131k. Bu g\u00f6r\u00fc\u015fmelerde 5.Organize Sanayi B\u00f6lgesi\u2019nde in\u015faat edilecek olan firmalardan enerji panelleri olacak gibi projeler istemeleri dolay\u0131s\u0131yla te\u015fekk\u00fcr ettik. \u0130kinci konu ise sanayicilerin durumu oluyor. Sanayicilerimizin bu konunun fark\u0131nda olmas\u0131 gerekiyor. Sanayicilerimiz g\u00fcn\u00fcbirlik d\u00fc\u015f\u00fcnerek, da\u011fl\u0131k alanlarda GES Projeleri yapacaklar\u0131na uzun vadeli d\u00fc\u015f\u00fcnerek kendi fabrikalar\u0131n\u0131n \u00e7at\u0131lar\u0131na in\u015fa ederek, maliyetleri s\u0131f\u0131ra indirebilirler. 10 y\u0131l sonra devletin bu santrallerden enerji al\u0131m\u0131 yapaca\u011f\u0131n\u0131n garantisi yok.\u201d<\/p>\n<h2><strong>FATURALARA YEKDEM DARBES\u0130<\/strong><\/h2>\n<p>YEKDEM konusunda a\u00e7\u0131klamalarda bulunan Ovayolu, \u201cDevlet, Yenilenebilir Enerji Kaynaklar\u0131n\u0131 Destekleme (YEKDEM) \u00e7\u0131kartt\u0131. Elektrik faturalar\u0131na bu konuda yans\u0131t\u0131yor. Devlet yenilenebilir enerji kaynaklar\u0131ndan enerji alarak ucuza vatanda\u015flara sat\u0131yor. Devlet pahal\u0131ya ald\u0131\u011f\u0131 enerjiyi ucuza satt\u0131\u011f\u0131 i\u00e7in zarar ediyor. Devlet bu noktada pahal\u0131ya ald\u0131\u011f\u0131 enerjinin bedelini vatanda\u015flara yans\u0131tmaya ba\u015fl\u0131yor. \u00d6n\u00fcm\u00fczdeki s\u00fcre\u00e7te YEKDEM maliyetleri faturalara artarak yans\u0131maya devam edecek. YEKDEM s\u00fcrd\u00fcr\u00fclebilir bir y\u00f6ntem de\u011fil. Devlet ald\u0131\u011f\u0131 elektri\u011fi daha ucuza sat\u0131yor bu nereye kadar gider bilemiyoruz. Geldi\u011fimiz s\u00fcre\u00e7te elektrik zamlar\u0131n\u0131n ya\u015fanmas\u0131n\u0131n nedenlerinden bir tanesi de YEKDEM oluyor. Onun i\u00e7in sanayicilerimizin kendi fabrikalar\u0131na GES Projeleri yapmalar\u0131 \u00f6n\u00fcm\u00fczdeki 10 y\u0131lda rekabet g\u00fc\u00e7lerini art\u0131racakt\u0131r\u201d diye konu\u015ftu.<\/p>\n<p>Kaynak: <a href=\"http:\/\/www.megahaber27.com\/haber\/43288\/mmodan-enerji-maliyetlerine-cozum-onerisi.html\" target=\"_blank\" rel=\"noopener\">Mega Haber<\/a><\/p>","protected":false},"excerpt":{"rendered":"<p>Sorry, this entry is only available in Turkish. For the sake of viewer convenience, the content is shown below in the alternative language. You may click the link to switch the active language. Do\u011falgaz ve elektrik fiyatlar\u0131na y\u00fczde 15 oran\u0131nda zam yap\u0131lmas\u0131 sanayicileri olumsuz etkiledi. \u00dcretimin \u00f6nemli iki fakt\u00f6r\u00fc olan elektrik ve do\u011falgaz fiyatlar\u0131na zam [&hellip;]<\/p>\n","protected":false},"author":1,"featured_media":98022,"comment_status":"open","ping_status":"open","sticky":false,"template":"","format":"standard","meta":[],"categories":[51,53,49],"tags":[55855,19,55854,55851,55857,18,55852,35038,44054,46016,23416,23133,34925,23131,55850,981,55856,34977,26939,508,55853],"views":388,"_links":{"self":[{"href":"https:\/\/www.enerjigazetesi.ist\/en\/wp-json\/wp\/v2\/posts\/98019"}],"collection":[{"href":"https:\/\/www.enerjigazetesi.ist\/en\/wp-json\/wp\/v2\/posts"}],"about":[{"href":"https:\/\/www.enerjigazetesi.ist\/en\/wp-json\/wp\/v2\/types\/post"}],"author":[{"embeddable":true,"href":"https:\/\/www.enerjigazetesi.ist\/en\/wp-json\/wp\/v2\/users\/1"}],"replies":[{"embeddable":true,"href":"https:\/\/www.enerjigazetesi.ist\/en\/wp-json\/wp\/v2\/comments?post=98019"}],"version-history":[{"count":0,"href":"https:\/\/www.enerjigazetesi.ist\/en\/wp-json\/wp\/v2\/posts\/98019\/revisions"}],"wp:featuredmedia":[{"embeddable":true,"href":"https:\/\/www.enerjigazetesi.ist\/en\/wp-json\/wp\/v2\/media\/98022"}],"wp:attachment":[{"href":"https:\/\/www.enerjigazetesi.ist\/en\/wp-json\/wp\/v2\/media?parent=98019"}],"wp:term":[{"taxonomy":"category","embeddable":true,"href":"https:\/\/www.enerjigazetesi.ist\/en\/wp-json\/wp\/v2\/categories?post=98019"},{"taxonomy":"post_tag","embeddable":true,"href":"https:\/\/www.enerjigazetesi.ist\/en\/wp-json\/wp\/v2\/tags?post=98019"}],"curies":[{"name":"wp","href":"https:\/\/api.w.org\/{rel}","templated":true}]}}