{"id":97643,"date":"2019-08-23T18:02:33","date_gmt":"2019-08-23T15:02:33","guid":{"rendered":"https:\/\/www.enerjigazetesi.ist\/?p=97643"},"modified":"2019-08-23T18:17:51","modified_gmt":"2019-08-23T15:17:51","slug":"dogu-akdenizin-de-yasanan-sicak-gelismeler-ve-olusturdugu-hava-dalgasi","status":"publish","type":"post","link":"https:\/\/www.enerjigazetesi.ist\/en\/dogu-akdenizin-de-yasanan-sicak-gelismeler-ve-olusturdugu-hava-dalgasi\/","title":{"rendered":"(Turkish) Do\u011fu Akdeniz&#8217;de Ya\u015fanan S\u0131cak Geli\u015fmeler ve Olu\u015fturdu\u011fu Hava Dalgas\u0131"},"content":{"rendered":"<p class=\"qtranxs-available-languages-message qtranxs-available-languages-message-en\">Sorry, this entry is only available in <a href=\"https:\/\/www.enerjigazetesi.ist\/tr\/wp-json\/wp\/v2\/posts\/97643\" class=\"qtranxs-available-language-link qtranxs-available-language-link-tr\" title=\"Turkish\">Turkish<\/a>. For the sake of viewer convenience, the content is shown below in the alternative language. You may click the link to switch the active language.<\/p><p><\/p>\n<h1><strong>U\u00e7 (ekstrem) s\u0131cak hava dalgas\u0131 Avrupa\u2019da pek \u00e7ok \u00fclkeyi etkisi alt\u0131na al\u0131rken mevsim normallerinin \u00fczerinde seyreden bir co\u011frafyada Do\u011fu Akdeniz\u2019de sular kayn\u0131yor zira b\u00f6lgedeki sondaj faaliyetleri; hidrokarbon kaynaklar\u0131n\u0131n\u0131n i\u00e7inde \u00e7\u0131kmas\u0131 muhtemel, gaz\u0131n hangi g\u00fczerg\u00e2h \u00fczerinden, nas\u0131l ve ne \u015fekilde ta\u015f\u0131naca\u011f\u0131 gibi meseleler b\u00f6lgenin g\u00fcvenlik ortam\u0131n\u0131 ve jeopoliti\u011fine etki etmekte. Y\u0131llarca k\u0131s\u0131k\u00a0ate\u015fte\u00a0az suda\u00a0pi\u015firilen nas\u0131l oldu da b\u00f6ye harl\u0131 l ate\u015fte pi\u015firilmeye ba\u015flad\u0131 daha \u00f6nce Eneri Gazetesi\u2019nde yay\u0131mlanan \u00e7e\u015fitli makalelerimde bunu konu olarak ele alm\u0131\u015ft\u0131m.<\/strong><\/h1>\n<p>23 Temmuz\u2019da (2019) Milli Savunma Bakanl\u0131\u011f\u0131 taraf\u0131ndan, Do\u011fu Akdeniz&#8217;de vazifeli\u00a0 sondaj gemilerine refakat eden Deniz Kuvvetleri Komutanl\u0131\u011f\u0131 unsurlar\u0131na ili\u015fkin g\u00f6r\u00fcnt\u00fcler Twitter&#8217;dan payla\u015f\u0131ld\u0131\u011f\u0131 haberi servis edildi ve haberde \u0130nsans\u0131z hava arac\u0131ndan al\u0131nan g\u00f6r\u00fcnt\u00fclere yer verilen payla\u015f\u0131mda, &#8220;Deniz Kuvvetleri Komutanl\u0131\u011f\u0131m\u0131z, Do\u011fu Akdeniz&#8217;de sondaj \u00e7al\u0131\u015fmas\u0131 yapan gemilerimize, havadan <img loading=\"lazy\" class=\"alignleft wp-image-97648\" src=\"https:\/\/www.enerjigazetesi.ist\/wp-content\/uploads\/2019\/08\/dogu-akdenizin-sicak-denizinde-yasanan-sicak-gelismeler-ve-hava-dalgasi3-300x169.jpg\" alt=\"\" width=\"320\" height=\"180\" srcset=\"https:\/\/www.enerjigazetesi.ist\/wp-content\/uploads\/2019\/08\/dogu-akdenizin-sicak-denizinde-yasanan-sicak-gelismeler-ve-hava-dalgasi3-300x169.jpg 300w, https:\/\/www.enerjigazetesi.ist\/wp-content\/uploads\/2019\/08\/dogu-akdenizin-sicak-denizinde-yasanan-sicak-gelismeler-ve-hava-dalgasi3-768x432.jpg 768w, https:\/\/www.enerjigazetesi.ist\/wp-content\/uploads\/2019\/08\/dogu-akdenizin-sicak-denizinde-yasanan-sicak-gelismeler-ve-hava-dalgasi3.jpg 1024w, https:\/\/www.enerjigazetesi.ist\/wp-content\/uploads\/2019\/08\/dogu-akdenizin-sicak-denizinde-yasanan-sicak-gelismeler-ve-hava-dalgasi3-500x281.jpg 500w, https:\/\/www.enerjigazetesi.ist\/wp-content\/uploads\/2019\/08\/dogu-akdenizin-sicak-denizinde-yasanan-sicak-gelismeler-ve-hava-dalgasi3-80x45.jpg 80w\" sizes=\"(max-width: 320px) 100vw, 320px\" \/>BAYRAKTAR TB-2 \u0130HA, deniz karakol u\u00e7a\u011f\u0131 ve deniz helikopterleri, su \u00fcst\u00fcnden f\u0131rkateyn, korvet ve h\u00fccumbotlar, su alt\u0131ndan denizalt\u0131lar ile s\u00fcrekli ve kesintisiz refakat ediyor.&#8221; ifadelerine yer verildi.<\/p>\n<p>Temmuz sonunda Kuzey K\u0131br\u0131s Ba\u015fbakan\u0131 Ersin Tatar, Kuzey K\u0131br\u0131s Turizm \u0130\u015fbirli\u011fi Toplant\u0131s\u0131 ve Resepsiyonunda &#8220;45 y\u0131l\u0131n sonunda g\u00f6rmekteyiz ki KKTC, T\u00fcrkiye&#8217;nin g\u00fcvenli\u011fi i\u00e7in de fevkalade \u00f6nemli bir devlet olarak\u00a0 belirmi\u015ftir. Tarih bunu asla silemez. Bundan dolay\u0131\u00a0 buradan K\u0131br\u0131s&#8217;a gelip mesaj veren Yunanistan&#8217;\u0131n Ba\u015fbakan\u0131na sesleniyorum. T\u00fcrk ulusu arkam\u0131zdad\u0131r. \u0130stedi\u011finiz kadar konu\u015fun&#8221; \u015feklinde konu\u015ftu ve Osmanl\u0131&#8217;n\u0131n K\u0131br\u0131s fethinde 70 bin \u015fehit verdi\u011fe de vutgu yaparak, tarih boyunca Ada&#8217;da T\u00fcrk varl\u0131\u011f\u0131n\u0131n kar\u015f\u0131la\u015ft\u0131\u011f\u0131 s\u0131k\u0131nt\u0131lar\u0131 anlatt\u0131. Tatar, T\u00fcrkiye&#8217;nin ve Kuzey K\u0131br\u0131s&#8217;\u0131n Do\u011fu Akdeniz&#8217;de son derece g\u00fc\u00e7l\u00fc bir pozisyon yakalad\u0131\u011f\u0131n\u0131n alt\u0131n\u0131 \u00e7izdikten sonra &#8220;\u00c7ok zahmetler \u00e7ektik. Ekonomik yap\u0131y\u0131 daha da g\u00fc\u00e7lendirmek zorunday\u0131z. Anadolu&#8217;dan getirilen suyun verdi\u011fi nimetle tar\u0131mda yakalanan ba\u015far\u0131yla KKTC devleti kendi insan\u0131na refah ve esenlik vermeye devam edecektir. Rekabet var. Kom\u015fularla mukayeseler var. Halk\u0131m\u0131z\u0131n esenli\u011fini ve refah\u0131n\u0131 art\u0131rmak i\u00e7in daha fazla \u00fcretmemiz laz\u0131m. Yine bu noktada ana vatandan \u00e7ok \u015feyler bekliyoruz. Daha fazla turist ve \u00f6\u011frenci bekliyoruz.&#8221; \u015feklinde konu\u015ftu.<\/p>\n<p>\u0130\u00e7inde bulundu\u011fumuz 2019 y\u0131l\u0131 A\u011fustos ay\u0131 ilk haftas\u0131 K\u0131br\u0131s Cumhuriyeti, T\u00fcrkiye&#8217;nin Do\u011fu Akdeniz&#8217;deki do\u011falgaz \u00e7al\u0131\u015fmalar\u0131n\u0131 Birle\u015fmi\u015f Milletler&#8217;e (BM) \u015fikayet etti. K\u0131br\u0131s&#8217;\u0131n BM Daimi Temsilcisi B\u00fcy\u00fckel\u00e7isi Andreas Mavroyannis, bu y\u00f6nde BM&#8217;ye bir mektup g\u00f6nderdi. Mavroyannis <img loading=\"lazy\" class=\"alignright wp-image-97650\" src=\"https:\/\/www.enerjigazetesi.ist\/wp-content\/uploads\/2019\/08\/dogu-akdenizin-sicak-denizinde-yasanan-sicak-gelismeler-ve-hava-dalgasi2-300x169.jpg\" alt=\"\" width=\"320\" height=\"180\" srcset=\"https:\/\/www.enerjigazetesi.ist\/wp-content\/uploads\/2019\/08\/dogu-akdenizin-sicak-denizinde-yasanan-sicak-gelismeler-ve-hava-dalgasi2-300x169.jpg 300w, https:\/\/www.enerjigazetesi.ist\/wp-content\/uploads\/2019\/08\/dogu-akdenizin-sicak-denizinde-yasanan-sicak-gelismeler-ve-hava-dalgasi2-768x432.jpg 768w, https:\/\/www.enerjigazetesi.ist\/wp-content\/uploads\/2019\/08\/dogu-akdenizin-sicak-denizinde-yasanan-sicak-gelismeler-ve-hava-dalgasi2-500x281.jpg 500w, https:\/\/www.enerjigazetesi.ist\/wp-content\/uploads\/2019\/08\/dogu-akdenizin-sicak-denizinde-yasanan-sicak-gelismeler-ve-hava-dalgasi2-80x45.jpg 80w, https:\/\/www.enerjigazetesi.ist\/wp-content\/uploads\/2019\/08\/dogu-akdenizin-sicak-denizinde-yasanan-sicak-gelismeler-ve-hava-dalgasi2.jpg 864w\" sizes=\"(max-width: 320px) 100vw, 320px\" \/>mektubunda, &#8216;T\u00fcrkiye, K\u0131br\u0131s&#8217;\u0131n M\u00fcnhas\u0131r Ekonomik B\u00f6lgesi&#8217;ndeki\u00a0(MEB)\u00a0eylemleriyle BM t\u00fcz\u00fc\u011f\u00fc ve uluslararas\u0131 hukuk kurallar\u0131n\u0131 \u00e7i\u011fnemekte \u0131srar ediyor. B\u00f6ylece b\u00f6lgedeki bar\u0131\u015f ve istikrar\u0131 olumsuz etkiliyor. Uluslararas\u0131 sivil havac\u0131l\u0131k u\u00e7u\u015flar\u0131\u00a0tehlikeye at\u0131l\u0131yor.\u00a0Ve\u00a0bar\u0131\u015f s\u00fcrecinin ger\u00e7ekle\u015fmesi i\u00e7in olumlu ortam yarat\u0131lmas\u0131\u00a0engellenmekte &#8221; \u015feklinde de\u011ferlendirirken mezkur Mektupta, &#8216;b\u00f6lgede u\u00e7u\u015f ger\u00e7ekle\u015ftiren sivil ve askeri u\u00e7aklar\u0131n, telsiz yoluyla T\u00fcrkiye taraf\u0131ndan s\u00fcrekli rahats\u0131z edildikleri&#8217; de \u00f6ne s\u00fcr\u00fcld\u00fc. K\u0131br\u0131sl\u0131 B\u00fcy\u00fckel\u00e7i mektubuna, &#8220;T\u00fcrk ticari u\u00e7aklar\u0131\u00a0Ercan Havaliman\u0131&#8217;n\u0131 kullanmaya devam ediyor&#8221; notu da d\u00fc\u015ft\u00fc.<\/p>\n<p><a href=\"https:\/\/www.sabah.com.tr\/haberleri\/turkiye\">T\u00fcrkiye<\/a>, Kuzey K\u0131br\u0131s T\u00fcrk Cumhuriyeti (KKTC), G\u00fcney K\u0131br\u0131s Rum Y\u00f6netimi (GKRY), Yunanistan, \u0130sraiil L\u00fcbnan, Suriye ve Libya hali haz\u0131rda \u00a0<a href=\"https:\/\/www.sabah.com.tr\/haberleri\/dogu-akdeniz\">Do\u011fu Akdeniz<\/a>&#8216;de aktif politika y\u00fcr\u00fctmekteler GKRY&#8217;nin Do\u011fu Akdeniz\u2019de tek tarafl\u0131 olarak ilan etti\u011fi kendi m\u00fcnhas\u0131r ekonomik b\u00f6lgeside (MEB) 13 parselden olu\u015fuyor. Kuzeyde s\u0131ras\u0131yla 1. 2. ve 3. parsel, ortada 4. 5. 6. 7. 8. 9. ve 13. parsel ve g\u00fcneyde ise 10. 11. ve 12&#8217;inci parselde yer almakta. Mezkur b\u00f6lgede enerji arama yetkisi verdi\u011fi firmalar aras\u0131nda Frans\u0131z TOTAL, \u0130talyan ENI,\u00a0 Amerikan Noble Energy, Amerikan ExxonMobil, \u0130srailli Delek, Hollandal\u0131 Royal Dutch Shell ve ExxonMobil\u2019le orta\u011f\u0131 Katar Petrol \u015eirketi gibi d\u00fcnya enerji piyasas\u0131n\u0131n dev akt\u00f6rleri mevcut.<\/p>\n<p>2019 senesi itibar\u0131yla ABD Jeolojik Ara\u015ft\u0131rmalar Merkezi verileri,\u00a0<a href=\"https:\/\/www.sabah.com.tr\/haberleri\/dogu-akdeniz\">Do\u011fu Akdeniz<\/a>&#8216;in Levant ad\u0131 verilen ve Suriye k\u0131y\u0131lar\u0131n\u0131 da i\u00e7inde bar\u0131nd\u0131ran b\u00f6lgesinde yakla\u015f\u0131k 3,5 trilyon metrek\u00fcp do\u011falgaz ve 1,7 milyar varil civar\u0131nda petrol rezervi bulundu\u011funu kaydetmektedir.<\/p>\n<p>B\u00f6lge, GKRY taraf\u0131ndan tek tarafl\u0131 olarak ilan edilen s\u00f6zde 13 parselden olu\u015fuyor.<\/p>\n<p>Kuzeyde s\u0131ras\u0131yla 1. 2. ve 3. parsel, ortada 4. 5. 6. 7. 8. 9. ve 13. parsel ve g\u00fcneyde ise 10. 11. ve 12. parsel yer almakta.<\/p>\n<p><img loading=\"lazy\" class=\"alignleft wp-image-97651\" src=\"https:\/\/www.enerjigazetesi.ist\/wp-content\/uploads\/2019\/08\/dogu-akdenizin-sicak-denizinde-yasanan-sicak-gelismeler-ve-hava-dalgasi1-300x169.jpg\" alt=\"\" width=\"320\" height=\"180\" srcset=\"https:\/\/www.enerjigazetesi.ist\/wp-content\/uploads\/2019\/08\/dogu-akdenizin-sicak-denizinde-yasanan-sicak-gelismeler-ve-hava-dalgasi1-300x169.jpg 300w, https:\/\/www.enerjigazetesi.ist\/wp-content\/uploads\/2019\/08\/dogu-akdenizin-sicak-denizinde-yasanan-sicak-gelismeler-ve-hava-dalgasi1-500x281.jpg 500w, https:\/\/www.enerjigazetesi.ist\/wp-content\/uploads\/2019\/08\/dogu-akdenizin-sicak-denizinde-yasanan-sicak-gelismeler-ve-hava-dalgasi1-80x45.jpg 80w, https:\/\/www.enerjigazetesi.ist\/wp-content\/uploads\/2019\/08\/dogu-akdenizin-sicak-denizinde-yasanan-sicak-gelismeler-ve-hava-dalgasi1.jpg 750w\" sizes=\"(max-width: 320px) 100vw, 320px\" \/>\u0130ran&#8217;a ait bir petrol tankerinin 4 Temmuz&#8217;da \u0130ngiliz donanmas\u0131 taraf\u0131ndan durdurulmas\u0131 sonras\u0131 iki \u00fclke kar\u015f\u0131l\u0131kl\u0131 sert a\u00e7\u0131klamalarda bulundu. \u0130ngiltere&#8217;ye ba\u011fl\u0131 olan \u0130spanya&#8217;n\u0131n g\u00fcneyindeki Cebelitar\u0131k \u00f6zerk y\u00f6netimi \u0130ran tankerinin Avrupa Birli\u011fi&#8217;nin (AB) Suriye&#8217;ye uygulad\u0131\u011f\u0131 ambargolar\u0131 ihlal etti\u011fi gerek\u00e7esiyle al\u0131konuldu\u011funu a\u00e7\u0131klam\u0131\u015ft\u0131. Birle\u015fik Arap Emirlikleri&#8217;nin Fuceyra Liman\u0131&#8217;ndan yola \u00e7\u0131kan Stena Impero isimli tanker ise 18 Temmuz&#8217;da \u0130ran Devrim Muhaf\u0131zlar\u0131 taraf\u0131ndan al\u0131kondu. Tahran y\u00f6netimi, tankerin uluslararas\u0131 denizcilik kurallar\u0131na uymad\u0131\u011f\u0131 gerek\u00e7esiyle&#8221; \u0130ran kara sular\u0131na \u00e7ekildi\u011fi duyurdu. Cebelitar\u0131k ve H\u00fcrm\u00fcz Bo\u011faz\u0131&#8217;ndaki yak\u0131n d\u00f6nem geli\u015fmeler\u00a0 sular\u0131 \u0131s\u0131tan k\u00fcresel ve b\u00f6lgesel geli\u015fimler idi bunlar Fakat sular\u0131n a\u015f\u0131r\u0131 s\u0131cak hale gelmis bir ba\u015fka deniz daha vard\u0131 . O\u2019nun ad\u0131 &#8216;<strong>Do\u011fu Akdeniz&#8217;<\/strong><\/p>\n<p>Bu makale Do\u011fu Akdeniz\u2019de yak\u0131n d\u00f6nem geli\u015fmelere enerji \u00f6zelinde \u0131\u015f\u0131k tutarken konu \u00f6zelinde kendisine T\u00fcrkiye&#8217;nin kendisine\u00a0kar\u015f\u0131 y\u00f6nlendirilen haks\u0131z her t\u00fcrl\u00fc giri\u015fim ve harekete kar\u015f\u0131 dirayetli, boyun e\u011fmeyen\u00a0kararl\u0131 tutum sergilemesine bu do\u011frultudaki\u00a0eylemlerini de\u00a0ortaya koymay\u0131 gaye edinmi\u015ftir. \u0130laveten gelecekteki analiz makalelere tarihsel kay\u0131tlarla notlar d\u00fc\u015fmeyi ama\u00e7lamaktad\u0131r.<\/p>\n<p>Gerek b\u00f6lgesel gerekse k\u00fcresel anlamda jeopolitik a\u00e7\u0131dan geride b\u0131rakt\u0131\u011f\u0131m\u0131z 2019 y\u0131l\u0131 Temmuz ay\u0131n\u0131n ikinci haftas\u0131n\u0131n d\u00fcnya bas\u0131n\u0131nda man\u015fetlere ta\u015f\u0131nan en \u00f6nemli geli\u015fmelerinden biri\u00a0<a href=\"https:\/\/www.cnnturk.com\/haberleri\/turkiye\">T\u00fcrkiye<\/a>\u2019nin hava ve f\u00fcze\u00a0savunma ihtiyac\u0131n\u0131n kar\u015f\u0131lanmas\u0131na y\u00f6nelik\u00a0<strong>S-400\u00a0Uzun Menzilli B\u00f6lge Hava ve F\u00fcze\u00a0Savunma\u00a0Sistemi<\/strong>&#8216;nin 11 Nisan 2017\u2019de Ba\u015fkanl\u0131k ile Rosoboronexport\/<a href=\"https:\/\/www.cnnturk.com\/haberleri\/rusya\">Rusya\u00a0<\/a>Federasyonu aras\u0131nda i imzalanan Tedarik s\u00f6zle\u015fmesine binaen 3 parti halide ger\u00e7ekle\u015fecek teslimat\u0131na dair birinci grup malzemelerinin M\u00fcrted Hava Meydan\u0131&#8217;na intikal etmesiydi. Ayn\u0131 tarihlerde Do\u011fu Akdeniz\u2019de T\u00fcrkiye\u2019nin petrol &#8211; do\u011falgaz arama sondaj faaliyetlerine ba\u015fta k\u00fcresel g\u00fc\u00e7leri ve \u00fcyesi oldu\u011fu AB\u2019yi arkas\u0131na alm\u0131\u015f olan G\u00fcney K\u0131br\u0131s Rum Y\u00f6netimi (GKRY) ve Yunanistan ve dahi AB&#8217;den olmak \u00fczere\u00a0 tazyik politikas\u0131n\u0131n da h\u0131z kesmeden devam etti\u011fi, T\u00fcrkiye\u2019ye derhal sondaj \u00e7al\u0131\u015fmalar\u0131n\u0131 durdurma \u00e7a\u011fr\u0131s\u0131nda bulunarak efelenenlerin seslerini y\u00fckseltmeye devam etti\u011fi bir zamandayd\u0131k. \u201cM\u00fcnhas\u0131r Ekonomik B\u00f6lge\u201d s\u0131n\u0131rlar\u0131 retori\u011finden de ald\u0131\u011f\u0131 g\u00fc\u00e7le Avrupa\u2019n\u0131 \u015f\u0131mar\u0131k \u00e7ocu\u011fu ruhsat sahas\u0131 ve k\u0131ta sahanl\u0131klar\u0131nda yaramazl\u0131klar\u0131na devam ediyordu. S\u00f6zkonusu sondaj faaliyetlerini \u201cyasad\u0131\u015f\u0131, G\u00fcney K\u0131br\u0131s\u2019\u0131n egemenli\u011finin ihlali\u201d olarak niteleyen AB cephesinin yapt\u0131r\u0131mlar\u0131 i\u00e7eren tasla\u011f\u0131 da e g\u00f6r\u00fc\u015fmeye a\u00e7t\u0131\u011f\u0131 bir hafta idi. Di\u011fer yandan PKK ter\u00f6r \u00f6rg\u00fct\u00fcne kar\u015f\u0131 Irak&#8217;\u0131n kuzeyinde &#8220;<strong>Pen\u00e7e-1<\/strong> ve <strong>Pen\u00e7e-2 Harekatlar\u0131<\/strong>&#8220;n\u0131n da muvaffakiyetle y\u00fcr\u00fct\u00fcld\u00fc\u011f\u00fc bir d\u00f6neme denk geliyordu bu geli\u015fmeler.<\/p>\n<p>Haftan\u0131n sonu ise daha enterasnd\u0131\u00a0 zira Rum Fileleftheros gazetesi, Baf a\u00e7\u0131klar\u0131nda\u00a0g\u00f6rev yapan\u00a0Fatih sondaj gemisinin\u00a0170 milyar metrek\u00fcp do\u011falgaz rezervi ke\u015ffetti\u011fini \u00f6ne s\u00fcrmekteydi.<\/p>\n<p>Fileleftheros gazetesi AB kaynaklar\u0131na dayand\u0131rarak servis etti\u011fi\u00a0 haberde, T\u00fcrkiye\u2019nin Do\u011fu Akdeniz\u2019de petrol ve do\u011falgaz sondaj \u00e7al\u0131\u015fmalar\u0131 y\u00fcr\u00fcten\u00a0Fatih sondaj gemisinin\u00a0Baf a\u00e7\u0131klar\u0131nda\u00a0170 milyar metrek\u00fcp do\u011falgaz rezervi ke\u015ffetti\u011fini yazmaktayd\u0131. K\u0131br\u0131s Cumhuriyeti\u2019nin KKTC\u2019nin Akdeniz\u2019deki hidrokarbonun kullan\u0131m\u0131yla ilgili sundu\u011fu\u00a0<strong>\u2018do\u011falgaz komitesi\u2019<\/strong>\u00a0teklifini kabul etmedi\u011fini bildirildi\u011fi 16 Temmuza gelindi\u011finde Avrupa Birli\u011fi (AB) d\u0131\u015fi\u015fleri bakanlar\u0131n\u0131n kat\u0131l\u0131m\u0131yla Br\u00fcksel&#8217;de tertiplenen\u00a0 D\u0131\u015f \u0130li\u015fkiler Konseyi toplant\u0131s\u0131n\u0131n ard\u0131ndan yap\u0131lan yaz\u0131l\u0131 a\u00e7\u0131klamada, Do\u011fu Akdeniz&#8217;deki sondaj \u00e7al\u0131\u015fmalar\u0131na ili\u015fkin\u00a0 T\u00fcrkiye&#8217;ye kar\u015f\u0131 fon kesintisi, \u00fcst d\u00fczey toplant\u0131lar\u0131n \u015fimdilik yap\u0131lmamas\u0131 ve Avrupa Birli\u011fi&#8217;nin finans kurumu olan Avrupa Yat\u0131r\u0131m Bankas\u0131&#8217;n\u0131n T\u00fcrkiye&#8217;ye y\u00f6nelik mali yard\u0131m \u015fartlar\u0131n\u0131 yeniden g\u00f6zden ge\u00e7irmeye davet edilmesini i\u00e7eren yapt\u0131r\u0131mlar\u0131n onayland\u0131\u011f\u0131 bildirirken \u00a0 Enerji ve Tabii Kaynaklar Bakan\u0131 Fatih D\u00f6nmez\u2019de, Akdeniz\u2019deki arama ve sondaj faaliyetlerine\u00a0 \u201c\u201cFatih ve Yavuz Sondaj gemilerimiz ve Barbaros Hayreddin Pa\u015fa Sismik Arama gemimizle b\u00f6lgede s\u00fcrd\u00fcrd\u00fc\u011f\u00fcm\u00fcz faaliyetlerimize \u015fimdi d\u00f6rd\u00fcnc\u00fc gemimizi de d\u00e2hil ediyoruz. \u201c\u015feklinde konu\u015farak\u00a0 ve A\u011fustos 2017\u2019den bu yana Karadeniz ve Marmara\u2019da sismik ara\u015ft\u0131rmalar\u0131n\u0131 s\u00fcrd\u00fcren MTA Oru\u00e7 Reis Sismik Ara\u015ft\u0131rma Gemimizi kastederek\u00a0 gemi say\u0131s\u0131n\u0131n 4\u2019e \u00e7\u0131kaca\u011f\u0131n\u0131 bildirdi.<\/p>\n<p>T\u00fcrkiye&#8217;nin sondaj gemilerini K\u0131br\u0131s a\u00e7\u0131klar\u0131na g\u00f6ndermesi ve geminin Kuzey K\u0131br\u0131s&#8217;\u0131n ruhsat verdi\u011fi b\u00f6lgelerde do\u011falgaz aramalar\u0131na ba\u015flamas\u0131 ba\u015ftan bu yana GKRY Yunanistan, AB,ABD \u0130srail ve ABD&#8217;nin yan\u0131 s\u0131ra 2003 senesinde Rum Kesimi ile M\u00fcnhas\u0131r Ekonomik B\u00f6lge (MEB) s\u0131n\u0131rland\u0131rma anla\u015fmas\u0131n\u0131 imzalad\u0131ktan sonra Do\u011fu Akdeniz\u2019de kilit \u00fclke pozisyonuna ge\u00e7en \u00a0M\u0131s\u0131r\u2019\u0131n da tepkisini \u00e7ekmekteydi.T\u00fcrkiye&#8217;nin Akdeniz&#8217;de sondaj \u00e7al\u0131\u015fmalar\u0131na bir anlamda kar\u015f\u0131l\u0131k kurulan Do\u011fu Akdeniz Gaz Forumu bakanlar seviyesinde 2. kez Do\u011fu Akdeniz\u2019de en uzun sahil \u015feridine sahip ikinci \u00fclke olan\u00a0 M\u0131s\u0131r&#8217;\u0131n ba\u015fkenti Kahire&#8217;de topland\u0131. Forumun ilk toplanmas\u0131n\u0131n arkas\u0131ndaki dinamik te bu sonda \u00e7al\u0131\u015fmalar\u0131yd\u0131. T\u00fcrkiye\u2019nin yaln\u0131zla\u015ft\u0131r\u0131lmas\u0131na y\u00f6nelik ittifak ve koalisyonlar\u0131n \u00f6rne\u011fi niteli\u011finde bir mekanizmayd\u0131 adeta ,\u00a0 S\u00f6zkonusu Forum, 2&#8217;nci Bakanl\u0131k Toplant\u0131s\u0131 \u0130srail&#8217;in de aralar\u0131nda bulundu\u011fu 7 \u00fclkenin kat\u0131l\u0131m\u0131yla d\u00fczenlendi. Geride b\u0131rakt\u0131\u011f\u0131m\u0131z Ocak ay\u0131nda Kahire&#8217;de bir araya gelen GKRY, Yunanistan, \u0130srail, \u0130talya, \u00dcrd\u00fcn, Filistin ve M\u0131s\u0131r Do\u011fu Akdeniz Gaz Forumu&#8217;nu kurduklar\u0131n\u0131 ilan etmi\u015flerdi. AB&#8217;nin deste\u011fini arkas\u0131na\u00a0 alan\u00a0 BD Enerji Bakan\u0131 Rick Perry, AB Komisyonu Enerji Genel M\u00fcd\u00fcr\u00fc Dominique Ristori ile Fransa ve D\u00fcnya Bankas\u0131ndan temsilcilerin de kat\u0131ld\u0131\u011f\u0131 iDo\u011fu Akdeniz Gaz Forumu&#8217;na T\u00fcrkiye dahil edilmemesi ve \u00a0B\u00f6lgede kendi ba\u015f\u0131na faaliyet y\u00fcr\u00fcten\u00a07 \u00fclkenin toplanmas\u0131n\u0131 yan\u0131 s\u0131ra\u00a0 AB&#8217;nin de bu birli\u011fe destek olmas\u0131 T\u00fcrkiye&#8217;nin saf d\u0131\u015f\u0131 tutulmak istendi\u011fini belirgin hale getrmekte. S\u00f6zkonusu forma ili\u015fkin\u00a0 &#8220;Kat\u0131l\u0131mc\u0131lar, \u00fcyelerin do\u011fal kaynaklar\u0131ndaki haklar\u0131n\u0131n sayg\u0131nl\u0131\u011f\u0131 i\u00e7in forumu, uluslararas\u0131 hukuka uygun uluslararas\u0131 bir \u00f6rg\u00fctlenme seviyesine y\u00fckseltme taahh\u00fcd\u00fcnde bulundu&#8221; ifadelerinin yer ald\u0131\u011f\u0131 a\u00e7\u0131klamalarda\u00a0 bir sonraki toplant\u0131n\u0131n Ocak 2020&#8217;de Kahire&#8217;de yap\u0131lmas\u0131 kararla\u015ft\u0131r\u0131ld\u0131\u011f\u0131 da duyuruldu.<\/p>\n<p>Halihaz\u0131rda sahada sondaj ve sismik ara\u015ft\u0131rma gemileriyle \u00e7al\u0131\u015fmalar\u0131n\u0131 s\u00fcrd\u00fcren ve ortak uluslararas\u0131 tepkiye haks\u0131zca maruz kalan T\u00fcrkiye, b\u00f6lgeye sava\u015f kemiler, denizlat\u0131lar ve hava destekleri getirmekte ve olas\u0131 m\u00fcdahalelelere kar\u015f\u0131 teyakkuzda beklemekte. Zaten Suriye sava\u015f\u0131 y\u00fcz\u00fcnden askeri hareketlili\u011fin s\u00fcrd\u00fc\u011f\u00fc b\u00f6lgede Do\u011fu Akdeniz\u2019in yeni bir \u00e7at\u0131\u015fma sahas\u0131na d\u00f6n\u00fc\u015fmesi endi\u015fesi g\u00fcndemi hayli s\u0131cak tutmakta<\/p>\n<p>28 Temmuz\u2019da T\u00fcrkiye&#8217;nin\u00a0<a href=\"https:\/\/www.takvim.com.tr\/haberleri\/dogu-akdeniz\">Do\u011fu Akdeniz<\/a>&#8216;de petrol aramas\u0131ndan rahats\u0131z olan Ermeni bas\u0131n\u0131, T\u00fcrkiye\u2019yi hedef alan \u00e7irkin ve hakks\u0131zca bir skandal haber servis ederek T\u00fcrkiye i\u00e7in &#8220;sava\u015f \u00e7\u0131\u011f\u0131rtkan\u0131&#8221; ve &#8220;istikrar bozan&#8221; ifadelerini kullanmaya c\u00fcret etti.\u00a0 &#8216;Armenian Weekly&#8217; isimli Ermenistan yay\u0131n organ\u0131, K\u0131br\u0131s&#8217;taki T\u00fcrk varl\u0131\u011f\u0131n\u0131 hi\u00e7e sayarak, T\u00fcrkiye&#8217;nin Do\u011fu Akdeniz&#8217;deki do\u011falgaz rezervlerini &#8220;s\u00f6m\u00fcrmeye&#8221; \u00e7al\u0131\u015ft\u0131\u011f\u0131n\u0131 iddia etti.<\/p>\n<p>30 Temmuz (2019) da 6 saat 10 dakika s\u00fcren Cumhurba\u015fkanl\u0131\u011f\u0131 Saray\u0131&#8217;nda Cumhurba\u015fkan\u0131 Erdo\u011fan ba\u015fkanl\u0131\u011f\u0131nda ger\u00e7ekle\u015ftirilen toplanan Milli G\u00fcvenlik Kurulu (MGK) toplant\u0131s\u0131 sonras\u0131 yay\u0131mlanan bildiride, &#8221;Do\u011fu Akdeniz\u2019deki uluslararas\u0131 hukuktan kaynaklanan hak ve menfaatlerimiz ile Kuzey K\u0131br\u0131s T\u00fcrk Cumhuriyeti\u2019nin hak ve menfaatlerinin korunmas\u0131na y\u00f6nelik b\u00f6lge bar\u0131\u015f\u0131 ve istikrar\u0131n\u0131 esas alan, i\u015f birli\u011finin geli\u015fimine katk\u0131da bulunan, kararl\u0131 ve ilkeli tutumumuzun s\u00fcrd\u00fcr\u00fclmesinin hayati \u00f6nem arz etti\u011fi kaydedilmi\u015ftir\u201d ifadeleri ana ak\u0131m medyada man\u015fetlere yerle\u015fti.<\/p>\n<p>Ve Temmuz ay\u0131n\u0131n sonunda GKRY, Do\u011fu Akdeniz&#8217;de\u00a0<a href=\"https:\/\/www.takvim.com.tr\/haberleri\/turkiye\">T\u00fcrkiye<\/a>&#8216;nin k\u0131ta sahanl\u0131\u011f\u0131 i\u00e7erisinde bulunan 7. Blok&#8217;ta, do\u011fal gaz arama ve sondaj yapma konusunda\u00a0<a href=\"https:\/\/www.takvim.com.tr\/haberleri\/fransiz-total\">Frans\u0131z Total<\/a>\u00a0ve\u00a0<a href=\"https:\/\/www.takvim.com.tr\/haberleri\/italyan-eni\">\u0130talyan Eni<\/a>\u00a0\u015firketlerine ye\u015fil \u0131\u015f\u0131k yakt\u0131 ve Rum Bakanlar Kurulu&#8217;nda konu karara ba\u011fland\u0131.<a href=\"https:\/\/www.takvim.com.tr\/dunya\/2019\/07\/31\/rumlar-dogu-akdenizde-hukuku-hice-saydi\">.<\/a> Zira Ada bas\u0131n\u0131na g\u00f6re Rum y\u00f6netimi, T\u00fcrkiye&#8217;nin hak iddia etti\u011fi 5, 6 ve 12. blokta denizalt\u0131 ara\u015ft\u0131rmalar\u0131 i\u00e7in Navtex yay\u0131mlam\u0131\u015f ve Rum Enerji Bakan\u0131 Yorgos Lakkotripis de iki \u015firketle anla\u015fman\u0131n hukuki ve teknik \u015fartnamesinin haz\u0131rland\u0131\u011f\u0131n\u0131 duyurmu\u015ftu. Uzmanlara g\u00f6re Rum Y\u00f6netiminin ald\u0131\u011f\u0131 mezkur karar b\u00f6lge i\u00e7in b\u00fcy\u00fck risk ta\u015f\u0131makta . 15 May\u0131s&#8217;ta GKRY ile savunma konusunda anla\u015fma imzalayan\u00a0<a href=\"https:\/\/www.takvim.com.tr\/haberleri\/fransa\">Fransa<\/a>, ihtilafl\u0131 b\u00f6lgelerde yap\u0131lacak \u00e7al\u0131\u015fmalara T\u00fcrkiye&#8217;nin m\u00fcdahalesi durumunda askeri koruma sa\u011flayaca\u011f\u0131 taahh\u00fcd\u00fcnde bulunmu\u015ftu. Ada&#8217;n\u0131n g\u00fcneyinde deniz \u00fcss\u00fc kuran Frans\u0131z donanmas\u0131n\u0131n T\u00fcrkiye&#8217;ye y\u00f6nelik olas\u0131 bir ad\u0131m\u0131n istenmeyen bir s\u0131cak \u00e7at\u0131\u015fma riski do\u011furmas\u0131 endi\u015fesi de dile getirilmeye ba\u015fland\u0131. T\u00fcrkiye&#8217;nin Akdeniz&#8217;de k\u0131ta sahanl\u0131\u011f\u0131n\u0131 koruma konusunda kararl\u0131\u011f\u0131n\u0131 vurgulayan Emekli T\u00fcmamiral Cem G\u00fcrdeniz, &#8220;\u015eayet iddialar ger\u00e7e\u011fe d\u00f6n\u00fc\u015f\u00fcr ve T\u00fcrkiye&#8217;nin &#8216;benim alan\u0131m&#8217; dedi\u011fi yerde TOTAL gemileri \u00e7al\u0131\u015fma yapmak isterse, Fransa Donanmas\u0131 da e\u015flik etse bir \u015fey de\u011fi\u015fmez ve \u00fclkemiz &#8216;mavi vatanda&#8217; haklar\u0131n\u0131 en \u00fcst \u015fekilde korur&#8221; dedi. GKRY y\u00f6netimi 1,4,5,6,7, say\u0131l\u0131 parsellerde kanunsuz bir \u015fekilde &#8216;k\u0131ta sahanl\u0131\u011f\u0131&#8217; ilan ederek T\u00fcrkiye&#8217;den pay \u00e7ald\u0131\u011f\u0131n\u0131 belirten G\u00fcrdeniz, &#8220;Bu pay \u00e7alma i\u015flemi asl\u0131nda T\u00fcrkiye&#8217;nin ilan etti\u011fi &#8216;Mavi Vatan&#8217; s\u0131n\u0131rlar\u0131n\u0131 delmek anlam\u0131na gelir. E\u011fer TOTAL, T\u00fcrkiye&#8217;nin deklare etti\u011fi hatt\u0131n i\u00e7inde bir delme i\u015flemi yaparsa \u00fclkemizin bu konuda ad\u0131m atmamas\u0131 ve savunma yapmamas\u0131 gibi bir \u015fey s\u00f6z konusu olamaz. Ancak bu hatt\u0131n d\u0131\u015f\u0131nda bir \u00e7al\u0131\u015fma yap\u0131l\u0131r ve kaz\u0131-delme faaliyetleri icra edilirse, bunun 6 ve 10 numaral\u0131 parsellerdeki i\u015flemlerden bir fark\u0131 olmaz ve T\u00fcrkiye de buna g\u00f6re davran\u0131r. Hat\u0131rlanaca\u011f\u0131 \u00fczere T\u00fcrkiye bu alanlarda yap\u0131lan \u00e7al\u0131\u015fmalara askeri olarak m\u00fcdahale etmedi. \u00d6nce &#8216;ikaz&#8217; mekanizmalar\u0131 \u00e7al\u0131\u015ft\u0131r\u0131l\u0131r ard\u0131ndan askeri se\u00e7enekleri de i\u00e7inde bar\u0131nd\u0131ran \u00f6nleme hakk\u0131n\u0131 kullan\u0131r. Burada \u00f6nemli olan bu s\u00fcrecin silahl\u0131 bir \u00e7at\u0131\u015fmaya d\u00f6n\u00fc\u015fmeden y\u00f6netilebilmesidir. GKRY&#8217;nin T\u00fcrkiye&#8217;yi bu \u015fekilde k\u0131\u015fk\u0131rtaca\u011f\u0131n\u0131 d\u00fc\u015f\u00fcnm\u00fcyorum&#8221; Fransa Donanmas\u0131 \u015fuan i\u00e7in hen\u00fcz bir iddia. Ancak tekrar ediyorum: T\u00fcrkiye kendi alan\u0131nda bu tarz bir faaliyete kim olursa izin vermez. Frans\u0131z Donanmas\u0131 da e\u015flik etse kararl\u0131l\u0131\u011f\u0131m\u0131zda de\u011fi\u015fiklik olmaz.&#8221; \u015feklinde konu\u015ftu.<\/p>\n<p>A\u011fustos ay\u0131na gelindi\u011finde 7. Blok\u2019ta Frans\u0131z ve \u0130talyanlar ile gaz arama anla\u015fmas\u0131 imzalamas\u0131 yetmezmi\u015f gibi GKRY daha da ileriye giderek, bu defa Avustralya merkezli CSnet International\u2019a ba\u011fl\u0131 \u201cPSV Highland Navigator\u201d gemisine yetki verdi. uluslararas\u0131 hukuktan do\u011fan haklar\u0131n\u0131 sonuna kadar savunma konusundaki kararl\u0131l\u0131\u011f\u0131n\u0131 bir kez daha s\u00fcrd\u00fcren ve oldu \u201cbitti\u201dlere pabu\u00e7 b\u0131rakmayaca\u011f\u0131n\u0131 g\u00f6steren T\u00fcrkiye yay\u0131mlad\u0131\u011f\u0131 iki Navtex ile b\u00f6lgeye y\u00f6nelecek t\u00fcm deniz ara\u00e7lar\u0131n\u0131 uyard\u0131. T\u00fcrkiye, Do\u011fu Akdeniz&#8217;de Rumlar\u0131n hukuksuz ad\u0131mlar\u0131na izin vermeyece\u011fini a\u00e7\u0131klad\u0131.<\/p>\n<p>Geli\u015fmelerin \u00d6ncesinde de yine Temmuz ay\u0131nda AK Parti, CHP, MHP ve \u0130Y\u0130 Parti <span style=\"text-decoration: underline;\">ortak bildirisinde;<\/span> \u00a0&#8220;Do\u011fu Akdeniz Bizler T\u00fcrkiye B\u00fcy\u00fck Millet Meclisi\u2019nde grubu bulunan siyasi partiler olarak Do\u011fu Akdeniz b\u00f6lgesi hidrokarbon kaynaklar\u0131n\u0131n payla\u015f\u0131m\u0131 konusunda, bir oldu-bittiye getirerek K\u0131br\u0131s T\u00fcrk\u2019\u00fcn\u00fcn ve T\u00fcrkiye Cumhuriyeti\u2019nin uluslararas\u0131 hukuk temelindeki me\u015fru hak ve \u00e7\u0131karlar\u0131n\u0131 g\u00f6rmezlikten gelme, yok sayma, hesaba katmama y\u00f6n\u00fcndeki t\u00fcm giri\u015fimleri, hesaplar\u0131 \u015fiddetle telin ediyor, bu y\u00f6nde siyaset y\u00fcr\u00fcten \u00e7evrelerin politikalar\u0131na her hal ve \u015fartta kar\u015f\u0131 oldu\u011fumuzu en a\u00e7\u0131k ifade ile ortaya koyuyoruz T\u00fcrkiye&#8217;nin Do\u011fu Akdeniz&#8217;deki hidrokarbon \u00e7al\u0131\u015fmalar\u0131n\u0131n &#8216;do\u011fru ve yerinde&#8217; bulundu\u011fu belirtilen a\u00e7\u0131klamada &#8220;T\u00fcrkiye\u2019nin ve KKTC\u2019nin, hi\u00e7bir bask\u0131ya boyun e\u011fmeksizin uluslararas\u0131 hukuktan kaynaklanan me\u015fru haklar\u0131n\u0131 koruyacak kudrete sahip oldu\u011fu bilinmelidir&#8221; \u015feklindeki ifadelere yer verildi.<\/p>\n<p>Cumhurba\u015fkan\u0131 Yard\u0131mc\u0131s\u0131 Fuat Oktay, yine Temmuz ay\u0131n\u0131n (2019) ikinci yar\u0131s\u0131ndaki Gemi Kurtaran R\u00f6mork\u00f6r\u00fc K\u0131br\u0131s T\u00fcrk K\u0131y\u0131 Emniyeti&#8217;ne G\u00f6revlendirilmesi T\u00f6reni&#8217;nde a\u00e7\u0131klamalarda bulundu. Seyir emniyetini art\u0131rma ve denizleri her t\u00fcrl\u00fc olumsuzluktan koruma kapasitesine sahip r\u00f6mork\u00f6r\u00fcn T\u00fcrk bayra\u011f\u0131yla Akdeniz&#8217;de hay\u0131rl\u0131 g\u00f6revler ifa edece\u011fini aktaran Oktay, &#8220;Bizim i\u00e7in her kar\u0131\u015f topra\u011f\u0131m\u0131z k\u0131ymetli oldu\u011fu kadar denizlerimizin her bir damlas\u0131 da k\u0131ymetli ve vazge\u00e7ilmezdir. Gemi Kurtaran R\u00f6mork\u00f6r\u00fc bug\u00fcnden itibaren Akdeniz&#8217;de olu\u015facak muhtemel deniz kazalar\u0131na m\u00fcdahale edecek ve deniz kirlili\u011finin \u00f6nlenmesine katk\u0131 sa\u011flayacakt\u0131r. B\u00f6lgemizde ya\u015fanan geli\u015fmeler ve deniz yetki alanlar\u0131nda son d\u00f6nemde h\u0131zla de\u011fi\u015fen g\u00fcvenlik denklemi, Deniz Kuvvetlerimizin cayd\u0131r\u0131c\u0131 g\u00fcc\u00fcn\u00fc daha ileri seviyelere ta\u015f\u0131mam\u0131z\u0131 gerekli k\u0131lm\u0131\u015ft\u0131r. Milli maksatlarla Do\u011fu Akdeniz&#8217;de bulunan ara\u015ft\u0131rma gemilerimize ve sondaj platformlar\u0131m\u0131za her t\u00fcrl\u00fc koruma, destek ve refakat faaliyetleri \u00e7elikten irademizle s\u00fcrd\u00fcr\u00fclmektedir. T\u00fcrk denizcileri, Ege&#8217;de ve Do\u011fu Akdeniz&#8217;de \u00fclkemizin ve KKTC&#8217;nin haklar\u0131n\u0131n g\u00fcvencesi, uluslararas\u0131 garanti ve ittifak antla\u015fmalar\u0131 kapsam\u0131nda bar\u0131\u015f ve g\u00fcvenli\u011fin teminat\u0131d\u0131r. T\u00fcrkiye olarak her zaman Do\u011fu Akdeniz&#8217;in bir bar\u0131\u015f denizi haline gelmesini, bunun i\u00e7in de do\u011fal kaynaklar\u0131n adil bir \u015fekilde \u00e7\u0131kart\u0131lmas\u0131 ve payla\u015f\u0131lmas\u0131 gerekti\u011fini her zaman savunduk, savunmaya da devam ediyoruz. T\u00fcrkiye&#8217;yi Antalya K\u00f6rfezi&#8217;yle s\u0131n\u0131rlamaya niyetlenenler bilmelidir ki k\u0131ta sahanl\u0131\u011f\u0131m\u0131zda arama ve \u00e7\u0131karma faaliyetlerimizi kararl\u0131l\u0131kla s\u00fcrd\u00fcrece\u011fiz. \u00dclkemiz hem kendi haklar\u0131n\u0131 hem de K\u0131br\u0131sl\u0131 T\u00fcrklerin haklar\u0131n\u0131 bundan \u00f6nce oldu\u011fu gibi bundan sonra da en g\u00fc\u00e7l\u00fc \u015fekilde korumaya devam edecektir.&#8221; \u015feklinde konu\u015ftu.<\/p>\n<p>Temmuz 2017 de Nikos Anastasiades ve Mustafa Ak\u0131nc\u0131\u2019n\u0131n o y\u0131l ger\u00e7ekle\u015fen Crans-Montana g\u00f6r\u00fc\u015fmeleri esnas\u0131nda kaleme ald\u0131\u011f\u0131m \u201cKibris M\u00fczakereleri Ekseninde, Do\u011fu Akdeniz\u2019de Enerji Boyutuna Baki\u015f\u201d ba\u015fl\u0131kl\u0131 makalemde 24 Temmuz 2014 \u2018te GKRY lideri Anastasiadis, m\u00fczakere masas\u0131n\u0131, asabi i tav\u0131rlar sergilemesinin ard\u0131ndan g\u00f6r\u00fc\u015fme hen\u00fcz bitmeden terk etti\u011fine ve ertesi g\u00fcn KKTC D\u0131\u015fi\u015fleri Bakan\u0131 \u00d6zdil Nami, \u2018Rum taraf\u0131n\u0131n tavr\u0131 nedeniyle m\u00fczakere s\u00fcrecinin t\u0131kand\u0131\u011f\u0131n\u0131\u2019 duyurmas\u0131ndan bahsetmi\u015ftim. Ne var ki \u00e7\u00f6z\u00fcm s\u00fcre\u00e7lerinde Annan Plan\u0131 dahil her nevi \u00e7\u00f6z\u00fcm\u00fc hie sayan rinsan zihni bazen bal\u0131k haf\u0131zal\u0131 olmaya meylediyor.<\/p>\n<p>\u0130\u00e7inde bulundu\u011fumuz 2019 y\u0131l\u0131 May\u0131s ay\u0131 sonunda Enerji Gazetesi temsilcisi ve k\u0131demli edit\u00f6r yazar\u0131\u00a0 olarak bizzat kat\u0131ld\u0131\u011f\u0131m 25. si \u201cEnerjide D\u00f6n\u00fc\u015f\u00fcm ve De\u011fi\u015fim\u201d temas\u0131yla \u0130stanbul Fuar Merkezi\u2019nde\u00a0 d\u00fczenlenen ICCI Uluslararas\u0131 Enerji ve \u00c7evre Fuar\u0131 ve Konferans\u0131 kapsam\u0131nda enerji sekt\u00f6r\u00fc temsilcileri ile bir araya gelen konuklardan biri de \u201cEnerji Tarihi ve Sava\u015flar\u0131\u201d ba\u015fl\u0131\u011f\u0131 alt\u0131nda Enerji ve Tabii Kaynaklar Bakan Dan\u0131\u015fman\u0131 Bar\u0131\u015f Sanl\u0131\u2019n\u0131n sorular\u0131n\u0131 yan\u0131tlayan\u00a0<a href=\"https:\/\/www.haberler.com\/dogu-akdeniz\/\">Do\u011fu Akdeniz<\/a>\u00a0ve K\u0131br\u0131s a\u00e7\u0131klar\u0131ndaki gaz yataklar\u0131ndan\u00a0<a href=\"https:\/\/www.haberler.com\/azerbaycan\/\">Azerbaycan<\/a>\u00a0ile enerji alan\u0131ndaki yak\u0131n ili\u015fkiye, n\u00fckleer enerjiden r\u00fczgar g\u00fcllerine kadar pek \u00e7ok farkl\u0131 konuya temas eden tarih\u00e7i ve yazar\u00a0Prof. Dr. \u0130lber Ortayl\u0131 idi. \u00d6zellikle Kuzey K\u0131br\u0131s\u2019\u0131n gaz yataklar\u0131 a\u00e7\u0131s\u0131ndan itinal\u0131 bir \u015fekilde de\u011ferlendirilmesi gerekti\u011fi uyar\u0131s\u0131nda bulunan Prof. Dr. Ortayl\u0131, \u201cAkdeniz&#8217;in en verimli b\u00f6l\u00fcm\u00fc Do\u011fu Akdeniz\u2019dir ve buran\u0131n nas\u0131l verimli bir b\u00f6lge oldu\u011funu bilmeden \u015fans\u0131m\u0131z\u0131 kendimiz yaratt\u0131k. Bu b\u00f6lgenin en verimli ovas\u0131 olan\u00a0<a href=\"https:\/\/www.haberler.com\/cukurova\/\">\u00c7ukurova<\/a>\u00a0ve b\u00f6lgesine tarih boyunca yat\u0131r\u0131mlar yap\u0131lm\u0131\u015f. 2 milyar dolar ihracat hacmi bulunmas\u0131na ra\u011fmen ne yaz\u0131k ki \u015fu an kullan\u0131lam\u0131yor. Tek \u015fans\u0131m\u0131z Kuzey K\u0131br\u0131s&#8217;\u0131n elde olmas\u0131. San\u0131yorum bu gaz yataklar\u0131 Kuzey K\u0131br\u0131s&#8217;a kadar uzanmakta. D\u00fcnya enerji mevzunda ham petrolden gaza do\u011fru y\u00f6nelmekte. \u015eu anda bu Katar&#8217;da var. Bu nedenle Katar&#8217;la ittifak i\u00e7inde bulunmam\u0131z \u00e7ok iyi. Do\u011fu Akdeniz bereketli bir b\u00f6lge ve buna sahip \u00e7\u0131kmam\u0131z laz\u0131m&#8221; \u015feklimde de\u011ferlendirmelerde bulunmu\u015ftu.<\/p>\n<h1><strong>Do\u011fu Akdeniz Gaz Forumu<\/strong><\/h1>\n<p>M\u0131s\u0131r Petrol ve Madencilik Bakanl\u0131\u011f\u0131&#8217;ndan yap\u0131lan yaz\u0131l\u0131 a\u00e7\u0131klamada,\u00a0DAGF&#8217;\u0131n\u00a02&#8217;nci Bakanl\u0131k Toplant\u0131s\u0131 \u0130srail, \u0130talya, Yunanistan, M\u0131s\u0131r,\u00a0G\u00fcney K\u0131br\u0131s Rum Y\u00f6netimi (GKRY) ve Filistin y\u00f6netiminin\u00a0Enerji\u00a0Bakanlar\u0131n\u0131n yan\u0131 s\u0131ra \u00dcrd\u00fcn\u00a0Enerji\u00a0Bakan\u0131 temsilcisinin kat\u0131l\u0131m\u0131yla Kahire&#8217;de ger\u00e7ekle\u015fti.\u00a0A\u00e7\u0131klamada, toplant\u0131ya\u00a0ABD\u00a0Enerji\u00a0Bakan\u0131 Rick Perry,\u00a0AB Komisyonu\u00a0Enerji\u00a0Genel M\u00fcd\u00fcr\u00fc Dominique Ristori ile Fransa ve D\u00fcnya Bankas\u0131ndan temsilcilerin de kat\u0131ld\u0131\u011f\u0131n\u0131n yan\u0131s\u0131ra T\u00fcrkiye&#8217;nin Do\u011fu Akdeniz&#8217;deki varl\u0131\u011f\u0131n\u0131 d\u0131\u015flayan grupta yer alan G\u00fcney K\u0131br\u0131s Rum Y\u00f6netimi Enerji Bakan\u0131 K\u0131br\u0131s gaz\u0131n\u0131n 2024-2025 y\u0131llar\u0131 aras\u0131nda M\u0131s\u0131r\u2019a ula\u015faca\u011f\u0131n\u0131 tahmin ettiklerini s\u00f6yledi\u011fi ifadelerine yer verildi. \u0130laveten, &#8220;Kat\u0131l\u0131mc\u0131lar, \u00fcyelerin do\u011fal kaynaklar\u0131ndaki haklar\u0131n\u0131n sayg\u0131nl\u0131\u011f\u0131 i\u00e7in forumu, uluslararas\u0131 hukuka uygun\u00a0uluslararas\u0131 bir \u00f6rg\u00fctlenme seviyesine y\u00fckseltme taahh\u00fcd\u00fcnde bulundu&#8221; ifadeleri kullan\u0131lan\u00a0a\u00e7\u0131klamada, bir sonraki toplant\u0131n\u0131n Ocak 2020&#8217;de Kahire&#8217;de yap\u0131lmas\u0131 kararla\u015ft\u0131r\u0131ld\u0131. M\u0131s\u0131r Petrol ve Madencilik Bakanl\u0131\u011f\u0131, ge\u00e7en ocak ay\u0131nda yapt\u0131\u011f\u0131 yaz\u0131l\u0131 a\u00e7\u0131klamada, Do\u011fu Akdeniz Gaz Forumu&#8217;nun kurulmas\u0131 i\u00e7in b\u00f6lgedeki 7 \u00fclkenin anla\u015fmaya vard\u0131\u011f\u0131n\u0131 duyurmu\u015ftu. M\u0131s\u0131r, GKRY, Yunanistan, \u0130srail, \u0130talya, \u00dcrd\u00fcn, Filistin&#8217;in i\u00e7inde yer alaca\u011f\u0131 forumun ana hedeflerinin, arz ve talebi sa\u011flayarak \u00fcye \u00fclkelerin \u00e7\u0131karlar\u0131na hizmet edecek b\u00f6lgesel bir gaz piyasas\u0131n\u0131n kurulmas\u0131 oldu\u011funa i\u015faret edilen a\u00e7\u0131klamada, Do\u011fu Akdeniz&#8217;deki \u00fcretici, t\u00fcketici ya da ge\u00e7i\u015f \u00fclkelerinden herhangi birinin foruma daha sonra da \u00fcye olabilece\u011fi vurgulanm\u0131\u015ft\u0131. Bu ara T\u00fcrkiye, M\u0131s\u0131r ile ikili ili\u015fkilerini geli\u015ftirerek, bir M\u00fcnhas\u0131r Ekonomik B\u00f6lge (MEB) s\u0131n\u0131rland\u0131rma anla\u015fmas\u0131 imzalamay\u0131 d\u0131\u015f politikada \u00f6ncelik olarak belirlemesinin nedeni T\u00fcrkiye\u2019ye g\u00f6re, s\u00f6z konusu MEB s\u0131n\u0131rland\u0131rma anla\u015fmas\u0131 imzalanmadan yap\u0131lan di\u011fer ikili anla\u015fmalar, uluslararas\u0131 hukuka ve onun temel prensiplerinden olan hakkaniyet ilkesine ayk\u0131r\u0131yd\u0131. Haziran ay\u0131nda (2019) &#8220;casusluk&#8221; su\u00e7lamas\u0131yla yarg\u0131land\u0131\u011f\u0131 mahkeme salonunda\u00a0 hayat\u0131n\u0131 kaybeden ve 6 y\u0131l \u00f6nce askeri darbeyle iktidardan uzakla\u015ft\u0131r\u0131lan Muhammed Mursi\u2019nin 2012&#8217;de \u00fclke tarihinde demokratik yollarla g\u00f6reve gelen ilk Cumhurba\u015fkan\u0131 olarak iktidara \u00a0gelmesiyle birlikte M\u0131s\u0131r-T\u00fcrkiye yak\u0131nla\u015fmas\u0131 ba\u015flad\u0131. Do\u011fu Akdeniz\u2019de her y\u0131l d\u00f6n\u00fc\u015f\u00fcml\u00fc olarak bir \u00fclkenin ev sahipli\u011finde yap\u0131lan deniz tatbikatlar\u0131 ile Yunanistan ve GKRY\u2019ne, b\u00f6lgede M\u0131s\u0131r-T\u00fcrkiye\u2019nin i\u00e7erisinde yer almad\u0131\u011f\u0131 bir olu\u015fumun sonuca ula\u015famayaca\u011f\u0131 mesaj\u0131 verilmeye \u00e7al\u0131\u015f\u0131ld\u0131. Ancak, 2013 y\u0131l\u0131nda 2012 y\u0131l\u0131ndan itibaren do\u011falgaz ithal etmeye ba\u015flam\u0131\u015f olan M\u0131s\u0131r\u2019da Sisi\u2019nin y\u00f6netimi devralmas\u0131yla \u00a0ikili ili\u015fkilerdeki iyimser bahar havas\u0131 yerini k\u0131\u015fa b\u0131rakmaya ba\u015flad\u0131 zira askeri ve diplomatik ili\u015fkiler ask\u0131ya al\u0131nm\u0131\u015ft\u0131. M\u0131s\u0131r do\u011falgaz ithal etmeye ba\u015flam\u0131\u015ft\u0131 ama \u00a02015 senesinde Zohr sahas\u0131nda bulunan 850 milyar metre k\u00fcp (bcm)\u2019lik do\u011falgaz rezervi, y\u0131ll\u0131k 30 bcm\u2019lik \u00fcretim kapasitesi ile O\u2019na uluslararas\u0131 bir akt\u00f6r olma \u015fans\u0131n\u0131 verdi. Y\u0131ll\u0131k \u00fcretim kapasitesi 19 bcm olan Idku ve Damietta LNG terminalleri tekrar faal hale geldi. 2018 senesinde \u00a0y\u00fcr\u00fcrl\u00fc\u011fe giren do\u011falgaz(DG) piyasas\u0131 d\u00fczenleme kanunu ile \u00f6zel sekt\u00f6re do\u011frudan gaz ithal etme yetkisi verilerek M\u0131s\u0131r&#8217;\u0131n DG da\u011f\u0131t\u0131m merkezi olma yolunda \u00f6nemli bir ad\u0131m at\u0131ld\u0131. Ve \u0130srail ile imzalanan 15 milyar dolarl\u0131k anla\u015fmaya g\u00f6re \u0130srail M\u0131s\u0131r\u2019a 10 y\u0131l s\u00fcre ile y\u0131ll\u0131k 7 bcm do\u011falgaz satacak; Gelecek gaz\u0131n bir k\u0131sm\u0131 i\u00e7 piyasada kullan\u0131lacak, kalan\u0131 ise LNG olarak ihra\u00e7 olarak edilecek. T\u00fcrkiye, Do\u011fu Akdeniz\u2019de daha evvelinden \u00a0M\u0131s\u0131r ile ya\u015fad\u0131\u011f\u0131 s\u00fcrecin bir benzerni de \u0130srail ile de ya\u015fam\u0131\u015ft\u0131. ABD-\u0130srail-T\u00fcrkiye aras\u0131nda askeri alanda ba\u015flat\u0131lan ve Do\u011fu Akdeniz\u2019de her y\u0131l yap\u0131lan \u201cReliant Mermaid -G\u00fcvenilir Deniz K\u0131z\u0131 Tatbikat\u0131\u201d ile \u015fekillenen yak\u0131n i\u015f birli\u011fi, Mavi Marmara olay\u0131n\u0131n ya\u015fand\u0131\u011f\u0131 2010 y\u0131l\u0131na kadar devam etti. \u0130srail i\u00e7in T\u00fcrkiye, 320 bcm kapasiteli Tamar ve 640 bcm kapasiteli Leviathan sahalar\u0131ndan \u00e7\u0131kar\u0131lacak do\u011falgaz i\u00e7in hem bir pazar hem de Avrupa piyasas\u0131na \u00e7\u0131k\u0131\u015f noktas\u0131 idi. Ancak iki \u00fclke aras\u0131ndaki diplomatik ve askeri ili\u015fkilerin ask\u0131ya al\u0131nmas\u0131 bu se\u00e7ene\u011fi zora soktu. \u0130srail, G\u00fcney K\u0131br\u0131s ile MEB s\u0131n\u0131rland\u0131rma anla\u015fmas\u0131 imzalad\u0131.<a href=\"#_edn1\" name=\"_ednref1\">[i]<\/a><\/p>\n<p>Y\u00fcksek vergiler, i\u015fsizlik gibi ekonomik sorunlar, g\u00f6\u00e7men ak\u0131n\u0131, y\u00fcksek vergiler, i\u015fsizlik ve Kuzey Makedonya krizinin de aralar\u0131nda bulundu\u011fu meselelerden \u00f6t\u00fcr\u00fc iktidar partisine tepkili se\u00e7menlerin de durumunun zorlad\u0131\u011f\u0131 istifa \u00e7a\u011fr\u0131lar\u0131na istinaden.\u00a0<em>Yunanistan<\/em>\u00a07 Temmuz&#8217;da (2019) Ba\u015fbakan Aleksis \u00c7ipras&#8217;\u0131n talebiyle\u00a0<em>erken genel<\/em>\u00a0se\u00e7ime gitti ve\u00a0<strong>iktidar de\u011fi\u015fti ve Yeni Demokrasi Partisi tek ba\u015f\u0131na iktidara geldi. \u00c7i\u00e7e\u011fi burnunda D\u0131\u015fi\u015fleri Bakan\u0131 Nikos Dendias \u00e7al\u0131\u015fmaya ba\u015flar ba\u015flamaz \u201cT\u00fcrkiye Do\u011fu Akdeniz\u2019in yaramaz \u00e7ocu\u011fu olmay\u0131 b\u0131rak\u0131p ciddi anlamda bir oyuncu olmal\u0131\u201d a\u00e7\u0131klamas\u0131nda bulunmas\u0131na\u00a0 kar\u015f\u0131lk \u00a0T\u00fcrkiye de \u015f\u00f6yle bir a\u00e7\u0131klama yapt\u0131: \u201cAvrupa\u2019n\u0131n \u015f\u0131mar\u0131k \u00e7ocu\u011fu\u2019 unvan\u0131 esasen Yunanistan\u2019a aittir. Avrupa\u2019n\u0131n yaramaz ,haylaz \u00e7ocu\u011fu ise, uluslararas\u0131 hukuka ayk\u0131r\u0131 bir \u015fekilde AB \u00fcyesi olan ve Yunanistan\u2019la birlikte y\u0131llard\u0131r Do\u011fu Akdeniz\u2019i istikrars\u0131zl\u0131\u011fa s\u00fcr\u00fckleyen G\u00fcney K\u0131br\u0131s Rum Y\u00f6netimidir.\u201d <\/strong><\/p>\n<h2><strong>AVRUPA B\u0130RL\u0130\u011e\u0130 (AB)<\/strong><\/h2>\n<p>Yukar\u0131da giri\u015f b\u00f6l\u00fcm\u00fcnde de\u011findi\u011fimiz Rum Fileleftheros gazetesi, Baf a\u00e7\u0131klar\u0131nda\u00a0g\u00f6rev yapan\u00a0Fatih sondaj gemisinin\u00a0170 milyar metrek\u00fcp do\u011falgaz rezervi ke\u015ffetti\u011fini \u00f6ne s\u00fcrmesi ve AB kaynaklar\u0131na dayand\u0131rarak servis etti\u011fi\u00a0 haberde, T\u00fcrkiye\u2019nin Do\u011fu Akdeniz\u2019de petrol ve do\u011falgaz sondaj \u00e7al\u0131\u015fmalar\u0131 y\u00fcr\u00fcten\u00a0Fatih sondaj gemisinin\u00a0Baf a\u00e7\u0131klar\u0131nda\u00a0170 milyar metrek\u00fcp do\u011falgaz rezervi ke\u015ffetti\u011finin kaleme al\u0131nmas\u0131na bianen \u00a0K\u0131br\u0131s Cumhuriyeti\u2019nin KKTC\u2019nin Akdeniz\u2019deki hidrokarbonun kullan\u0131m\u0131yla ilgili sundu\u011fu\u00a0<strong>\u2018do\u011falgaz komitesi\u2019<\/strong>\u00a0teklifini kabul etmedi\u011fini bildirildi\u011fi 16 Temmuz\u2019da Avrupa Birli\u011fi (AB) d\u0131\u015fi\u015fleri bakanlar\u0131n\u0131n kat\u0131l\u0131m\u0131yla Br\u00fcksel&#8217;de tertiplenen D\u0131\u015f \u0130li\u015fkiler Konseyi toplant\u0131s\u0131n\u0131n ard\u0131ndan yap\u0131lan yaz\u0131l\u0131 a\u00e7\u0131klamada, Do\u011fu Akdeniz&#8217;deki sondaj \u00e7al\u0131\u015fmalar\u0131na ili\u015fkin\u00a0 T\u00fcrkiye&#8217;ye kar\u015f\u0131 fon kesintisi, \u00fcst d\u00fczey toplant\u0131lar\u0131n \u015fimdilik yap\u0131lmamas\u0131 ve Avrupa Birli\u011fi&#8217;nin finans kurumu olan Avrupa Yat\u0131r\u0131m Bankas\u0131&#8217;n\u0131n T\u00fcrkiye&#8217;ye y\u00f6nelik mali yard\u0131m \u015fartlar\u0131n\u0131 yeniden g\u00f6zden ge\u00e7irmeye davet edilmesini i\u00e7eren yapt\u0131r\u0131mlar\u0131n onayland\u0131\u011f\u0131 bildirirken Enerji ve Tabii Kaynaklar Bakan\u0131 Fatih D\u00f6nmez\u2019de, Akdeniz\u2019deki arama ve sondaj faaliyetlerine &#8220;Fatih ve Yavuz Sondaj gemilerimiz ve Barbaros Hayreddin Pa\u015fa Sismik Arama gemimizle b\u00f6lgede s\u00fcrd\u00fcrd\u00fc\u011f\u00fcm\u00fcz faaliyetlerimize \u015fimdi d\u00f6rd\u00fcnc\u00fc gemimizi de d\u00e2hil ediyoruz.&#8221; \u015feklinde konu\u015farak\u00a0 ve A\u011fustos 2017\u2019den bu yana Karadeniz ve Marmara\u2019da sismik ara\u015ft\u0131rmalar\u0131n\u0131 s\u00fcrd\u00fcren MTA Oru\u00e7 Reis Sismik Ara\u015ft\u0131rma Gemimizi kastederek gemi say\u0131s\u0131n\u0131n 4\u2019e \u00e7\u0131kaca\u011f\u0131n\u0131 bildirmesi hususlar\u0131na dair baz\u0131 konulara hat\u0131rlatma yapmak a\u00e7\u0131s\u0131ndan KKTC Cumhurba\u015fkan\u0131 Mustafa Ak\u0131nc\u0131\u2019n\u0131n 16 Temmuzda\u00a0 a\u00e7\u0131klanan \u00f6nerisinde hidrokarbon konusunun gerginlik ve \u00e7at\u0131\u015fma alan\u0131 olmaktan \u00e7\u0131kar\u0131l\u0131p verimli bir i\u015fbirli\u011fi alan\u0131na d\u00f6n\u00fc\u015ft\u00fcr\u00fclmesinin ama\u00e7land\u0131\u011f\u0131 belirtilmi\u015fti.\u00a0\u00a0\u00a0 K\u0131br\u0131s Cumhuriyeti Cumhurba\u015fkan\u0131 Nicos Anastasiadis\u2019in m\u00fcste\u015far\u0131 Vassilis Palmas,\u00a0<strong>\u201cKuzey K\u0131br\u0131s T\u00fcrk Cumhuriyeti liderinin teklifi, K\u0131br\u0131s sorununun \u00f6z\u00fcnden ve uygulanabilir ve i\u015flevsel bir \u00e7\u00f6z\u00fcme y\u00f6nelik \u00f6nemli m\u00fczakerelerin derhal yeniden ba\u015flat\u0131lmas\u0131 ihtiyac\u0131ndan uzakla\u015ft\u0131rd\u0131\u011f\u0131 i\u00e7in kabul edilemez\u201d<\/strong>\u00a0dedi. D\u0131\u015fi\u015fleri Bakan\u0131 Mevl\u00fct \u00c7avu\u015fo\u011flu, KKTC\u2019nin sundu\u011fu i\u015fbirli\u011fi teklifinin kabul edilmemesi halinde ada etraf\u0131ndaki faaliyetlerin kararl\u0131l\u0131kla s\u00fcrd\u00fcr\u00fclece\u011fini s\u00f6ylemi\u015fti. \u00d6ncelikli hedefi, Avrupa Birli\u011fi&#8217;nin dengeli geli\u015fimine katk\u0131da bulunmak olan Avrupa Yat\u0131r\u0131m Bankas\u0131&#8217;n\u0131n temel g\u00f6revini olu\u015fturan alanlara bakt\u011f\u0131m\u0131zda, Trans-Avrupa ula\u015f\u0131m ve telekom\u00fcnikasyon a\u011flar\u0131n\u0131n geli\u015ftirilmesine, \u00e7evrenin korunmas\u0131na, enerji kaynaklar\u0131n\u0131n s\u00fcrd\u00fcr\u00fclebilirli\u011finin sa\u011flanmas\u0131na ve Avrupa sanayinin ve KOB\u0130&#8217;lerinin uluslararas\u0131 d\u00fczeyde rekabet g\u00fcc\u00fcn\u00fcn artt\u0131r\u0131lmas\u0131na y\u00f6nelik finansman kredisinin sa\u011flanmas\u0131n\u0131 g\u00f6rmekteyiz. \u0130laveten Banka ayr\u0131ca, Avrupa Birli\u011fi&#8217;ne \u00fcye olmayan \u00fc\u00e7\u00fcnc\u00fc devletlerdeki uygun projelerin kredi yoluyla desteklenmesi arac\u0131l\u0131\u011f\u0131yla Birli\u011fin \u00fcye olmayan devletlere y\u00f6nelik i\u015fbirli\u011fi politikalar\u0131n\u0131n hayata ge\u00e7irilmesine yard\u0131mc\u0131 olmaktad\u0131r.<a href=\"#_edn2\" name=\"_ednref2\">[ii]<\/a><\/p>\n<p>Bakan D\u00f6nmez a\u00e7\u0131klamas\u0131nda T\u00fcrkiye\u2019nin b\u00f6lgedeki egemenlik haklar\u0131n\u0131 yok sayacak her nevi giri\u015fime kar\u015f\u0131 gerekli tedbirleri almaya devam edeceklerini kaydederken \u201cT\u00fcrkiye, Do\u011fu Akdeniz\u2019deki arama ve sondaj faaliyetlerine ayn\u0131 azim ve kararl\u0131l\u0131kla devam ediyor. Hem kendi k\u0131ta sahanl\u0131\u011f\u0131m\u0131zda hem de KKTC\u2019nin T\u00fcrkiye Petrolleri\u2019ne verdi\u011fi ruhsat alanlar\u0131nda \u00e7al\u0131\u015fmalar\u0131m\u0131z\u0131 aral\u0131ks\u0131z s\u00fcrd\u00fcrece\u011fiz. Arama ve sondaj gemilerimiz b\u00f6lgedeki b\u00fct\u00fcn operasyonlar\u0131n\u0131 planland\u0131\u011f\u0131 \u015fekilde y\u00fcr\u00fct\u00fcyor ve y\u00fcr\u00fctmeye devam edecek. T\u00fcrkiye b\u00f6lgedeki kaynaklar\u0131 arama, \u00fcretme ve uluslararas\u0131 pazarlara iletme kabiliyet ve g\u00fcc\u00fcne sahiptir. A\u011fustos 2017\u2019den bu yana Karadeniz ve Marmara\u2019da sismik ara\u015ft\u0131rmalar\u0131n\u0131 s\u00fcrd\u00fcren MTA Oru\u00e7 Reis Sismik Ara\u015ft\u0131rma Gemimiz de Marmara&#8217;daki \u00e7al\u0131\u015fmalar\u0131n\u0131n hemen ard\u0131ndan Akdeniz\u2019deki sismik ara\u015ft\u0131rmalar\u0131n\u0131 yapmak \u00fczere b\u00f6lgeye g\u00f6nderilecek. \u00d6te yandan, T\u00fcrkiye\u2019nin b\u00f6lgedeki egemenlik haklar\u0131n\u0131 yok sayacak her t\u00fcrl\u00fc giri\u015fim kar\u015f\u0131s\u0131nda ilgili Bakanl\u0131klar\u0131m\u0131zla beraber koordinasyon i\u00e7erisinde gerekli tedbirleri almaya da devam edece\u011fiz\u201d \u015feklinde ifadelerde bulunmu\u015ftu.<\/p>\n<p>TPAO\u2019n\u0131n ilk sondaj gemisi G\u00fcney Kore yap\u0131m\u0131 Deepsea Metro-2 isimli gemi, 2018 y\u0131l\u0131 ba\u015f\u0131nda T\u00fcrkiye\u2019ye ula\u015fm\u0131\u015ft\u0131. Fatih ad\u0131 verilen gemi sondaj \u00e7al\u0131\u015fmalar\u0131na Antalya&#8217;n\u0131n Alanya il\u00e7esi a\u00e7\u0131klar\u0131nda ba\u015flam\u0131\u015f ve ard\u0131ndan Akdeniz\u2019e g\u00f6nderilmi\u015fti. Mevcut durumda K\u0131br\u0131s sular\u0131nda ikinci sondaj\u0131na Finike-1 ald\u0131 sahada devam eden Fatih Sondaj Gemisi\u2019nin Temmuz sonu gibi hedeflenen derinli\u011fe ula\u015farak \u00e7al\u0131\u015fmas\u0131n\u0131 tamamlamas\u0131 beklenmekteydi.<\/p>\n<p>G\u00fcney K\u0131br\u0131s Rum Y\u00f6netimi ile Yunanistan\u2019\u0131n yabanc\u0131 dev enerji \u015firketleriyle birlikte Do\u011fu Akdeniz\u2019deki hamlelerine Ankara, KKTC\u2019den y\u00fckselen tepkilere sessiz kalan Avrupa Birli\u011fi (AB), T\u00fcrkiye\u2019nin de b\u00f6lgede sondaj faaliyetlerine ba\u015flamas\u0131na y\u00f6nelik kar\u015f\u0131 s\u00f6yleminde yapt\u0131r\u0131m tehdidini masada tutuyor.T\u00fcrkiye\u2019nin K\u0131br\u0131s a\u00e7\u0131klar\u0131ndaki petrol-do\u011falgaz arama\/sondaj faaliyetlerini \u201cyasad\u0131\u015f\u0131, G\u00fcney K\u0131br\u0131s\u2019\u0131n egemenli\u011finin ihlali\u201d olarak niteleyen AB cephesinin yapt\u0131r\u0131mlar\u0131 i\u00e7eren tasla\u011f\u0131 d\u00fcn itibar\u0131yla g\u00f6r\u00fc\u015fmeye a\u00e7t\u0131\u011f\u0131, nihai karar\u0131n\u0131 gelecek pazartesi g\u00fcn\u00fc birlik \u00fcyesi \u00fclkelerin d\u0131\u015fi\u015fleri bakanlar\u0131 toplant\u0131s\u0131nda verebilece\u011fine i\u015faret ediliyor.<\/p>\n<p>Reuters ajans\u0131n\u0131n haberinde taslak metinde, sondaj faaliyetlerinden vazge\u00e7ilmemesi halinde T\u00fcrkiye ile AB aras\u0131nda y\u00fcr\u00fct\u00fclen Kapsaml\u0131 Hava Ta\u015f\u0131mac\u0131l\u0131k Anla\u015fmas\u0131 m\u00fczakerelerinin durdurulmas\u0131, Ankara ile \u00fcst d\u00fczey temaslar\u0131n ask\u0131ya al\u0131nmas\u0131n\u0131n da yer ald\u0131\u011f\u0131 iddia edildi.<\/p>\n<p>T\u00fcm bunlar oladursun 17 Temmuz da Do\u011fu Akdeniz i\u00e7in T\u00fcrkiye&#8217;den yeni hamle! ba\u015fl\u0131klar\u0131 ile T\u00fcrkiye, Azerbaycan, Romanya\u2019y\u0131 kastederek 3 \u00fclke g\u00fc\u00e7lerini birle\u015ftiriyor \u015feklinde man\u015fetleriyle dikkat \u00e7eken ana ak\u0131m medya T\u00fcrkiye\u2019den k\u0131ta Avrupa\u2019s\u0131nda olas\u0131 yeni i\u015f birliklerine ve giri\u015fimlere i\u015faret ediyorlar ve bu ba\u011flamda &#8220;Uluslararas\u0131 Enerji Ekonomisi Birli\u011fi\u2019nin Romanya\u2019da d\u00fczenleyece\u011fi enerji konferans\u0131nda T\u00fcrkiye ve Azerbaycan etkisi dikkati \u00e7ekiyor. Buna g\u00f6re T\u00fcrkiye ve Azerbaycan\u2019\u0131n diyalo\u011fu, Romanya ile geli\u015ftirilecek s\u00fcre\u00e7te de etkin olabilir ve bu \u00fc\u00e7 \u00fclke yak\u0131n d\u00f6nemde \u00e7ok \u00f6nemli icraatlara birlikte imza atabilir\u201d \u015feklinde haberleri yay\u0131n organlar\u0131na ta\u015f\u0131yorlard\u0131.<\/p>\n<p>K\u0131sa ad\u0131 EED olan Enerji Ekonomisi Derne\u011fi Ba\u015fkan\u0131, Bo\u011fazi\u00e7i \u00dcniversitesi \u00d6\u011fretim \u00dcyesi Prof. Dr. G\u00fcrkan Kumbaro\u011flu ise T\u00fcrkiye&#8217;nin birlikle ya\u015fad\u0131\u011f\u0131 s\u0131k\u0131nt\u0131lar\u0131 proaktif bir siyaset y\u00fcr\u00fcterek, ikili diyaloglarla a\u015fabilece\u011finin alt\u0131n\u0131 \u00e7izerken ve konuya ili\u015fkin Uluslararas\u0131 Enerji Ekonomisi Birli\u011fi&#8217;nin (IAEE) Romanya&#8217;da d\u00fczenleyece\u011fi G\u00fcneydo\u011fu Avrupa Konferans\u0131&#8217;n\u0131n bu s\u00fcre\u00e7 i\u00e7in &#8216;anahtar rol&#8217; \u00fcstlenebilece\u011fini kaydetti\u011fi konu\u015fmas\u0131nda Kumbaro\u011flu, &#8220;Romanya&#8217;da b\u00f6yle bir etkinlik d\u00fczenlenmesi \u00e7ok \u00f6nemli. T\u00fcrkiye&#8217;nin AB ile s\u0131k\u0131nt\u0131lar ya\u015fad\u0131\u011f\u0131 bir s\u00fcre\u00e7te AB D\u00f6nem Ba\u015fkan\u0131 Romanya&#8217;da at\u0131lacak ad\u0131mlar \u00fclkemizin i\u015fbirlik\u00e7i yakla\u015f\u0131m\u0131 i\u00e7in kritik bir viraj\u0131n d\u00f6n\u00fclmesini beraberinde getirebilir. Bu konferansta &#8216;enerji birli\u011fi&#8217; ve yeni teknolojiler masaya yat\u0131r\u0131lacak. Romanya Parlamentosu Enerji Komisyonu Ba\u015fkan\u0131 Iulian Iancu, Enerji Bakanl\u0131\u011f\u0131 M\u00fcste\u015far\u0131 Doru Visan, N\u00fckleer Enerji Ajans\u0131 Ba\u015fkan\u0131 Horia Grama, Eski Enerji Bakan\u0131 Victor Grigorescu gibi kamudan ve \u00f6zel sekt\u00f6rden bir\u00e7ok tan\u0131nm\u0131\u015f ismin konu\u015fmac\u0131 oldu\u011fu konferans 5-6 Eyl\u00fcl 2019 tarihlerinde B\u00fckre\u015f&#8217;te ger\u00e7ekle\u015ftirilecek\u201d ifadelerine yer veriyordu. <a href=\"#_edn3\" name=\"_ednref3\">[iii]<\/a><\/p>\n<p><a href=\"https:\/\/boun.academia.edu\/CigdemYorgancoglu\">https:\/\/boun.academia.edu\/CigdemYorgancoglu\u00a0<\/a>adresinde \u201c KIBRIS M\u00dcZAKERELER\u0130 EKSEN\u0130NDE, DO\u011eU AKDEN\u0130Z\u2019DE ENERJ\u0130 BOYUTUNA BAKI\u015e \u201cYavru Vatanda Kuvvet \u00c7arpan\u0131 Enerji\u201d By \u00c7i\u011fdem Yorganc\u0131o\u011flu\u201d adresinden eri\u015filebilir.<\/p>\n<h2><strong>Gemi Kurtaran R\u00f6mork\u00f6r\u00fc KKTC G\u00f6revlendirme T\u00f6reni\u00a0<\/strong><\/h2>\n<p>21 Temmuzda (2019) Anaak\u0131m medya, KKTC Ba\u015fbakan\u0131\u00a0<a href=\"https:\/\/www.haberler.com\/ersin-tatar\/\"><strong>Ersin Tatar<\/strong><\/a>, Gemi Kurtaran R\u00f6mork\u00f6r\u00fc\u00a0<a href=\"https:\/\/www.haberler.com\/kibris\/\"><strong>K\u0131br\u0131s<\/strong><\/a>\u00a0T\u00fcrk K\u0131y\u0131 Emniyeti&#8217;ne G\u00f6revlendirilmesi T\u00f6reni&#8217;nde konu\u015fmas\u0131na ve\u00a0\u00a0\u00a0 Cumhurba\u015fkan\u0131 Yard\u0131mc\u0131s\u0131 Fuat Oktay\u2019\u0131n a\u00e7\u0131klamalar\u0131na dikkat \u00e7ekti. Oktay, &#8220;<a href=\"https:\/\/www.ahaber.com.tr\/index\/turkiye\">T\u00fcrkiye<\/a>&#8216;yi Antalya K\u00f6rfezi&#8217;yle s\u0131n\u0131rlamaya niyetlenenler bilmelidir ki k\u0131ta sahanl\u0131\u011f\u0131m\u0131zda arama ve \u00e7\u0131karma faaliyetlerimizi kararl\u0131l\u0131kla s\u00fcrd\u00fcrece\u011fiz.&#8221; \u015eeklinde konu\u015fmaktayd\u0131 ve s\u00f6zkonusu Gemi Kurtaran R\u00f6mork\u00f6r\u00fc K\u0131br\u0131s T\u00fcrk K\u0131y\u0131 Emniyeti&#8217;ne G\u00f6revlendirilmesi T\u00f6reni&#8217;nde yapt\u0131\u011f\u0131 ve <a href=\"https:\/\/www.ahaber.com.tr\/index\/turkiye\">T\u00fcrkiye<\/a>&#8216;nin karasular\u0131nda ve uluslararas\u0131 sularda yard\u0131m \u00e7a\u011fr\u0131s\u0131nda bulunan her bir deniz ta\u015f\u0131t\u0131na zaman kaybetmeden ve milliyet fark\u0131 g\u00f6zetmeksizin yard\u0131mda bulunan K\u0131y\u0131 Emniyeti ekiplerine \u015f\u00fckranlar\u0131n\u0131 sundu\u011fu \u00a0konu\u015fmada, r\u00f6mork\u00f6r\u00fcn\u00a0<a href=\"https:\/\/www.ahaber.com.tr\/index\/kktc\">KKTC<\/a>&#8216;ye hay\u0131rl\u0131 olmas\u0131n\u0131 dilemekteydi. Konu\u015fmas\u0131nda \u201cSeyir emniyetini art\u0131rma ve denizleri her t\u00fcrl\u00fc olumsuzluktan koruma kapasitesine sahip r\u00f6mork\u00f6r\u00fcn T\u00fcrk bayra\u011f\u0131yla Akdeniz&#8217;de hay\u0131rl\u0131 g\u00f6revler ifa edece\u011fini aktaran Oktay, &#8220;Bizim i\u00e7in her kar\u0131\u015f topra\u011f\u0131m\u0131z k\u0131ymetli oldu\u011fu kadar denizlerimizin her bir damlas\u0131 da k\u0131ymetli ve vazge\u00e7ilmezdir. Gemi Kurtaran R\u00f6mork\u00f6r\u00fc bug\u00fcnden itibaren Akdeniz&#8217;de olu\u015facak muhtemel deniz kazalar\u0131na m\u00fcdahale edecek ve deniz kirlili\u011finin \u00f6nlenmesine katk\u0131 sa\u011flayacakt\u0131r.&#8221; ifadelerini kullanmaktayd\u0131.<\/p>\n<p><span style=\"text-decoration: underline;\">Sonu\u00e7 olarak;<\/span> her an bir \u00e7at\u0131\u015fma sahas\u0131na d\u00f6n\u00fc\u015fmesi endi\u015fesi ta\u015f\u0131nan mezkur b\u00f6lgede yani Do\u011fu Akdeniz\u2019de yak\u0131n d\u00f6nem geli\u015fmeler kar\u015f\u0131s\u0131nda T\u00fcrkiye\u2019nin mezkur b\u00f6lgedeki egemenlik haklar\u0131n\u0131 hi\u00e7e sayan mentalite ve her nevi giri\u015fime kar\u015f\u0131 gerekli tedbirler s\u00fcrerken T\u00fcrkiye, Do\u011fu Akdeniz\u2019de kendi k\u0131ta sahanl\u0131\u011f\u0131m\u0131zda hem de KKTC\u2019nin T\u00fcrkiye Petrolleri\u2019ne verdi\u011fi ruhsat alanlar\u0131nda arama ve sondaj faaliyetlerine kesintisiz \u015fekilde s\u00fcrd\u00fcrmek konusunda da azim ve kararl\u0131l\u011f\u0131na devam edecektir. B\u00f6lgede T\u00fcrkiye\u2019nin yaln\u0131zla\u015ft\u0131r\u0131lmas\u0131na y\u00f6nelik her t\u00fcrl\u00fc \u00e7abay\u0131 da sonu\u00e7suz b\u0131rakabilecek dirayetini s\u00fcrd\u00fcrme konusunda da benzer bir azim ve kararl\u0131l\u0131kta olmay\u0131 benimseyen T\u00fcrkiye i\u00e7in, bu k\u0131yas\u0131ya rekabet zemininde aya\u011f\u0131n\u0131 kayd\u0131rma azmindeki haks\u0131z her nevi i\u015fbirlikteli\u011finin gayretlerinin sonu\u00e7suz kalmas\u0131 ise temennimiz&#8230;<\/p>\n<p><strong>\u00c7i\u011fdem Yorganc\u0131o\u011flu\u00a0<\/strong>\u2013 Energy Contracts Expert \/ Forensic Person \/ \u2018Enerji Gazetesi\u2019 Author \u2013\u00a0<a href=\"mailto:cigdem.yorgancioglu@enerjigazetesi.ist\" target=\"_blank\" rel=\"noopener\">cigdem.yorgancioglu@enerjigazetesi.ist<\/a>\u00a0\u2013\u00a0<a href=\"http:\/\/www.cigdemyorgancioglu.org\/\" target=\"_blank\" rel=\"noopener\">http:\/\/www.cigdemyorgancioglu.org\/<\/a><\/p>\n<p><a href=\"#_ednref1\" name=\"_edn1\">[i]<\/a> <strong>Navaltoday.com&#8212; Israel-hosted exercise Reliant Mermaid 2018 comes to an end<\/strong><strong>&#8211;<\/strong><strong>Sailors aboard the US Navy\u2019s Arleigh Burke-class guided-missile destroyer USS Carney (DDG 64) concluded participation in exercise Reliant Mermaid 2018, a maritime search and rescue and anti-terrorism force protection exercise on August 8, 2018.<\/strong><\/p>\n<p><strong>Navaltoday.com&#8212; Israel-hosted exercise Reliant Mermaid 2018 comes to an end<\/strong><strong>&#8211;<\/strong><strong>Sailors aboard the US Navy\u2019s Arleigh Burke-class guided-missile destroyer USS Carney (DDG 64) concluded participation in exercise Reliant Mermaid 2018, a maritime search and rescue and anti-terrorism force protection exercise on August 8, 2018.<\/strong><\/p>\n<p><strong>Kaynak\u00e7a:<\/strong><\/p>\n<p><a href=\"https:\/\/navaltoday.com\/2018\/08\/14\/military-drill-reliant-mermaid-2018-comes-to-an-end\/\">https:\/\/navaltoday.com\/2018\/08\/14\/military-drill-reliant-mermaid-2018-comes-to-an-end\/<\/a><\/p>\n<p>[1]<a href=\"https:\/\/www.eib.org\/en\/index.htm\">\u00a0https:\/\/www.eib.org\/en\/index.htm<\/a><\/p>\n<p>[1] <a href=\"https:\/\/www.takvim.com.tr\/ekonomi\/2019\/07\/17\/dogu-akdeniz-icin-turkiyeden-yeni-hamle-3-ulke-guclerini-birlestiriyor\">.<\/a>\u00c7i\u011fdem YORGANCIO\u011eLU\u00a0\u00a0\u00a0 <a href=\"http:\/\/www.cigdemyorgancioglu.org\/article\/115\/kibris-muzakereleri-ekseninde-dogu-akdenizde-enerji-boyutuna-bakis\">http:\/\/www.cigdemyorgancioglu.org\/article\/115\/kibris-muzakereleri-ekseninde-dogu-akdenizde-enerji-boyutuna-bakis<\/a><\/p>","protected":false},"excerpt":{"rendered":"<p>Sorry, this entry is only available in Turkish. For the sake of viewer convenience, the content is shown below in the alternative language. You may click the link to switch the active language. U\u00e7 (ekstrem) s\u0131cak hava dalgas\u0131 Avrupa\u2019da pek \u00e7ok \u00fclkeyi etkisi alt\u0131na al\u0131rken mevsim normallerinin \u00fczerinde seyreden bir co\u011frafyada Do\u011fu Akdeniz\u2019de sular kayn\u0131yor [&hellip;]<\/p>\n","protected":false},"author":1,"featured_media":97647,"comment_status":"open","ping_status":"open","sticky":false,"template":"","format":"standard","meta":[],"categories":[46,53,44],"tags":[1198,55497,55496,53508,7349,55493,55504,418,50112,47207,3885,55508,52259,55492,1541,27530,55502,3649,55506,55494,18787,55499,55498,3997,55500,55495,44817,55509,48288,55511,55507,81,53149,3331,55503,55501,29173,55505,55510],"views":960,"_links":{"self":[{"href":"https:\/\/www.enerjigazetesi.ist\/en\/wp-json\/wp\/v2\/posts\/97643"}],"collection":[{"href":"https:\/\/www.enerjigazetesi.ist\/en\/wp-json\/wp\/v2\/posts"}],"about":[{"href":"https:\/\/www.enerjigazetesi.ist\/en\/wp-json\/wp\/v2\/types\/post"}],"author":[{"embeddable":true,"href":"https:\/\/www.enerjigazetesi.ist\/en\/wp-json\/wp\/v2\/users\/1"}],"replies":[{"embeddable":true,"href":"https:\/\/www.enerjigazetesi.ist\/en\/wp-json\/wp\/v2\/comments?post=97643"}],"version-history":[{"count":0,"href":"https:\/\/www.enerjigazetesi.ist\/en\/wp-json\/wp\/v2\/posts\/97643\/revisions"}],"wp:featuredmedia":[{"embeddable":true,"href":"https:\/\/www.enerjigazetesi.ist\/en\/wp-json\/wp\/v2\/media\/97647"}],"wp:attachment":[{"href":"https:\/\/www.enerjigazetesi.ist\/en\/wp-json\/wp\/v2\/media?parent=97643"}],"wp:term":[{"taxonomy":"category","embeddable":true,"href":"https:\/\/www.enerjigazetesi.ist\/en\/wp-json\/wp\/v2\/categories?post=97643"},{"taxonomy":"post_tag","embeddable":true,"href":"https:\/\/www.enerjigazetesi.ist\/en\/wp-json\/wp\/v2\/tags?post=97643"}],"curies":[{"name":"wp","href":"https:\/\/api.w.org\/{rel}","templated":true}]}}